{"id":31919,"date":"2026-08-30T19:30:55","date_gmt":"2026-08-30T22:30:55","guid":{"rendered":"https:\/\/acontecenafronteira.com.br\/?p=31919"},"modified":"2026-08-30T19:30:55","modified_gmt":"2026-08-30T22:30:55","slug":"lito-sousa-e-esposa-lutam-contra-doenca-rara-e-buscam-cura","status":"publish","type":"post","link":"https:\/\/acontecenafronteira.com.br\/index.php\/2026\/08\/30\/lito-sousa-e-esposa-lutam-contra-doenca-rara-e-buscam-cura\/","title":{"rendered":"Lito Sousa e esposa lutam contra doen\u00e7a rara e buscam cura"},"content":{"rendered":"<p>Lito Sousa e esposa lutam contra doen\u00e7a rara e buscam cura Esposa de Lito Sousa n\u00e3o poupa esfor\u00e7os na busca por tratamento para a doen\u00e7a degenerativa rara enfrentada pelo influenciador digital. A esposa do criador de conte\u00fado digital Lito Sousa, Mila, declarou publicamente que n\u00e3o vai medir esfor\u00e7os nem descansar enquanto n\u00e3o encontrar uma alternativa m\u00e9dica para o marido, que foi diagnosticado com uma condi\u00e7\u00e3o degenerativa rara. <\/p>\n<h2>A luta contra a doen\u00e7a de Creutzfeldt-Jakob<\/h2>\n<p> O influenciador, conhecido por comandar o canal Avi\u00f5es e M\u00fasicas, recebeu o diagn\u00f3stico da doen\u00e7a de Creutzfeldt-Jakob \u2014 uma enfermidade agressiva e incomum \u2014 enquanto realizava exames e procedimentos para tratar um c\u00e2ncer de pr\u00f3stata. Em entrevista recente, Mila explicou que a condi\u00e7\u00e3o costuma iniciar com um quadro de dem\u00eancia e, posteriormente, evolui rapidamente para perdas motoras severas, destacando a gravidade do cen\u00e1rio enfrentado pela fam\u00edlia em um hospital em S\u00e3o Paulo. Diante do progn\u00f3stico desafiador, o m\u00e9dico respons\u00e1vel chegou a orientar os familiares a aproveitarem o tempo juntos antes que os sintomas se agravassem. No entanto, o casal iniciou uma verdadeira corrida contra o tempo atr\u00e1s de estudos cl\u00ednicos e tratamentos experimentais, contando recentemente com o suporte de \u00f3rg\u00e3os governamentais como o Itamaraty e o Minist\u00e9rio da Sa\u00fade. <\/p>\n<h2>Mensagem de otimismo aos seguidores<\/h2>\n<p> Internado h\u00e1 cerca de 20 dias, Lito Sousa recorreu \u00e0s redes sociais para tranquilizar os admiradores e agradecer o apoio incondicional da esposa, a quem descreveu com bom humor como algu\u00e9m que &#8220;n\u00e3o larga o osso&#8221;. Com confian\u00e7a na voz, o influenciador celebrou a marca recente de quatro milh\u00f5es de inscritos em seu canal e afirmou acreditar na pr\u00f3pria recupera\u00e7\u00e3o. O famoso declarou estar convicto de que far\u00e1 hist\u00f3ria ao ser um dos primeiros no mundo a controlar a enfermidade, mencionando inclusive a expectativa por uma reviravolta surpreendente. Para ele, a paci\u00eancia \u00e9 necess\u00e1ria, mas h\u00e1 uma forte convic\u00e7\u00e3o de que ser\u00e1 poss\u00edvel testemunhar um milagre em breve, mantendo a esperan\u00e7a viva mesmo diante de um diagn\u00f3stico t\u00e3o complexo. Por Reda\u00e7\u00e3o Acontece Reprodu\u00e7\u00e3o\/Record \/ Reprodu\u00e7\u00e3o\/Instagram<\/p>\n","protected":false},"excerpt":{"rendered":"<p>Lito Sousa e esposa lutam contra doen\u00e7a rara e buscam cura Esposa de Lito Sousa n\u00e3o poupa esfor\u00e7os na busca por tratamento para a doen\u00e7a degenerativa rara enfrentada pelo influenciador digital. A esposa do criador de conte\u00fado digital Lito Sousa, Mila, declarou publicamente que n\u00e3o vai medir esfor\u00e7os nem descansar enquanto n\u00e3o encontrar uma alternativa [&hellip;]<\/p>\n","protected":false},"author":2,"featured_media":31925,"comment_status":"open","ping_status":"open","sticky":false,"template":"","format":"standard","meta":{"footnotes":""},"categories":[6],"tags":[],"class_list":["post-31919","post","type-post","status-publish","format-standard","has-post-thumbnail","hentry","category-mercosul"],"_links":{"self":[{"href":"https:\/\/acontecenafronteira.com.br\/index.php\/wp-json\/wp\/v2\/posts\/31919","targetHints":{"allow":["GET"]}}],"collection":[{"href":"https:\/\/acontecenafronteira.com.br\/index.php\/wp-json\/wp\/v2\/posts"}],"about":[{"href":"https:\/\/acontecenafronteira.com.br\/index.php\/wp-json\/wp\/v2\/types\/post"}],"author":[{"embeddable":true,"href":"https:\/\/acontecenafronteira.com.br\/index.php\/wp-json\/wp\/v2\/users\/2"}],"replies":[{"embeddable":true,"href":"https:\/\/acontecenafronteira.com.br\/index.php\/wp-json\/wp\/v2\/comments?post=31919"}],"version-history":[{"count":1,"href":"https:\/\/acontecenafronteira.com.br\/index.php\/wp-json\/wp\/v2\/posts\/31919\/revisions"}],"predecessor-version":[{"id":31924,"href":"https:\/\/acontecenafronteira.com.br\/index.php\/wp-json\/wp\/v2\/posts\/31919\/revisions\/31924"}],"wp:featuredmedia":[{"embeddable":true,"href":"https:\/\/acontecenafronteira.com.br\/index.php\/wp-json\/wp\/v2\/media\/31925"}],"wp:attachment":[{"href":"https:\/\/acontecenafronteira.com.br\/index.php\/wp-json\/wp\/v2\/media?parent=31919"}],"wp:term":[{"taxonomy":"category","embeddable":true,"href":"https:\/\/acontecenafronteira.com.br\/index.php\/wp-json\/wp\/v2\/categories?post=31919"},{"taxonomy":"post_tag","embeddable":true,"href":"https:\/\/acontecenafronteira.com.br\/index.php\/wp-json\/wp\/v2\/tags?post=31919"}],"curies":[{"name":"wp","href":"https:\/\/api.w.org\/{rel}","templated":true}]}}