{"id":31918,"date":"2026-08-30T19:30:50","date_gmt":"2026-08-30T22:30:50","guid":{"rendered":"https:\/\/acontecenafronteira.com.br\/?p=31918"},"modified":"2026-08-30T19:30:50","modified_gmt":"2026-08-30T22:30:50","slug":"calor-no-df-distrito-federal-bate-recorde-de-temperatura","status":"publish","type":"post","link":"https:\/\/acontecenafronteira.com.br\/index.php\/2026\/08\/30\/calor-no-df-distrito-federal-bate-recorde-de-temperatura\/","title":{"rendered":"Calor no DF: Distrito Federal bate recorde de temperatura"},"content":{"rendered":"<p>O <strong>Distrito Federal<\/strong> registrou uma tarde hist\u00f3rica neste domingo (30\/8), alcan\u00e7ando o novo recorde de calor do ano. De acordo com dados do <strong>Instituto Nacional de Meteorologia (Inmet)<\/strong>, os term\u00f4metros chegaram a 35,1\u00b0C na esta\u00e7\u00e3o meteorol\u00f3gica da Ponte Alta, localizada na regi\u00e3o administrativa do Gama, por volta das 19h.<\/p>\n<h2>Supera\u00e7\u00e3o de marcas anteriores<\/h2>\n<p>A nova m\u00e1xima superou o recorde estabelecido apenas um dia antes, no s\u00e1bado (29\/8), quando a mesma esta\u00e7\u00e3o havia marcado 34,6\u00b0C.<\/p>\n<p>Fen\u00f4meno semelhante foi observado em outras regi\u00f5es do territ\u00f3rio candango. A esta\u00e7\u00e3o de \u00c1guas Emendadas, em Planaltina, registrou 34,8\u00baC entre 17h e 18h deste domingo, batendo os 33,7\u00baC da v\u00e9spera. J\u00e1 a esta\u00e7\u00e3o meteorol\u00f3gica oficial de Bras\u00edlia alcan\u00e7ou um pico de 33\u00baC no final da tarde, por volta das 18h.<\/p>\n<h2>Previs\u00e3o do tempo e baixa umidade<\/h2>\n<p>Para esta segunda-feira (31\/8), a meteorologia indica a continuidade das altas temperaturas, com m\u00e1xima estimada em 32\u00baC e umidade cr\u00edtica de 20%. A onda de calor intenso deve persistir na regi\u00e3o pelo menos at\u00e9 a pr\u00f3xima quarta-feira (2\/9), com os term\u00f4metros ultrapassando a marca de 33\u00baC.<\/p>\n<p>Al\u00e9m do forte calor, o <strong>Distrito Federal<\/strong> permaneceu sob alerta laranja devido \u00e0 <strong>baixa umidade relativa do ar<\/strong>, com \u00edndices oscilando entre perigosos 20% e 12%.<\/p>\n<h2>Cuidados recomendados pelas autoridades<\/h2>\n<p>O <strong>Inmet<\/strong> adverte para os riscos associados ao tempo seco, que incluem probabilidade de inc\u00eandios florestais e danos \u00e0 sa\u00fade humana, a exemplo de ressecamento cut\u00e2neo e irrita\u00e7\u00e3o nos olhos, nariz e garganta.<\/p>\n<p>Entre as principais recomenda\u00e7\u00f5es para a popula\u00e7\u00e3o est\u00e3o a hidrata\u00e7\u00e3o constante, a suspens\u00e3o de exerc\u00edcios f\u00edsicos nos per\u00edodos de maior insola\u00e7\u00e3o e a limita\u00e7\u00e3o da exposi\u00e7\u00e3o direta aos raios solares.<\/p>\n<p>Em situa\u00e7\u00f5es de emerg\u00eancia, a comunidade pode acionar a Defesa Civil atrav\u00e9s do n\u00famero 199 ou o Corpo de Bombeiros Militar do Distrito Federal pelo telefone 193.<\/p>\n<p>Por Reda\u00e7\u00e3o Acontece<\/p>\n<p>Foto: Reprodu\u00e7\u00e3o \/ Ag\u00eancia Bras\u00edlia<\/p>\n","protected":false},"excerpt":{"rendered":"<p>O Distrito Federal registrou uma tarde hist\u00f3rica neste domingo (30\/8), alcan\u00e7ando o novo recorde de calor do ano. De acordo com dados do Instituto Nacional de Meteorologia (Inmet), os term\u00f4metros chegaram a 35,1\u00b0C na esta\u00e7\u00e3o meteorol\u00f3gica da Ponte Alta, localizada na regi\u00e3o administrativa do Gama, por volta das 19h. Supera\u00e7\u00e3o de marcas anteriores A nova [&hellip;]<\/p>\n","protected":false},"author":2,"featured_media":31923,"comment_status":"open","ping_status":"open","sticky":false,"template":"","format":"standard","meta":{"footnotes":""},"categories":[6],"tags":[],"class_list":["post-31918","post","type-post","status-publish","format-standard","has-post-thumbnail","hentry","category-mercosul"],"_links":{"self":[{"href":"https:\/\/acontecenafronteira.com.br\/index.php\/wp-json\/wp\/v2\/posts\/31918","targetHints":{"allow":["GET"]}}],"collection":[{"href":"https:\/\/acontecenafronteira.com.br\/index.php\/wp-json\/wp\/v2\/posts"}],"about":[{"href":"https:\/\/acontecenafronteira.com.br\/index.php\/wp-json\/wp\/v2\/types\/post"}],"author":[{"embeddable":true,"href":"https:\/\/acontecenafronteira.com.br\/index.php\/wp-json\/wp\/v2\/users\/2"}],"replies":[{"embeddable":true,"href":"https:\/\/acontecenafronteira.com.br\/index.php\/wp-json\/wp\/v2\/comments?post=31918"}],"version-history":[{"count":1,"href":"https:\/\/acontecenafronteira.com.br\/index.php\/wp-json\/wp\/v2\/posts\/31918\/revisions"}],"predecessor-version":[{"id":31922,"href":"https:\/\/acontecenafronteira.com.br\/index.php\/wp-json\/wp\/v2\/posts\/31918\/revisions\/31922"}],"wp:featuredmedia":[{"embeddable":true,"href":"https:\/\/acontecenafronteira.com.br\/index.php\/wp-json\/wp\/v2\/media\/31923"}],"wp:attachment":[{"href":"https:\/\/acontecenafronteira.com.br\/index.php\/wp-json\/wp\/v2\/media?parent=31918"}],"wp:term":[{"taxonomy":"category","embeddable":true,"href":"https:\/\/acontecenafronteira.com.br\/index.php\/wp-json\/wp\/v2\/categories?post=31918"},{"taxonomy":"post_tag","embeddable":true,"href":"https:\/\/acontecenafronteira.com.br\/index.php\/wp-json\/wp\/v2\/tags?post=31918"}],"curies":[{"name":"wp","href":"https:\/\/api.w.org\/{rel}","templated":true}]}}