{"id":31909,"date":"2026-08-30T19:30:26","date_gmt":"2026-08-30T22:30:26","guid":{"rendered":"https:\/\/acontecenafronteira.com.br\/?p=31909"},"modified":"2026-08-30T19:30:26","modified_gmt":"2026-08-30T22:30:26","slug":"justica-autoriza-reuso-de-remedio-oncologico-caro","status":"publish","type":"post","link":"https:\/\/acontecenafronteira.com.br\/index.php\/2026\/08\/30\/justica-autoriza-reuso-de-remedio-oncologico-caro\/","title":{"rendered":"Justi\u00e7a autoriza reuso de rem\u00e9dio oncol\u00f3gico caro"},"content":{"rendered":"<p>Uma recente determina\u00e7\u00e3o da Justi\u00e7a Federal colocou luz sobre um grave problema no sistema de sa\u00fade brasileiro: o desperd\u00edcio financeiro e material decorrente do descarte de rem\u00e9dios contra o c\u00e2ncer n\u00e3o utilizados integralmente.<\/p>\n<h2>O impacto do desperd\u00edcio de rem\u00e9dios caros<\/h2>\n<p>O reaproveitamento de sobras de tratamentos de alto custo ganhou respaldo legal com o objetivo de otimizar os recursos p\u00fablicos e privados aplicados na sa\u00fade. Muitas vezes, frascos de subst\u00e2ncias oncol\u00f3gicas cont\u00eam doses superiores \u00e0s necess\u00e1rias para um \u00fanico paciente, o que obrigava os hospitais a jogarem fora o restante do produto por falta de regulamenta\u00e7\u00e3o clara.<\/p>\n<p>Com a nova medida, estabelecimentos de sa\u00fade ganham seguran\u00e7a jur\u00eddica para fracionar e utilizar esses insumos em outros pacientes, desde que rigorosos padr\u00f5es de controle de qualidade e armazenamento sejam mantidos.<\/p>\n<h2>Benef\u00edcios para o sistema de sa\u00fade<\/h2>\n<p>Especialistas apontam que a pr\u00e1tica pode gerar uma economia expressiva nos cofres p\u00fablicos e particulares, permitindo que mais pessoas tenham acesso a terapias modernas e de valor elevado. O combate \u00e0 perda desses insumos essenciais representa um avan\u00e7o importante na gest\u00e3o hospitalar.<\/p>\n<p>A autoriza\u00e7\u00e3o judicial estabelece protocolos r\u00edgidos para garantir que a efic\u00e1cia e a seguran\u00e7a dos f\u00e1rmacos n\u00e3o sejam comprometidas durante o processo de fracionamento e reaproveitamento.<\/p>\n<p>A expectativa do setor \u00e9 que a decis\u00e3o sirva de precedente para outras institui\u00e7\u00f5es de sa\u00fade em todo o territ\u00f3rio nacional, ampliando o debate sobre efici\u00eancia e sustentabilidade no tratamento de doen\u00e7as graves.<\/p>\n<p>Por Reda\u00e7\u00e3o Acontece<\/p>\n<p>Cr\u00e9ditos da imagem: Divulga\u00e7\u00e3o\/Pixabay<\/p>\n","protected":false},"excerpt":{"rendered":"<p>Uma recente determina\u00e7\u00e3o da Justi\u00e7a Federal colocou luz sobre um grave problema no sistema de sa\u00fade brasileiro: o desperd\u00edcio financeiro e material decorrente do descarte de rem\u00e9dios contra o c\u00e2ncer n\u00e3o utilizados integralmente. O impacto do desperd\u00edcio de rem\u00e9dios caros O reaproveitamento de sobras de tratamentos de alto custo ganhou respaldo legal com o objetivo [&hellip;]<\/p>\n","protected":false},"author":2,"featured_media":31917,"comment_status":"open","ping_status":"open","sticky":false,"template":"","format":"standard","meta":{"footnotes":""},"categories":[18],"tags":[],"class_list":["post-31909","post","type-post","status-publish","format-standard","has-post-thumbnail","hentry","category-parana"],"_links":{"self":[{"href":"https:\/\/acontecenafronteira.com.br\/index.php\/wp-json\/wp\/v2\/posts\/31909","targetHints":{"allow":["GET"]}}],"collection":[{"href":"https:\/\/acontecenafronteira.com.br\/index.php\/wp-json\/wp\/v2\/posts"}],"about":[{"href":"https:\/\/acontecenafronteira.com.br\/index.php\/wp-json\/wp\/v2\/types\/post"}],"author":[{"embeddable":true,"href":"https:\/\/acontecenafronteira.com.br\/index.php\/wp-json\/wp\/v2\/users\/2"}],"replies":[{"embeddable":true,"href":"https:\/\/acontecenafronteira.com.br\/index.php\/wp-json\/wp\/v2\/comments?post=31909"}],"version-history":[{"count":1,"href":"https:\/\/acontecenafronteira.com.br\/index.php\/wp-json\/wp\/v2\/posts\/31909\/revisions"}],"predecessor-version":[{"id":31916,"href":"https:\/\/acontecenafronteira.com.br\/index.php\/wp-json\/wp\/v2\/posts\/31909\/revisions\/31916"}],"wp:featuredmedia":[{"embeddable":true,"href":"https:\/\/acontecenafronteira.com.br\/index.php\/wp-json\/wp\/v2\/media\/31917"}],"wp:attachment":[{"href":"https:\/\/acontecenafronteira.com.br\/index.php\/wp-json\/wp\/v2\/media?parent=31909"}],"wp:term":[{"taxonomy":"category","embeddable":true,"href":"https:\/\/acontecenafronteira.com.br\/index.php\/wp-json\/wp\/v2\/categories?post=31909"},{"taxonomy":"post_tag","embeddable":true,"href":"https:\/\/acontecenafronteira.com.br\/index.php\/wp-json\/wp\/v2\/tags?post=31909"}],"curies":[{"name":"wp","href":"https:\/\/api.w.org\/{rel}","templated":true}]}}