{"id":31908,"date":"2026-08-30T19:30:20","date_gmt":"2026-08-30T22:30:20","guid":{"rendered":"https:\/\/acontecenafronteira.com.br\/?p=31908"},"modified":"2026-08-30T19:30:20","modified_gmt":"2026-08-30T22:30:20","slug":"stj-definira-regras-para-repasses-voluntarios-a-estados","status":"publish","type":"post","link":"https:\/\/acontecenafronteira.com.br\/index.php\/2026\/08\/30\/stj-definira-regras-para-repasses-voluntarios-a-estados\/","title":{"rendered":"STJ definir\u00e1 regras para repasses volunt\u00e1rios a estados"},"content":{"rendered":"<p>A Primeira Se\u00e7\u00e3o do Superior Tribunal de Justi\u00e7a determinou que vai julgar, sob o rito dos recursos repetitivos, a defini\u00e7\u00e3o de diretrizes para as transfer\u00eancias volunt\u00e1rias de recursos p\u00fablicos da Uni\u00e3o para estados, Distrito Federal e munic\u00edpios voltadas aos setores sociais.<\/p>\n<p>H2 Impactos na gest\u00e3o de sa\u00fade e educa\u00e7\u00e3o<\/p>\n<p>H3 Seguran\u00e7a jur\u00eddica para gestores p\u00fablicos<\/p>\n<p>A escolha por esse formato de julgamento significa que a futura tese fixada pelo tribunal servir\u00e1 de orienta\u00e7\u00e3o obrigat\u00f3ria para todas as inst\u00e2ncias da Justi\u00e7a brasileira, influenciando diretamente milhares de processos em andamento.<\/p>\n<p>H2 Obriga\u00e7\u00f5es e contrapartidas exigidas<\/p>\n<p>O cerne da discuss\u00e3o jur\u00eddica envolve os limites e as exig\u00eancias burocr\u00e1ticas impostas pelo governo federal para a libera\u00e7\u00e3o de verbas destinadas a \u00e1reas essenciais como sa\u00fade e assist\u00eancia social, buscando equilibrar o controle fiscal e a efici\u00eancia administrativa.<\/p>\n<p>Com a consolida\u00e7\u00e3o do entendimento pelo STJ, prefeitos e governadores ter\u00e3o maior previsibilidade financeira ao firmarem conv\u00eanios e parcerias com a administra\u00e7\u00e3o federal, reduzindo os riscos de paralisa\u00e7\u00e3o de servi\u00e7os b\u00e1sicos \u00e0 popula\u00e7\u00e3o.<\/p>\n<p>O tribunal ainda n\u00e3o divulgou a data exata em que o m\u00e9rito da quest\u00e3o ser\u00e1 votado pelos ministros, mas a expectativa do setor p\u00fablico \u00e9 de que o tema seja pautado ainda no primeiro semestre.<\/p>\n<p>Por Reda\u00e7\u00e3o Acontece<\/p>\n<p>Cr\u00e9ditos da imagem: Divulga\u00e7\u00e3o\/STJ<\/p>\n","protected":false},"excerpt":{"rendered":"<p>A Primeira Se\u00e7\u00e3o do Superior Tribunal de Justi\u00e7a determinou que vai julgar, sob o rito dos recursos repetitivos, a defini\u00e7\u00e3o de diretrizes para as transfer\u00eancias volunt\u00e1rias de recursos p\u00fablicos da Uni\u00e3o para estados, Distrito Federal e munic\u00edpios voltadas aos setores sociais. H2 Impactos na gest\u00e3o de sa\u00fade e educa\u00e7\u00e3o H3 Seguran\u00e7a jur\u00eddica para gestores p\u00fablicos [&hellip;]<\/p>\n","protected":false},"author":2,"featured_media":31915,"comment_status":"open","ping_status":"open","sticky":false,"template":"","format":"standard","meta":{"footnotes":""},"categories":[18],"tags":[],"class_list":["post-31908","post","type-post","status-publish","format-standard","has-post-thumbnail","hentry","category-parana"],"_links":{"self":[{"href":"https:\/\/acontecenafronteira.com.br\/index.php\/wp-json\/wp\/v2\/posts\/31908","targetHints":{"allow":["GET"]}}],"collection":[{"href":"https:\/\/acontecenafronteira.com.br\/index.php\/wp-json\/wp\/v2\/posts"}],"about":[{"href":"https:\/\/acontecenafronteira.com.br\/index.php\/wp-json\/wp\/v2\/types\/post"}],"author":[{"embeddable":true,"href":"https:\/\/acontecenafronteira.com.br\/index.php\/wp-json\/wp\/v2\/users\/2"}],"replies":[{"embeddable":true,"href":"https:\/\/acontecenafronteira.com.br\/index.php\/wp-json\/wp\/v2\/comments?post=31908"}],"version-history":[{"count":1,"href":"https:\/\/acontecenafronteira.com.br\/index.php\/wp-json\/wp\/v2\/posts\/31908\/revisions"}],"predecessor-version":[{"id":31914,"href":"https:\/\/acontecenafronteira.com.br\/index.php\/wp-json\/wp\/v2\/posts\/31908\/revisions\/31914"}],"wp:featuredmedia":[{"embeddable":true,"href":"https:\/\/acontecenafronteira.com.br\/index.php\/wp-json\/wp\/v2\/media\/31915"}],"wp:attachment":[{"href":"https:\/\/acontecenafronteira.com.br\/index.php\/wp-json\/wp\/v2\/media?parent=31908"}],"wp:term":[{"taxonomy":"category","embeddable":true,"href":"https:\/\/acontecenafronteira.com.br\/index.php\/wp-json\/wp\/v2\/categories?post=31908"},{"taxonomy":"post_tag","embeddable":true,"href":"https:\/\/acontecenafronteira.com.br\/index.php\/wp-json\/wp\/v2\/tags?post=31908"}],"curies":[{"name":"wp","href":"https:\/\/api.w.org\/{rel}","templated":true}]}}