{"id":31907,"date":"2026-08-30T19:30:17","date_gmt":"2026-08-30T22:30:17","guid":{"rendered":"https:\/\/acontecenafronteira.com.br\/?p=31907"},"modified":"2026-08-30T19:30:17","modified_gmt":"2026-08-30T22:30:17","slug":"estabilidade-e-liberdade-no-trabalho-o-que-o-eleitor-quer","status":"publish","type":"post","link":"https:\/\/acontecenafronteira.com.br\/index.php\/2026\/08\/30\/estabilidade-e-liberdade-no-trabalho-o-que-o-eleitor-quer\/","title":{"rendered":"Estabilidade e liberdade no trabalho: o que o eleitor quer"},"content":{"rendered":"<p>A busca por um emprego que una seguran\u00e7a jur\u00eddica e autonomia profissional tornou-se uma das principais demandas dos trabalhadores brasileiros atualmente.<\/p>\n<p>H2 O novo perfil do profissional brasileiro<\/p>\n<p>O desejo por uma rotina flex\u00edvel n\u00e3o significa, contudo, o abandono de garantias trabalhistas tradicionais. Pelo contr\u00e1rio, as pessoas querem o melhor dos dois mundos.<\/p>\n<p>H3 Desafios para a legisla\u00e7\u00e3o trabalhista<\/p>\n<p>Especialistas apontam que as leis atuais precisam evoluir para acompanhar essa nova mentalidade, que valoriza tanto a flexibilidade de hor\u00e1rios quanto os direitos assegurados.<\/p>\n<p>Caminhos para o futuro do emprego<\/p>\n<p>As discuss\u00f5es sobre o tema envolvem diretamente formuladores de pol\u00edticas p\u00fablicas e empresas privadas, que precisam se adaptar a essa nova realidade.<\/p>\n<p>O impacto nas pr\u00f3ximas elei\u00e7\u00f5es<\/p>\n<p>O debate econ\u00f4mico ganha for\u00e7a no cen\u00e1rio pol\u00edtico, refletindo diretamente nas expectativas da popula\u00e7\u00e3o em rela\u00e7\u00e3o aos futuros governantes e parlamentares.<\/p>\n<p>Por Reda\u00e7\u00e3o Acontece<\/p>\n<p>Cr\u00e9ditos da imagem: Divulga\u00e7\u00e3o \/ Banco de Imagens<\/p>\n","protected":false},"excerpt":{"rendered":"<p>A busca por um emprego que una seguran\u00e7a jur\u00eddica e autonomia profissional tornou-se uma das principais demandas dos trabalhadores brasileiros atualmente. H2 O novo perfil do profissional brasileiro O desejo por uma rotina flex\u00edvel n\u00e3o significa, contudo, o abandono de garantias trabalhistas tradicionais. Pelo contr\u00e1rio, as pessoas querem o melhor dos dois mundos. H3 Desafios [&hellip;]<\/p>\n","protected":false},"author":2,"featured_media":31913,"comment_status":"open","ping_status":"open","sticky":false,"template":"","format":"standard","meta":{"footnotes":""},"categories":[18],"tags":[],"class_list":["post-31907","post","type-post","status-publish","format-standard","has-post-thumbnail","hentry","category-parana"],"_links":{"self":[{"href":"https:\/\/acontecenafronteira.com.br\/index.php\/wp-json\/wp\/v2\/posts\/31907","targetHints":{"allow":["GET"]}}],"collection":[{"href":"https:\/\/acontecenafronteira.com.br\/index.php\/wp-json\/wp\/v2\/posts"}],"about":[{"href":"https:\/\/acontecenafronteira.com.br\/index.php\/wp-json\/wp\/v2\/types\/post"}],"author":[{"embeddable":true,"href":"https:\/\/acontecenafronteira.com.br\/index.php\/wp-json\/wp\/v2\/users\/2"}],"replies":[{"embeddable":true,"href":"https:\/\/acontecenafronteira.com.br\/index.php\/wp-json\/wp\/v2\/comments?post=31907"}],"version-history":[{"count":1,"href":"https:\/\/acontecenafronteira.com.br\/index.php\/wp-json\/wp\/v2\/posts\/31907\/revisions"}],"predecessor-version":[{"id":31912,"href":"https:\/\/acontecenafronteira.com.br\/index.php\/wp-json\/wp\/v2\/posts\/31907\/revisions\/31912"}],"wp:featuredmedia":[{"embeddable":true,"href":"https:\/\/acontecenafronteira.com.br\/index.php\/wp-json\/wp\/v2\/media\/31913"}],"wp:attachment":[{"href":"https:\/\/acontecenafronteira.com.br\/index.php\/wp-json\/wp\/v2\/media?parent=31907"}],"wp:term":[{"taxonomy":"category","embeddable":true,"href":"https:\/\/acontecenafronteira.com.br\/index.php\/wp-json\/wp\/v2\/categories?post=31907"},{"taxonomy":"post_tag","embeddable":true,"href":"https:\/\/acontecenafronteira.com.br\/index.php\/wp-json\/wp\/v2\/tags?post=31907"}],"curies":[{"name":"wp","href":"https:\/\/api.w.org\/{rel}","templated":true}]}}