{"id":31906,"date":"2026-08-30T19:30:13","date_gmt":"2026-08-30T22:30:13","guid":{"rendered":"https:\/\/acontecenafronteira.com.br\/?p=31906"},"modified":"2026-08-30T19:30:13","modified_gmt":"2026-08-30T22:30:13","slug":"venezuela-nega-perda-petroleira-apos-pacto-com-os-eua","status":"publish","type":"post","link":"https:\/\/acontecenafronteira.com.br\/index.php\/2026\/08\/30\/venezuela-nega-perda-petroleira-apos-pacto-com-os-eua\/","title":{"rendered":"Venezuela nega perda petroleira ap\u00f3s pacto com os EUA"},"content":{"rendered":"<p>A presidente interina da Venezuela, Delcy Rodr\u00edguez, declarou neste s\u00e1bado (29) que a na\u00e7\u00e3o sul-americana conservar\u00e1 o comando absoluto de seus recursos energ\u00e9ticos e de sua ind\u00fastria de hidrocarbonetos, mesmo ap\u00f3s firmar um entendimento diplom\u00e1tico e econ\u00f4mico com o governo dos Estados Unidos.<\/p>\n<h2>Garantias sobre a soberania energ\u00e9tica<\/h2>\n<p>Durante pronunciamento oficial, a mandat\u00e1ria enfatizou que a soberania nacional permanece inegoci\u00e1vel. A chefe de Estado garantiu que a infraestrutura e a explora\u00e7\u00e3o do ouro negro continuam sob tutela exclusiva do Estado, recha\u00e7ando qualquer boato sobre interfer\u00eancia estrangeira direta no setor.<\/p>\n<h2>O impacto econ\u00f4mico do entendimento<\/h2>\n<p>O pacto firmado com Washington gerou debates intensos no cen\u00e1rio geopol\u00edtico global e entre especialistas do mercado financeiro.<\/p>\n<p>Analistas avaliam que a retomada das negocia\u00e7\u00f5es pode aliviar embargos hist\u00f3ricos, permitindo a reinser\u00e7\u00e3o gradual do produto venezuelano no mercado internacional de energia.<\/p>\n<p>Detalhes espec\u00edficos da implementa\u00e7\u00e3o ainda dependem de avalia\u00e7\u00f5es t\u00e9cnicas e do cumprimento de metas estipuladas por ambas as partes envolvidas nas conversas bilaterais recentes.<\/p>\n<p>A expectativa do governo local \u00e9 que a medida impulsione a economia interna, debilitada por anos de san\u00e7\u00f5es severas, sem que isso represente qualquer tipo de submiss\u00e3o a interesses externos.<\/p>\n<p>Por Reda\u00e7\u00e3o Acontece<\/p>\n<p>Cr\u00e9ditos da imagem: Divulga\u00e7\u00e3o\/Presid\u00eancia da Venezuela<\/p>\n","protected":false},"excerpt":{"rendered":"<p>A presidente interina da Venezuela, Delcy Rodr\u00edguez, declarou neste s\u00e1bado (29) que a na\u00e7\u00e3o sul-americana conservar\u00e1 o comando absoluto de seus recursos energ\u00e9ticos e de sua ind\u00fastria de hidrocarbonetos, mesmo ap\u00f3s firmar um entendimento diplom\u00e1tico e econ\u00f4mico com o governo dos Estados Unidos. Garantias sobre a soberania energ\u00e9tica Durante pronunciamento oficial, a mandat\u00e1ria enfatizou que [&hellip;]<\/p>\n","protected":false},"author":2,"featured_media":31911,"comment_status":"open","ping_status":"open","sticky":false,"template":"","format":"standard","meta":{"footnotes":""},"categories":[18],"tags":[],"class_list":["post-31906","post","type-post","status-publish","format-standard","has-post-thumbnail","hentry","category-parana"],"_links":{"self":[{"href":"https:\/\/acontecenafronteira.com.br\/index.php\/wp-json\/wp\/v2\/posts\/31906","targetHints":{"allow":["GET"]}}],"collection":[{"href":"https:\/\/acontecenafronteira.com.br\/index.php\/wp-json\/wp\/v2\/posts"}],"about":[{"href":"https:\/\/acontecenafronteira.com.br\/index.php\/wp-json\/wp\/v2\/types\/post"}],"author":[{"embeddable":true,"href":"https:\/\/acontecenafronteira.com.br\/index.php\/wp-json\/wp\/v2\/users\/2"}],"replies":[{"embeddable":true,"href":"https:\/\/acontecenafronteira.com.br\/index.php\/wp-json\/wp\/v2\/comments?post=31906"}],"version-history":[{"count":1,"href":"https:\/\/acontecenafronteira.com.br\/index.php\/wp-json\/wp\/v2\/posts\/31906\/revisions"}],"predecessor-version":[{"id":31910,"href":"https:\/\/acontecenafronteira.com.br\/index.php\/wp-json\/wp\/v2\/posts\/31906\/revisions\/31910"}],"wp:featuredmedia":[{"embeddable":true,"href":"https:\/\/acontecenafronteira.com.br\/index.php\/wp-json\/wp\/v2\/media\/31911"}],"wp:attachment":[{"href":"https:\/\/acontecenafronteira.com.br\/index.php\/wp-json\/wp\/v2\/media?parent=31906"}],"wp:term":[{"taxonomy":"category","embeddable":true,"href":"https:\/\/acontecenafronteira.com.br\/index.php\/wp-json\/wp\/v2\/categories?post=31906"},{"taxonomy":"post_tag","embeddable":true,"href":"https:\/\/acontecenafronteira.com.br\/index.php\/wp-json\/wp\/v2\/tags?post=31906"}],"curies":[{"name":"wp","href":"https:\/\/api.w.org\/{rel}","templated":true}]}}