{"id":2981,"date":"2021-11-26T13:14:31","date_gmt":"2021-11-26T16:14:31","guid":{"rendered":"https:\/\/acontecenafronteira.com.br\/?p=2981"},"modified":"2021-11-26T13:14:32","modified_gmt":"2021-11-26T16:14:32","slug":"dia-mundial-de-luta-contra-a-aids-sera-marcado-por-capacitacao-de-servidores-e-acoes-de-conscientizacao-com-os-moradores","status":"publish","type":"post","link":"https:\/\/acontecenafronteira.com.br\/index.php\/2021\/11\/26\/dia-mundial-de-luta-contra-a-aids-sera-marcado-por-capacitacao-de-servidores-e-acoes-de-conscientizacao-com-os-moradores\/","title":{"rendered":"Dia Mundial de Luta contra a Aids ser\u00e1 marcado por capacita\u00e7\u00e3o de servidores e a\u00e7\u00f5es de conscientiza\u00e7\u00e3o com os moradores"},"content":{"rendered":"\n<p>Foz do Igua\u00e7u \u00e9 refer\u00eancia pela notifica\u00e7\u00e3o dos casos, tratamento e monitoramento das pessoas vivendo com HIV\/AIDS nos nove munic\u00edpios da regi\u00e3o<\/p>\n\n\n\n<p>O Programa Municipal IST\/AIDS e Hepatites Virais realizar\u00e1 a\u00e7\u00f5es de conscientiza\u00e7\u00e3o com os moradores e capacita\u00e7\u00e3o com servidores da sa\u00fade para marcar o Dia Mundial de Luta contra a Aids, lembrado oficialmente em 1\u00ba de dezembro.<br><br>&#8220;Fortalecer essa luta \u00e9 um dever de todos e as a\u00e7\u00f5es do Programa Municipal IST\/AIDS tem se mostrado muito eficazes na preven\u00e7\u00e3o e assist\u00eancia\u201d, afirmou a secret\u00e1ria de sa\u00fade, Rosa Maria Jer\u00f4nymo.\u00a0<br><br>Uma roda de conversa com os profissionais de sa\u00fade est\u00e1 marcada para o dia 1\u00ba de dezembro, com in\u00edcio \u00e0s 8h30, no audit\u00f3rio da Nona Regional de Sa\u00fade, na Rua Santos Dumont, n\u00ba 460, Centro. Durante o encontro, a coordena\u00e7\u00e3o do programa repassar\u00e1 as informa\u00e7\u00f5es do Minist\u00e9rio da Sa\u00fade sobre o protocolo cl\u00ednico e as diretrizes terap\u00eauticas para a Profilaxia Pr\u00e9-Exposi\u00e7\u00e3o (PrEP), que consiste na tomada di\u00e1ria de um comprimido para reduzir o risco de adquirir a infec\u00e7\u00e3o pelo HIV.\u00a0<br><br>\u201cVamos aproveitar este dia para repassar aos servidores dos nove munic\u00edpios sobre os fluxos de atendimento a PrEP, uma estrat\u00e9gia nova que se mostrou eficaz e segura em pessoas com risco aumentado de adquirir a infec\u00e7\u00e3o. \u00c9 um novo protocolo que foi inserido no Sistema \u00danico de Sa\u00fade (SUS) com o objetivo de reduzir a transmiss\u00e3o do HIV e contribuir para o alcance das metas relacionadas ao fim da epidemia\u201d, explicou o coordenador do Programa IST\/Aids, Wanderley Erasmo Furtado.\u00a0<br><br>J\u00e1 no dia 4 de dezembro, durante o Foz ComUnidade, ser\u00e3o realizadas orienta\u00e7\u00f5es sobre as Infec\u00e7\u00f5es Sexualmente Transmiss\u00edveis (IST) e ofertados testes r\u00e1pidos para HIV, S\u00edfilis e Hepatites. Tamb\u00e9m ser\u00e3o distribu\u00eddos preservativos durante a a\u00e7\u00e3o, que acontecer\u00e1 na quadra de esporte da Avenida Andradina, no Cidade Nova I (Rua Ambr\u00f3sio Losi com Rua Engenheiro Augusto Ara\u00fajo). A atividade ser\u00e1 realizada em parceria com a Nona Regional de Sa\u00fade.\u00a0<br><br><strong>Servi\u00e7o de Assist\u00eancia Especializada (SAE)<br><br><\/strong>O SAE de Foz do Igua\u00e7u \u00e9 refer\u00eancia pela notifica\u00e7\u00e3o dos casos no SINAN (Sistema de Informa\u00e7\u00e3o de Agravos de Notifica\u00e7\u00e3o), tratamento e monitoramento das pessoas vivendo com HIV\/AIDS (PVHA) dos nove Munic\u00edpios da 9\u00aa Regional de Sa\u00fade. Constam nos registros do SAE, 4.020 pacientes cadastrados no per\u00edodo de 1998 at\u00e9 20 de novembro de 2021.\u00a0<br><br><strong>Novos casos de HIV<br><br><\/strong>Em 2020 foram registrados pelo SAE 204 casos de HIV\/AIDS, sendo 134 identificados como diagn\u00f3sticos recentes. Do total, 105 eram de pessoas residentes em Foz do Igua\u00e7u. De janeiro a outubro deste ano foram cadastrados no servi\u00e7o 234 casos de infec\u00e7\u00e3o pelo HIV, destes 131 com diagn\u00f3stico recente. Do total, 103 s\u00e3o residentes em Foz.\u00a0<br><br>No ano passado, dos casos de pessoas residentes em Foz do Igua\u00e7u, 67% ocorreram em homens e 32,38% em mulheres. A faixa et\u00e1ria mais atingida \u00e9 de 20 a 29 anos, seguida de 30 a 39 anos.\u00a0<br><br><strong>Preven\u00e7\u00e3o<br><br><\/strong>O Centro de Testagem e Aconselhamento (CTA) \u00e9 um servi\u00e7o de sa\u00fade do Programa Municipal IST\/AIDS que articulado aos demais servi\u00e7os do Sistema \u00danico de Sa\u00fade (SUS), representa uma estrat\u00e9gia importante na promo\u00e7\u00e3o da equidade de acesso ao aconselhamento e ao diagn\u00f3stico do HIV, das hepatites B e C e da s\u00edfilis. O centro atua tamb\u00e9m na preven\u00e7\u00e3o dessas e das demais infec\u00e7\u00f5es sexualmente transmiss\u00edveis (IST).\u00a0<br><br>A Profilaxia P\u00f3s-Exposi\u00e7\u00e3o sexual (PEP sexual) ao HIV decorrente de rela\u00e7\u00f5es sexuais consentidas, a Profilaxia Pr\u00e9-exposi\u00e7\u00e3o (PrEp), a distribui\u00e7\u00e3o gratuita de preservativos, a profilaxia da transmiss\u00e3o vertical do HIV, a terapia antirretroviral em gestantes com HIV, s\u00e3o partes de um plano preventivo de a\u00e7\u00f5es combinadas contra o HIV\/AIDS realizadas no CTA e no SAE. H\u00e1 4 anos o SAE de Foz do Igua\u00e7u n\u00e3o registra caso de transmiss\u00e3o vertical (de m\u00e3e para filho).<\/p>\n","protected":false},"excerpt":{"rendered":"<p>Foz do Igua\u00e7u \u00e9 refer\u00eancia pela notifica\u00e7\u00e3o dos casos, tratamento e monitoramento das pessoas vivendo com HIV\/AIDS nos nove munic\u00edpios da regi\u00e3o O Programa Municipal IST\/AIDS e Hepatites Virais realizar\u00e1 a\u00e7\u00f5es de conscientiza\u00e7\u00e3o com os moradores e capacita\u00e7\u00e3o com servidores da sa\u00fade para marcar o Dia Mundial de Luta contra a Aids, lembrado oficialmente em [&hellip;]<\/p>\n","protected":false},"author":2,"featured_media":2983,"comment_status":"open","ping_status":"open","sticky":false,"template":"","format":"standard","meta":{"om_disable_all_campaigns":false,"_monsterinsights_skip_tracking":false,"_monsterinsights_sitenote_active":false,"_monsterinsights_sitenote_note":"","_monsterinsights_sitenote_category":0,"footnotes":""},"categories":[4,10],"tags":[],"class_list":["post-2981","post","type-post","status-publish","format-standard","has-post-thumbnail","hentry","category-cidade","category-saude"],"_links":{"self":[{"href":"https:\/\/acontecenafronteira.com.br\/index.php\/wp-json\/wp\/v2\/posts\/2981","targetHints":{"allow":["GET"]}}],"collection":[{"href":"https:\/\/acontecenafronteira.com.br\/index.php\/wp-json\/wp\/v2\/posts"}],"about":[{"href":"https:\/\/acontecenafronteira.com.br\/index.php\/wp-json\/wp\/v2\/types\/post"}],"author":[{"embeddable":true,"href":"https:\/\/acontecenafronteira.com.br\/index.php\/wp-json\/wp\/v2\/users\/2"}],"replies":[{"embeddable":true,"href":"https:\/\/acontecenafronteira.com.br\/index.php\/wp-json\/wp\/v2\/comments?post=2981"}],"version-history":[{"count":1,"href":"https:\/\/acontecenafronteira.com.br\/index.php\/wp-json\/wp\/v2\/posts\/2981\/revisions"}],"predecessor-version":[{"id":2984,"href":"https:\/\/acontecenafronteira.com.br\/index.php\/wp-json\/wp\/v2\/posts\/2981\/revisions\/2984"}],"wp:featuredmedia":[{"embeddable":true,"href":"https:\/\/acontecenafronteira.com.br\/index.php\/wp-json\/wp\/v2\/media\/2983"}],"wp:attachment":[{"href":"https:\/\/acontecenafronteira.com.br\/index.php\/wp-json\/wp\/v2\/media?parent=2981"}],"wp:term":[{"taxonomy":"category","embeddable":true,"href":"https:\/\/acontecenafronteira.com.br\/index.php\/wp-json\/wp\/v2\/categories?post=2981"},{"taxonomy":"post_tag","embeddable":true,"href":"https:\/\/acontecenafronteira.com.br\/index.php\/wp-json\/wp\/v2\/tags?post=2981"}],"curies":[{"name":"wp","href":"https:\/\/api.w.org\/{rel}","templated":true}]}}