{"id":29320,"date":"2026-05-01T15:31:39","date_gmt":"2026-05-01T18:31:39","guid":{"rendered":"https:\/\/acontecenafronteira.com.br\/?p=29320"},"modified":"2026-05-01T15:31:41","modified_gmt":"2026-05-01T18:31:41","slug":"municipio-oferta-onibus-gratuito-para-o-forum-eleitoral-neste-final-de-semana","status":"publish","type":"post","link":"https:\/\/acontecenafronteira.com.br\/index.php\/2026\/05\/01\/municipio-oferta-onibus-gratuito-para-o-forum-eleitoral-neste-final-de-semana\/","title":{"rendered":"Munic\u00edpio oferta \u00f4nibus gratuito para o F\u00f3rum Eleitoral neste final de semana"},"content":{"rendered":"\n<p><em><strong>Os \u00f4nibus do transporte coletivo v\u00e3o circular conforme escala de s\u00e1bado e domingo.<\/strong><\/em><\/p>\n\n\n\n<p>O Foztrans disponibilizar\u00e1, no s\u00e1bado (2) e no domingo (3), transporte coletivo gratuito, das 8h30 \u00e0s 18h, para atender eleitores que precisam emitir ou regularizar o t\u00edtulo eleitoral. Os \u00f4nibus circular\u00e3o conforme escala de hor\u00e1rio do s\u00e1bado e do domingo.<\/p>\n\n\n\n<p>A viabiliza\u00e7\u00e3o do transporte gratuito atende a um pedido do Tribunal Regional Eleitoral (TRE) e tem como objetivo facilitar o acesso da popula\u00e7\u00e3o ao F\u00f3rum Eleitoral, localizado na Av. Costa e Silva, n\u00ba 1559. A gratuidade est\u00e1 prevista no Decreto n\u00ba 34.535, de 30 de abril de 2026, publicado no Di\u00e1rio Oficial Eletr\u00f4nico do Munic\u00edpio de Foz do Igua\u00e7u, Edi\u00e7\u00e3o Ordin\u00e1ria n\u00ba 5461.<\/p>\n\n\n\n<p>O prazo para o cadastro de novos eleitores, transfer\u00eancia e regulariza\u00e7\u00e3o eleitoral encerra-se na pr\u00f3xima quarta-feira (6). Portanto, no s\u00e1bado e no domingo, o F\u00f3rum Eleitoral estar\u00e1 em regime de plant\u00e3o, das 9h&nbsp; \u00e0s 17h, para atender os eleitores.&nbsp;<\/p>\n\n\n\n<p>Os usu\u00e1rios que pretendem utilizar o transporte coletivo com destino ao F\u00f3rum Eleitoral podem utilizar o Cart\u00e3o \u00danico Foztrans para passar a catraca. Apesar do uso do cart\u00e3o, n\u00e3o ser\u00e1 descontada a tarifa. Caso o passageiro n\u00e3o tenha o cart\u00e3o, dever\u00e1 informar ao motorista para que seja feita a libera\u00e7\u00e3o de forma gratuita.<\/p>\n","protected":false},"excerpt":{"rendered":"<p>Os \u00f4nibus do transporte coletivo v\u00e3o circular conforme escala de s\u00e1bado e domingo. O Foztrans disponibilizar\u00e1, no s\u00e1bado (2) e no domingo (3), transporte coletivo gratuito, das 8h30 \u00e0s 18h, para atender eleitores que precisam emitir ou regularizar o t\u00edtulo eleitoral. Os \u00f4nibus circular\u00e3o conforme escala de hor\u00e1rio do s\u00e1bado e do domingo. A viabiliza\u00e7\u00e3o [&hellip;]<\/p>\n","protected":false},"author":2,"featured_media":29242,"comment_status":"open","ping_status":"open","sticky":false,"template":"","format":"standard","meta":{"om_disable_all_campaigns":false,"_monsterinsights_skip_tracking":false,"_monsterinsights_sitenote_active":false,"_monsterinsights_sitenote_note":"","_monsterinsights_sitenote_category":0,"footnotes":""},"categories":[26,4],"tags":[],"class_list":["post-29320","post","type-post","status-publish","format-standard","has-post-thumbnail","hentry","category-brasil","category-cidade"],"_links":{"self":[{"href":"https:\/\/acontecenafronteira.com.br\/index.php\/wp-json\/wp\/v2\/posts\/29320","targetHints":{"allow":["GET"]}}],"collection":[{"href":"https:\/\/acontecenafronteira.com.br\/index.php\/wp-json\/wp\/v2\/posts"}],"about":[{"href":"https:\/\/acontecenafronteira.com.br\/index.php\/wp-json\/wp\/v2\/types\/post"}],"author":[{"embeddable":true,"href":"https:\/\/acontecenafronteira.com.br\/index.php\/wp-json\/wp\/v2\/users\/2"}],"replies":[{"embeddable":true,"href":"https:\/\/acontecenafronteira.com.br\/index.php\/wp-json\/wp\/v2\/comments?post=29320"}],"version-history":[{"count":1,"href":"https:\/\/acontecenafronteira.com.br\/index.php\/wp-json\/wp\/v2\/posts\/29320\/revisions"}],"predecessor-version":[{"id":29321,"href":"https:\/\/acontecenafronteira.com.br\/index.php\/wp-json\/wp\/v2\/posts\/29320\/revisions\/29321"}],"wp:featuredmedia":[{"embeddable":true,"href":"https:\/\/acontecenafronteira.com.br\/index.php\/wp-json\/wp\/v2\/media\/29242"}],"wp:attachment":[{"href":"https:\/\/acontecenafronteira.com.br\/index.php\/wp-json\/wp\/v2\/media?parent=29320"}],"wp:term":[{"taxonomy":"category","embeddable":true,"href":"https:\/\/acontecenafronteira.com.br\/index.php\/wp-json\/wp\/v2\/categories?post=29320"},{"taxonomy":"post_tag","embeddable":true,"href":"https:\/\/acontecenafronteira.com.br\/index.php\/wp-json\/wp\/v2\/tags?post=29320"}],"curies":[{"name":"wp","href":"https:\/\/api.w.org\/{rel}","templated":true}]}}