{"id":29315,"date":"2026-05-01T15:29:10","date_gmt":"2026-05-01T18:29:10","guid":{"rendered":"https:\/\/acontecenafronteira.com.br\/?p=29315"},"modified":"2026-05-01T15:29:11","modified_gmt":"2026-05-01T18:29:11","slug":"projecao-de-ocupacao-em-foz-do-iguacu-e-de-80-no-feriado-do-dia-do-trabalhador","status":"publish","type":"post","link":"https:\/\/acontecenafronteira.com.br\/index.php\/2026\/05\/01\/projecao-de-ocupacao-em-foz-do-iguacu-e-de-80-no-feriado-do-dia-do-trabalhador\/","title":{"rendered":"Proje\u00e7\u00e3o de Ocupa\u00e7\u00e3o em Foz do Igua\u00e7u \u00e9 de 80% no Feriado do Dia do Trabalhador"},"content":{"rendered":"\n<p><em>As pousadas lideram a proje\u00e7\u00e3o para 2026, com expectativa de 90% de ocupa\u00e7\u00e3o, enquanto os hot\u00e9is devem alcan\u00e7ar 78%.<\/em><\/p>\n\n\n\n<p>Foz do Igua\u00e7u deve atingir 80% de ocupa\u00e7\u00e3o durante o feriado prolongado do Dia do Trabalhador, que inicia nesta sexta-feira (1\u00ba) e vai at\u00e9 domingo (3). Os dados s\u00e3o da Pesquisa de Expectativa de Ocupa\u00e7\u00e3o, realizada pela Divis\u00e3o de Estat\u00edstica e Estudos Tur\u00edsticos (DVEET) da Secretaria Municipal de Turismo de Foz do Igua\u00e7u. A proje\u00e7\u00e3o para as pousadas \u00e9 de 90% e de 78% para os hot\u00e9is.<\/p>\n\n\n\n<p>O n\u00famero \u00e9 um recorde. Em 2023 e em 2025, quando o Dia do Trabalhador coincidiu com um feriado prolongado, as expectativas eram de 71% e 69%, respectivamente. Para a secret\u00e1ria interina de Turismo, Ana Cristina Schervinski, o resultado reflete o bom momento do destino. \u201cOs dados mostram que Foz do Igua\u00e7u segue com alta procura. Estamos trabalhando para que a cidade siga preparada para receber cada vez mais turistas, com op\u00e7\u00f5es para diferentes perfis de visitantes e mantendo a demanda aquecida\u201d, afirma.<\/p>\n\n\n\n<p>Segundo a assessoria do Aeroporto Internacional de Foz do Igua\u00e7u, durante o feriado est\u00e3o previstos tamb\u00e9m 94 pousos e decolagens na Terra das Cataratas, al\u00e9m da circula\u00e7\u00e3o de cerca de 32 mil passageiros.<\/p>\n\n\n\n<p>Para essa pesquisa de Expectativa de Ocupa\u00e7\u00e3o, a DVEET obteve respostas de 82 dos 107 meios de hospedagem com alvar\u00e1 vigente e participantes do monitoramento mensal da Divis\u00e3o, o que representa 77% do total de estabelecimentos ativos.<\/p>\n\n\n\n<p><strong>Tipos de hospedagem<\/strong><\/p>\n\n\n\n<p>As pousadas lideram a proje\u00e7\u00e3o para 2026, com expectativa de 90% de ocupa\u00e7\u00e3o, enquanto os hot\u00e9is devem alcan\u00e7ar 78%. Nos anos anteriores, os n\u00fameros se mantiveram mais equilibrados, com leve predomin\u00e2ncia dos hot\u00e9is. Em 2023, a proje\u00e7\u00e3o era de 70% para pousadas e 71% para hot\u00e9is; e, em 2025, 61% para pousadas e 71% para hot\u00e9is.<\/p>\n\n\n\n<p>A chefe da pesquisa, servidora p\u00fablica Sheila Domingues, comenta o resultado. \u201cAp\u00f3s os excelentes resultados projetados para P\u00e1scoa e Tiradentes, e mais tarde confirmados, a expectativa de 80% de ocupa\u00e7\u00e3o agora para o Dia do Trabalhador consolida uma trajet\u00f3ria de crescimento real frente aos anos anteriores. Ver esse interesse constante, mesmo com um intervalo curto entre os feriad\u00f5es, confirma que nosso destino, definitivamente, segue sendo uma das escolhas priorit\u00e1rias em feriados nacionais\u201d, aponta a servidora.<\/p>\n\n\n\n<figure class=\"wp-block-image\"><img decoding=\"async\" src=\"https:\/\/www.foz.pr.gov.br\/wp-content\/uploads\/2026\/04\/WhatsApp-Image-2026-04-30-at-14.03.35-141x300.jpeg\" alt=\"\" class=\"wp-image-75859\"\/><\/figure>\n","protected":false},"excerpt":{"rendered":"<p>As pousadas lideram a proje\u00e7\u00e3o para 2026, com expectativa de 90% de ocupa\u00e7\u00e3o, enquanto os hot\u00e9is devem alcan\u00e7ar 78%. Foz do Igua\u00e7u deve atingir 80% de ocupa\u00e7\u00e3o durante o feriado prolongado do Dia do Trabalhador, que inicia nesta sexta-feira (1\u00ba) e vai at\u00e9 domingo (3). Os dados s\u00e3o da Pesquisa de Expectativa de Ocupa\u00e7\u00e3o, realizada [&hellip;]<\/p>\n","protected":false},"author":2,"featured_media":16188,"comment_status":"open","ping_status":"open","sticky":false,"template":"","format":"standard","meta":{"om_disable_all_campaigns":false,"_monsterinsights_skip_tracking":false,"_monsterinsights_sitenote_active":false,"_monsterinsights_sitenote_note":"","_monsterinsights_sitenote_category":0,"footnotes":""},"categories":[26,4,13,9],"tags":[],"class_list":["post-29315","post","type-post","status-publish","format-standard","has-post-thumbnail","hentry","category-brasil","category-cidade","category-entretenimento","category-turismo"],"_links":{"self":[{"href":"https:\/\/acontecenafronteira.com.br\/index.php\/wp-json\/wp\/v2\/posts\/29315","targetHints":{"allow":["GET"]}}],"collection":[{"href":"https:\/\/acontecenafronteira.com.br\/index.php\/wp-json\/wp\/v2\/posts"}],"about":[{"href":"https:\/\/acontecenafronteira.com.br\/index.php\/wp-json\/wp\/v2\/types\/post"}],"author":[{"embeddable":true,"href":"https:\/\/acontecenafronteira.com.br\/index.php\/wp-json\/wp\/v2\/users\/2"}],"replies":[{"embeddable":true,"href":"https:\/\/acontecenafronteira.com.br\/index.php\/wp-json\/wp\/v2\/comments?post=29315"}],"version-history":[{"count":1,"href":"https:\/\/acontecenafronteira.com.br\/index.php\/wp-json\/wp\/v2\/posts\/29315\/revisions"}],"predecessor-version":[{"id":29316,"href":"https:\/\/acontecenafronteira.com.br\/index.php\/wp-json\/wp\/v2\/posts\/29315\/revisions\/29316"}],"wp:featuredmedia":[{"embeddable":true,"href":"https:\/\/acontecenafronteira.com.br\/index.php\/wp-json\/wp\/v2\/media\/16188"}],"wp:attachment":[{"href":"https:\/\/acontecenafronteira.com.br\/index.php\/wp-json\/wp\/v2\/media?parent=29315"}],"wp:term":[{"taxonomy":"category","embeddable":true,"href":"https:\/\/acontecenafronteira.com.br\/index.php\/wp-json\/wp\/v2\/categories?post=29315"},{"taxonomy":"post_tag","embeddable":true,"href":"https:\/\/acontecenafronteira.com.br\/index.php\/wp-json\/wp\/v2\/tags?post=29315"}],"curies":[{"name":"wp","href":"https:\/\/api.w.org\/{rel}","templated":true}]}}