{"id":29301,"date":"2026-05-01T15:24:21","date_gmt":"2026-05-01T18:24:21","guid":{"rendered":"https:\/\/acontecenafronteira.com.br\/?p=29301"},"modified":"2026-05-01T15:24:23","modified_gmt":"2026-05-01T18:24:23","slug":"operarios-da-ponte-de-guaratuba-festejam-entrega-da-estrutura-no-dia-do-trabalhador","status":"publish","type":"post","link":"https:\/\/acontecenafronteira.com.br\/index.php\/2026\/05\/01\/operarios-da-ponte-de-guaratuba-festejam-entrega-da-estrutura-no-dia-do-trabalhador\/","title":{"rendered":"Oper\u00e1rios da Ponte de Guaratuba festejam entrega da estrutura no Dia do Trabalhador"},"content":{"rendered":"\n<p><strong><em>Foram mais de mil trabalhadores no pico da obra simultaneamente. Pedreiros, carpinteiros, operadores de m\u00e1quinas, armadores, soldadores, trabalhadores de Guaratuba ou de outras partes do Brasil.<\/em><\/strong><\/p>\n\n\n\n<p>A Ponte de Guaratuba, um sonho de mais de 40 anos, ser\u00e1 inaugurada nesta sexta-feira (1\u00ba) em uma data simb\u00f3lica: o Dia do Trabalhador. Centenas de trabalhadores ajudaram a p\u00f4r fim a uma espera que ia muito al\u00e9m do tempo de travessia com o ferry boat. Era uma espera que segurava o desenvolvimento de Guaratuba e do Litoral do Paran\u00e1 como um todo. A espera acabou.<\/p>\n\n\n\n<p>Foram mais de mil trabalhadores que atuaram no pico da obra simultaneamente. Ao todo, s\u00e3o 3 milh\u00f5es de homem\/hora trabalhada \u2013 n\u00famero de trabalhadores \u00d7 hora trabalhadas \u2013 durante toda a obra, contribuindo para que fosse executada em tempo recorde. Pedreiros, carpinteiros, operadores de m\u00e1quinas, armadores, soldadores, trabalhadores de Guaratuba ou de outras partes do Brasil. Todos em uma for\u00e7a-tarefa para concretizar o sonho dos paranaenses dentro do cronograma, seguido \u00e0 risca.<\/p>\n\n\n\n<p>Entre eles est\u00e1 Abr\u00e3o de Oliveira, carpinteiro presente na obra desde o in\u00edcio, em abril de 2024. Morador de Guaratuba h\u00e1 15 anos, ele sabe bem as dificuldades impostas durante anos pela falta da estrutura. \u201cMuitas vezes eu passei perrengues aqui, indo para Paranagu\u00e1, encarando a fila da balsa. A ponte foi um bom projeto tirado do papel. H\u00e1 muitos anos est\u00e1vamos esperando por isso\u201d, conta, orgulhoso por participar de um momento hist\u00f3rico para a cidade que o recebeu h\u00e1 mais de uma d\u00e9cada.<\/p>\n\n\n\n<blockquote class=\"wp-block-quote is-layout-flow wp-block-quote-is-layout-flow\">\n<p>\u201c\u00c9 um sentimento de muita honra. Estou feliz por isso e por ter ajudado o nosso Litoral, concluindo essa obra\u201d, continua. E a fam\u00edlia de Abr\u00e3o em Reserva, sua cidade natal, j\u00e1 tem planos para vir conhecer a ponte que ele ajudou a construir. \u201cLembro dos parentes quando vinham para as praias, sempre me perguntavam \u2018como \u00e9 que est\u00e1 o andamento da obra?\u2019. Todo mundo na expectativa para que quando acabasse n\u00e3o precisar encarar a fila do ferry boat\u201d, comenta.<\/p>\n<\/blockquote>\n\n\n\n<p>Presente desde as fases iniciais da constru\u00e7\u00e3o da ponte, o pedreiro Walcir Andrade Tobias chegou para trabalhar na obra em setembro de 2024. Ele, que tamb\u00e9m \u00e9 morador de Guaratuba, veio do Mato Grosso do Sul h\u00e1 mais de 30 anos. \u201cFoi um grande privil\u00e9gio poder construir essa ponte que \u00e9 um sonho tanto nosso, enquanto trabalhadores, quanto de toda a popula\u00e7\u00e3o. Estamos aqui prestando um bom servi\u00e7o, e creio que foi bom, porque estou at\u00e9 agora\u201d, brinca.<\/p>\n\n\n\n<p>Walcir enxerga na ponte a possibilidade de um futuro melhor para Guaratuba, sem esquecer da import\u00e2ncia hist\u00f3rica que o ferry boat teve para a cidade. \u201cTinha que enfrentar esse aben\u00e7oado ferry boat, e falo aben\u00e7oado porque serviu n\u00e3o s\u00f3 a n\u00f3s, mas a muita gente. Quando era para fazer viagem para l\u00e1, tinha toda aquela demora\u201d, diz, apontando para o lado mais pr\u00f3ximo de Matinhos.<\/p>\n\n\n\n<blockquote class=\"wp-block-quote is-layout-flow wp-block-quote-is-layout-flow\">\n<p>\u201cO nosso sonho sempre foi um dia falar que temos a ponte, mas ningu\u00e9m de fato acreditava que esse dia chegaria e, gra\u00e7as a Deus, deu tudo certo\u201d, complementa. \u201cFaz mais de 30 anos que estou aqui e tamb\u00e9m estou inclu\u00eddo nesse sonho. Para mim, \u00e9 um grande prazer ter essa ponte que veio para unir tudo aqui.\u201d<\/p>\n<\/blockquote>\n\n\n\n<p>E se engana quem pensa que apenas os paranaenses estavam ansiosos pela entrega da estrutura. \u201cTodo ano meus irm\u00e3os v\u00eam para c\u00e1 e sempre me perguntam \u2018e a ponte, vai sair?\u2019. Hoje eles est\u00e3o juntos na inaugura\u00e7\u00e3o, ent\u00e3o \u00e9 um grande privil\u00e9gio\u201d, finaliza.<\/p>\n\n\n\n<blockquote class=\"wp-block-quote is-layout-flow wp-block-quote-is-layout-flow\">\n<p><strong>\u201cPRIMEIRA PONTE\u201d \u2013<\/strong>&nbsp;Vindo de um pouco mais distante, a cerca de 1,2 mil km, o encarregado de montagem Alessandro Barreto saiu de Itumbiara, em Goi\u00e1s, especialmente para trabalhar na Ponte de Guaratuba. Ele chegou em fevereiro de 2025 para atuar em um dos trechos mais ic\u00f4nicos da estrutura: o estaiado. \u201cA minha trajet\u00f3ria foi no meio do mar, nos dois pilares centrais da ponte, apoio 4 e apoio 5\u201d, explica.<\/p>\n<\/blockquote>\n\n\n\n<blockquote class=\"wp-block-quote is-layout-flow wp-block-quote-is-layout-flow\">\n<p>\u201cPor incr\u00edvel que pare\u00e7a, essa \u00e9 a minha primeira ponte. Eu trabalhei a minha vida inteira em usinas hidrel\u00e9tricas, ent\u00e3o essa foi a primeira oportunidade que tive de trabalhar em uma estrutura como essa\u201d, ressalta. Ele detalha a experi\u00eancia de construir uma ponte estaiada. \u201cA diferen\u00e7a \u00e9 que aqui eu trabalho dentro do mar. Na hidrel\u00e9trica, trabalhamos primeiro na terra para depois encher e formar o rio da usina. Trabalhar na terra a gente j\u00e1 est\u00e1 acostumado. No mar foi a primeira vez, ent\u00e3o achei mais interessante.\u201d<\/p>\n<\/blockquote>\n\n\n\n<p>E se a temperatura em Guaratuba pode passar dos 30\u00baC, a brisa do mar ajuda a diferenciar o calor daqui em compara\u00e7\u00e3o ao goiano. \u201cEssas regi\u00f5es mais frias eu j\u00e1 conhecia, pois trabalhei por aqui e em Santa Catarina tamb\u00e9m. Eu gosto muito dessa regi\u00e3o e do frio, acho o clima bem gostoso. Quando surgiu a oportunidade de vir para o Paran\u00e1, eu n\u00e3o pensei duas vezes. Me adapto bem ao frio\u201d, conta.<\/p>\n\n\n\n<p>Agora, com a ponte entregue, o sentimento \u00e9 de dever cumprido. \u201cFico muito feliz de ter participado desse projeto. Todo mundo aqui falava disso, s\u00f3 que eu n\u00e3o tinha conhecimento. A partir do momento que eu cheguei, as pessoas comentavam o quanto essa obra era esperada h\u00e1 anos, e hoje \u00e9 um sonho que est\u00e1 acontecendo. Batalhamos muito para chegar no que est\u00e1 hoje para essa inaugura\u00e7\u00e3o\u201d, finaliza.<\/p>\n\n\n\n<p><strong>PONTE \u2013<\/strong>&nbsp;Com investimento de mais de R$ 400 milh\u00f5es do Governo do Estado, a obra ficou sob responsabilidade do Departamento de Estrada de Rodagens do Paran\u00e1 (DER\/PR), autarquia da Secretaria de Estado de Infraestrutura e Log\u00edstica (SEIL), e foi executada pelo Cons\u00f3rcio Nova Ponte.<\/p>\n\n\n\n<p>A Ponte de Guaratuba \u00e9 uma das principais obras de infraestrutura do Paran\u00e1 e conta com 1.244 metros de extens\u00e3o, com quatro faixas de tr\u00e1fego, duas faixas de seguran\u00e7a em cada sentido, cal\u00e7adas com ciclovia e guarda-corpos. Contando com os acessos na PR-412, a obra compreende cerca de 3 quil\u00f4metros ao todo.<\/p>\n\n\n\n<figure class=\"wp-block-gallery has-nested-images columns-default is-cropped wp-block-gallery-1 is-layout-flex wp-block-gallery-is-layout-flex\">\n<figure class=\"wp-block-image size-large\"><img loading=\"lazy\" decoding=\"async\" width=\"1024\" height=\"683\" data-id=\"29307\" src=\"https:\/\/acontecenafronteira.com.br\/wp-content\/uploads\/2026\/05\/trabalhadores_ponte_foto_rdziura-5062-1024x683.jpg?v=1777659779\" alt=\"\" class=\"wp-image-29307\" srcset=\"https:\/\/acontecenafronteira.com.br\/wp-content\/uploads\/2026\/05\/trabalhadores_ponte_foto_rdziura-5062-1024x683.jpg?v=1777659779 1024w, https:\/\/acontecenafronteira.com.br\/wp-content\/uploads\/2026\/05\/trabalhadores_ponte_foto_rdziura-5062-300x200.jpg?v=1777659779 300w, https:\/\/acontecenafronteira.com.br\/wp-content\/uploads\/2026\/05\/trabalhadores_ponte_foto_rdziura-5062-768x512.jpg?v=1777659779 768w, https:\/\/acontecenafronteira.com.br\/wp-content\/uploads\/2026\/05\/trabalhadores_ponte_foto_rdziura-5062-1536x1024.jpg?v=1777659779 1536w, https:\/\/acontecenafronteira.com.br\/wp-content\/uploads\/2026\/05\/trabalhadores_ponte_foto_rdziura-5062-2048x1365.jpg?v=1777659779 2048w\" sizes=\"auto, (max-width: 1024px) 100vw, 1024px\" \/><figcaption class=\"wp-element-caption\">Guaratuba, 30 de abril de 2026 &#8211; Trabalhadores da Ponte.<\/figcaption><\/figure>\n\n\n\n<figure class=\"wp-block-image size-large\"><img loading=\"lazy\" decoding=\"async\" width=\"1024\" height=\"683\" data-id=\"29306\" src=\"https:\/\/acontecenafronteira.com.br\/wp-content\/uploads\/2026\/05\/trabalhadores_ponte_foto_rdziura-5065-1024x683.jpg?v=1777659779\" alt=\"\" class=\"wp-image-29306\" srcset=\"https:\/\/acontecenafronteira.com.br\/wp-content\/uploads\/2026\/05\/trabalhadores_ponte_foto_rdziura-5065-1024x683.jpg?v=1777659779 1024w, https:\/\/acontecenafronteira.com.br\/wp-content\/uploads\/2026\/05\/trabalhadores_ponte_foto_rdziura-5065-300x200.jpg?v=1777659779 300w, https:\/\/acontecenafronteira.com.br\/wp-content\/uploads\/2026\/05\/trabalhadores_ponte_foto_rdziura-5065-768x512.jpg?v=1777659779 768w, https:\/\/acontecenafronteira.com.br\/wp-content\/uploads\/2026\/05\/trabalhadores_ponte_foto_rdziura-5065-1536x1024.jpg?v=1777659779 1536w, https:\/\/acontecenafronteira.com.br\/wp-content\/uploads\/2026\/05\/trabalhadores_ponte_foto_rdziura-5065-2048x1365.jpg?v=1777659779 2048w\" sizes=\"auto, (max-width: 1024px) 100vw, 1024px\" \/><figcaption class=\"wp-element-caption\">Guaratuba, 30 de abril de 2026 &#8211; Trabalhadores da Ponte.<\/figcaption><\/figure>\n\n\n\n<figure class=\"wp-block-image size-large\"><img loading=\"lazy\" decoding=\"async\" width=\"1024\" height=\"683\" data-id=\"29304\" src=\"https:\/\/acontecenafronteira.com.br\/wp-content\/uploads\/2026\/05\/trabalhadores_ponte_foto_rdziura-5071-1024x683.jpg?v=1777659779\" alt=\"\" class=\"wp-image-29304\" srcset=\"https:\/\/acontecenafronteira.com.br\/wp-content\/uploads\/2026\/05\/trabalhadores_ponte_foto_rdziura-5071-1024x683.jpg?v=1777659779 1024w, https:\/\/acontecenafronteira.com.br\/wp-content\/uploads\/2026\/05\/trabalhadores_ponte_foto_rdziura-5071-300x200.jpg?v=1777659779 300w, https:\/\/acontecenafronteira.com.br\/wp-content\/uploads\/2026\/05\/trabalhadores_ponte_foto_rdziura-5071-768x512.jpg?v=1777659779 768w, https:\/\/acontecenafronteira.com.br\/wp-content\/uploads\/2026\/05\/trabalhadores_ponte_foto_rdziura-5071-1536x1024.jpg?v=1777659779 1536w, https:\/\/acontecenafronteira.com.br\/wp-content\/uploads\/2026\/05\/trabalhadores_ponte_foto_rdziura-5071-2048x1365.jpg?v=1777659779 2048w\" sizes=\"auto, (max-width: 1024px) 100vw, 1024px\" \/><figcaption class=\"wp-element-caption\">Guaratuba, 30 de abril de 2026 &#8211; Trabalhadores da Ponte.<\/figcaption><\/figure>\n\n\n\n<figure class=\"wp-block-image size-large\"><img loading=\"lazy\" decoding=\"async\" width=\"1024\" height=\"683\" data-id=\"29303\" src=\"https:\/\/acontecenafronteira.com.br\/wp-content\/uploads\/2026\/05\/trabalhadores_ponte_foto_rdziura-5078-1024x683.jpg?v=1777659779\" alt=\"\" class=\"wp-image-29303\" srcset=\"https:\/\/acontecenafronteira.com.br\/wp-content\/uploads\/2026\/05\/trabalhadores_ponte_foto_rdziura-5078-1024x683.jpg?v=1777659779 1024w, https:\/\/acontecenafronteira.com.br\/wp-content\/uploads\/2026\/05\/trabalhadores_ponte_foto_rdziura-5078-300x200.jpg?v=1777659779 300w, https:\/\/acontecenafronteira.com.br\/wp-content\/uploads\/2026\/05\/trabalhadores_ponte_foto_rdziura-5078-768x512.jpg?v=1777659779 768w, https:\/\/acontecenafronteira.com.br\/wp-content\/uploads\/2026\/05\/trabalhadores_ponte_foto_rdziura-5078-1536x1024.jpg?v=1777659779 1536w, https:\/\/acontecenafronteira.com.br\/wp-content\/uploads\/2026\/05\/trabalhadores_ponte_foto_rdziura-5078-2048x1365.jpg?v=1777659779 2048w\" sizes=\"auto, (max-width: 1024px) 100vw, 1024px\" \/><figcaption class=\"wp-element-caption\">Guaratuba, 30 de abril de 2026 &#8211; Trabalhadores da Ponte.<\/figcaption><\/figure>\n\n\n\n<figure class=\"wp-block-image size-large\"><img loading=\"lazy\" decoding=\"async\" width=\"1024\" height=\"683\" data-id=\"29302\" src=\"https:\/\/acontecenafronteira.com.br\/wp-content\/uploads\/2026\/05\/trabalhadores_ponte_foto_rdziura-5468-1024x683.jpg?v=1777659779\" alt=\"\" class=\"wp-image-29302\" srcset=\"https:\/\/acontecenafronteira.com.br\/wp-content\/uploads\/2026\/05\/trabalhadores_ponte_foto_rdziura-5468-1024x683.jpg?v=1777659779 1024w, https:\/\/acontecenafronteira.com.br\/wp-content\/uploads\/2026\/05\/trabalhadores_ponte_foto_rdziura-5468-300x200.jpg?v=1777659779 300w, https:\/\/acontecenafronteira.com.br\/wp-content\/uploads\/2026\/05\/trabalhadores_ponte_foto_rdziura-5468-768x512.jpg?v=1777659779 768w, https:\/\/acontecenafronteira.com.br\/wp-content\/uploads\/2026\/05\/trabalhadores_ponte_foto_rdziura-5468-1536x1024.jpg?v=1777659779 1536w, https:\/\/acontecenafronteira.com.br\/wp-content\/uploads\/2026\/05\/trabalhadores_ponte_foto_rdziura-5468-2048x1365.jpg?v=1777659779 2048w\" sizes=\"auto, (max-width: 1024px) 100vw, 1024px\" \/><figcaption class=\"wp-element-caption\">Guaratuba, 30 de abril de 2026 &#8211; Trabalhadores da Ponte.<\/figcaption><\/figure>\n\n\n\n<figure class=\"wp-block-image size-large\"><img loading=\"lazy\" decoding=\"async\" width=\"1024\" height=\"683\" data-id=\"29305\" src=\"https:\/\/acontecenafronteira.com.br\/wp-content\/uploads\/2026\/05\/trabalhadores_ponte_foto_rdziura-5471-1024x683.jpg?v=1777659780\" alt=\"\" class=\"wp-image-29305\" srcset=\"https:\/\/acontecenafronteira.com.br\/wp-content\/uploads\/2026\/05\/trabalhadores_ponte_foto_rdziura-5471-1024x683.jpg?v=1777659780 1024w, https:\/\/acontecenafronteira.com.br\/wp-content\/uploads\/2026\/05\/trabalhadores_ponte_foto_rdziura-5471-300x200.jpg?v=1777659780 300w, https:\/\/acontecenafronteira.com.br\/wp-content\/uploads\/2026\/05\/trabalhadores_ponte_foto_rdziura-5471-768x512.jpg?v=1777659780 768w, https:\/\/acontecenafronteira.com.br\/wp-content\/uploads\/2026\/05\/trabalhadores_ponte_foto_rdziura-5471-1536x1024.jpg?v=1777659780 1536w, https:\/\/acontecenafronteira.com.br\/wp-content\/uploads\/2026\/05\/trabalhadores_ponte_foto_rdziura-5471-2048x1365.jpg?v=1777659780 2048w\" sizes=\"auto, (max-width: 1024px) 100vw, 1024px\" \/><figcaption class=\"wp-element-caption\">Guaratuba, 30 de abril de 2026 &#8211; Trabalhadores da Ponte.<\/figcaption><\/figure>\n<\/figure>\n","protected":false},"excerpt":{"rendered":"<p>Foram mais de mil trabalhadores no pico da obra simultaneamente. Pedreiros, carpinteiros, operadores de m\u00e1quinas, armadores, soldadores, trabalhadores de Guaratuba ou de outras partes do Brasil. A Ponte de Guaratuba, um sonho de mais de 40 anos, ser\u00e1 inaugurada nesta sexta-feira (1\u00ba) em uma data simb\u00f3lica: o Dia do Trabalhador. Centenas de trabalhadores ajudaram a [&hellip;]<\/p>\n","protected":false},"author":2,"featured_media":29305,"comment_status":"open","ping_status":"open","sticky":false,"template":"","format":"standard","meta":{"om_disable_all_campaigns":false,"_monsterinsights_skip_tracking":false,"_monsterinsights_sitenote_active":false,"_monsterinsights_sitenote_note":"","_monsterinsights_sitenote_category":0,"footnotes":""},"categories":[26,4,14,18],"tags":[],"class_list":["post-29301","post","type-post","status-publish","format-standard","has-post-thumbnail","hentry","category-brasil","category-cidade","category-obras","category-parana"],"_links":{"self":[{"href":"https:\/\/acontecenafronteira.com.br\/index.php\/wp-json\/wp\/v2\/posts\/29301","targetHints":{"allow":["GET"]}}],"collection":[{"href":"https:\/\/acontecenafronteira.com.br\/index.php\/wp-json\/wp\/v2\/posts"}],"about":[{"href":"https:\/\/acontecenafronteira.com.br\/index.php\/wp-json\/wp\/v2\/types\/post"}],"author":[{"embeddable":true,"href":"https:\/\/acontecenafronteira.com.br\/index.php\/wp-json\/wp\/v2\/users\/2"}],"replies":[{"embeddable":true,"href":"https:\/\/acontecenafronteira.com.br\/index.php\/wp-json\/wp\/v2\/comments?post=29301"}],"version-history":[{"count":1,"href":"https:\/\/acontecenafronteira.com.br\/index.php\/wp-json\/wp\/v2\/posts\/29301\/revisions"}],"predecessor-version":[{"id":29308,"href":"https:\/\/acontecenafronteira.com.br\/index.php\/wp-json\/wp\/v2\/posts\/29301\/revisions\/29308"}],"wp:featuredmedia":[{"embeddable":true,"href":"https:\/\/acontecenafronteira.com.br\/index.php\/wp-json\/wp\/v2\/media\/29305"}],"wp:attachment":[{"href":"https:\/\/acontecenafronteira.com.br\/index.php\/wp-json\/wp\/v2\/media?parent=29301"}],"wp:term":[{"taxonomy":"category","embeddable":true,"href":"https:\/\/acontecenafronteira.com.br\/index.php\/wp-json\/wp\/v2\/categories?post=29301"},{"taxonomy":"post_tag","embeddable":true,"href":"https:\/\/acontecenafronteira.com.br\/index.php\/wp-json\/wp\/v2\/tags?post=29301"}],"curies":[{"name":"wp","href":"https:\/\/api.w.org\/{rel}","templated":true}]}}