{"id":29298,"date":"2026-04-30T11:21:34","date_gmt":"2026-04-30T14:21:34","guid":{"rendered":"https:\/\/acontecenafronteira.com.br\/?p=29298"},"modified":"2026-04-30T11:21:35","modified_gmt":"2026-04-30T14:21:35","slug":"fundo-para-financiar-politicas-de-protecao-animal-entra-no-radar-em-foz","status":"publish","type":"post","link":"https:\/\/acontecenafronteira.com.br\/index.php\/2026\/04\/30\/fundo-para-financiar-politicas-de-protecao-animal-entra-no-radar-em-foz\/","title":{"rendered":"Fundo para financiar pol\u00edticas de prote\u00e7\u00e3o animal entra no radar em Foz"},"content":{"rendered":"\n<p><strong><em>O intuito \u00e9 estruturar e financiar pol\u00edticas p\u00fablicas voltadas \u00e0 causa animal, agilizar investimentos e ampliar o alcance das a\u00e7\u00f5es<\/em><\/strong><\/p>\n\n\n\n<p>A crescente preocupa\u00e7\u00e3o com o bem-estar animal e a vulnerabilidade dos animais que est\u00e3o em situa\u00e7\u00e3o de rua t\u00eam impulsionado debates sobre a cria\u00e7\u00e3o de pol\u00edticas p\u00fablicas mais estruturadas em Foz do Igua\u00e7u. Entre as propostas em pauta, est\u00e1 a implementa\u00e7\u00e3o de mecanismos que garantam recursos espec\u00edficos para a\u00e7\u00f5es voltadas \u00e0 prote\u00e7\u00e3o e cuidado dos animais no munic\u00edpio. Com esse objetivo, a vereadora Valentina (PT) apresentou um requerimento solicitando ao prefeito Joaquim Silva e Luna informa\u00e7\u00f5es sobre a poss\u00edvel cria\u00e7\u00e3o do Fundo Municipal de Prote\u00e7\u00e3o Animal, visando agilizar investimentos e ampliar o alcance das a\u00e7\u00f5es. O documento foi encaminhado pela C\u00e2mara e agora aguarda retorno do Poder Executivo.<\/p>\n\n\n\n<p>A iniciativa surge diante da aus\u00eancia de informa\u00e7\u00f5es p\u00fablicas sobre a exist\u00eancia de estudos ou projetos em andamento relacionados ao fundo, considerado um instrumento importante para a capta\u00e7\u00e3o e aplica\u00e7\u00e3o de recursos destinados \u00e0s pol\u00edticas da causa animal. A quantidade de \u00f3rg\u00e3os, conselhos ou entidades da sociedade civil consultados tamb\u00e9m foi objeto de questionamentos.<br>Segundo a vereadora, a proposta busca fortalecer a atua\u00e7\u00e3o do poder p\u00fablico e ampliar a transpar\u00eancia. \u201cEntendemos que, para fortalecer e consolidar efetivamente a pol\u00edtica p\u00fablica no munic\u00edpio, \u00e9 necess\u00e1ria a cria\u00e7\u00e3o de um fundo espec\u00edfico. A iniciativa visa proporcionar melhores condi\u00e7\u00f5es \u00e0s protetoras e aos protetores, bem como \u00e0s pessoas que desempenham esse trabalho por meio de organiza\u00e7\u00f5es n\u00e3o governamentais e do voluntariado, garantindo a estrutura necess\u00e1ria para a continuidade de uma atividade que, atualmente, o Poder Executivo n\u00e3o consegue suprir integralmente\u201d, afirmou a parlamentar.<\/p>\n\n\n\n<p>Entre os questionamentos apresentados est\u00e3o a exist\u00eancia de estudos t\u00e9cnicos, jur\u00eddicos ou administrativos, a elabora\u00e7\u00e3o de eventual minuta ou anteprojeto de lei, a previs\u00e3o de envio da proposta ao Legislativo, a participa\u00e7\u00e3o de \u00f3rg\u00e3os e entidades na constru\u00e7\u00e3o da iniciativa e as poss\u00edveis fontes de financiamento para o fundo.<\/p>\n","protected":false},"excerpt":{"rendered":"<p>O intuito \u00e9 estruturar e financiar pol\u00edticas p\u00fablicas voltadas \u00e0 causa animal, agilizar investimentos e ampliar o alcance das a\u00e7\u00f5es A crescente preocupa\u00e7\u00e3o com o bem-estar animal e a vulnerabilidade dos animais que est\u00e3o em situa\u00e7\u00e3o de rua t\u00eam impulsionado debates sobre a cria\u00e7\u00e3o de pol\u00edticas p\u00fablicas mais estruturadas em Foz do Igua\u00e7u. Entre as [&hellip;]<\/p>\n","protected":false},"author":2,"featured_media":29299,"comment_status":"open","ping_status":"open","sticky":false,"template":"","format":"standard","meta":{"om_disable_all_campaigns":false,"_monsterinsights_skip_tracking":false,"_monsterinsights_sitenote_active":false,"_monsterinsights_sitenote_note":"","_monsterinsights_sitenote_category":0,"footnotes":""},"categories":[1],"tags":[],"class_list":["post-29298","post","type-post","status-publish","format-standard","has-post-thumbnail","hentry","category-sem-categoria"],"_links":{"self":[{"href":"https:\/\/acontecenafronteira.com.br\/index.php\/wp-json\/wp\/v2\/posts\/29298","targetHints":{"allow":["GET"]}}],"collection":[{"href":"https:\/\/acontecenafronteira.com.br\/index.php\/wp-json\/wp\/v2\/posts"}],"about":[{"href":"https:\/\/acontecenafronteira.com.br\/index.php\/wp-json\/wp\/v2\/types\/post"}],"author":[{"embeddable":true,"href":"https:\/\/acontecenafronteira.com.br\/index.php\/wp-json\/wp\/v2\/users\/2"}],"replies":[{"embeddable":true,"href":"https:\/\/acontecenafronteira.com.br\/index.php\/wp-json\/wp\/v2\/comments?post=29298"}],"version-history":[{"count":1,"href":"https:\/\/acontecenafronteira.com.br\/index.php\/wp-json\/wp\/v2\/posts\/29298\/revisions"}],"predecessor-version":[{"id":29300,"href":"https:\/\/acontecenafronteira.com.br\/index.php\/wp-json\/wp\/v2\/posts\/29298\/revisions\/29300"}],"wp:featuredmedia":[{"embeddable":true,"href":"https:\/\/acontecenafronteira.com.br\/index.php\/wp-json\/wp\/v2\/media\/29299"}],"wp:attachment":[{"href":"https:\/\/acontecenafronteira.com.br\/index.php\/wp-json\/wp\/v2\/media?parent=29298"}],"wp:term":[{"taxonomy":"category","embeddable":true,"href":"https:\/\/acontecenafronteira.com.br\/index.php\/wp-json\/wp\/v2\/categories?post=29298"},{"taxonomy":"post_tag","embeddable":true,"href":"https:\/\/acontecenafronteira.com.br\/index.php\/wp-json\/wp\/v2\/tags?post=29298"}],"curies":[{"name":"wp","href":"https:\/\/api.w.org\/{rel}","templated":true}]}}