{"id":29295,"date":"2026-04-30T11:20:13","date_gmt":"2026-04-30T14:20:13","guid":{"rendered":"https:\/\/acontecenafronteira.com.br\/?p=29295"},"modified":"2026-04-30T11:20:14","modified_gmt":"2026-04-30T14:20:14","slug":"dia-do-trabalhador-confira-como-ficam-os-servicos-municipais","status":"publish","type":"post","link":"https:\/\/acontecenafronteira.com.br\/index.php\/2026\/04\/30\/dia-do-trabalhador-confira-como-ficam-os-servicos-municipais\/","title":{"rendered":"Dia do Trabalhador: confira como ficam os servi\u00e7os municipais"},"content":{"rendered":"\n<p><strong><em>Servi\u00e7os essenciais ser\u00e3o mantidos na sexta-feira, dia 1\u00ba de maio<br><\/em><\/strong><br><\/p>\n\n\n\n<p>Sexta-feira, 1\u00ba de maio, \u00e9 celebrado o Dia do Trabalhador. O feriado nacional altera o funcionamento dos servi\u00e7os p\u00fablicos municipais. Entretanto, os servi\u00e7os essenciais ser\u00e3o mantidos no munic\u00edpio, conforme estabelece o Decreto n\u00ba 34.272, de 8 de janeiro de 2026, que regulamenta os feriados e pontos facultativos no \u00e2mbito da Administra\u00e7\u00e3o Municipal.<\/p>\n\n\n\n<p>Entre os servi\u00e7os mantidos est\u00e3o a coleta de lixo, a limpeza p\u00fablica, os atendimentos de sa\u00fade, a seguran\u00e7a p\u00fablica e a fiscaliza\u00e7\u00e3o de tr\u00e2nsito.<\/p>\n\n\n\n<p>J\u00e1 as secretarias municipais, as escolas municipais, os Centros Municipais de Educa\u00e7\u00e3o Infantil (CMEIs), a sede da Prefeitura e o setor de protocolo n\u00e3o ter\u00e3o atendimento no feriado.<\/p>\n\n\n\n<p><strong>Confira:<\/strong><\/p>\n\n\n\n<p><strong>Sa\u00fade<br><\/strong>As Unidades de Pronto Atendimento (UPAs) Jo\u00e3o Samek, no Jardim das Palmeiras, e Dr. Walter Cavalcanti Barbosa, no Morumbi, mant\u00eam os atendimentos, assim como o Samu (192) e o Hospital Municipal. O Pronto Atendimento do Poliambulat\u00f3rio, no Porto Meira, tamb\u00e9m funcionar\u00e1 normalmente no feriado. J\u00e1 as Unidades B\u00e1sicas de Sa\u00fade (UBSs) estar\u00e3o fechadas e voltam a atender na segunda-feira (4).<\/p>\n\n\n\n<p><strong>Coleta de lixo<br><\/strong>A coleta de res\u00edduos e a coleta seletiva funcionar\u00e3o normalmente, seguindo o cronograma regular.<\/p>\n\n\n\n<p><strong>Seguran\u00e7a<br><\/strong>Os servi\u00e7os de seguran\u00e7a ser\u00e3o mantidos normalmente no feriado. Em caso de emerg\u00eancia, a Guarda Municipal pode ser acionada pelos telefones 153 e 199 (Defesa Civil).<\/p>\n\n\n\n<p><strong>Educa\u00e7\u00e3o<br><\/strong>As escolas municipais e os CMEIs fecham na sexta-feira. As aulas ser\u00e3o retomadas na segunda-feira.<\/p>\n\n\n\n<p><strong>Ag\u00eancia do Trabalhador<br><\/strong>A Ag\u00eancia do Trabalhador fecha na sexta-feira e reabre na segunda-feira.<\/p>\n\n\n\n<p><strong>Central do Empreendedor<br><\/strong>A Central do Empreendedor fecha na sexta-feira e retoma os atendimentos na segunda-feira.<\/p>\n\n\n\n<p><strong>Atendimento ao Turista<br><\/strong>O Centro de Atendimento ao Turista (CAT) funcionar\u00e1 normalmente no feriado. O atendimento presencial \u00e9 realizado no Cataratas JL Shopping, no piso L2.<\/p>\n\n\n\n<p>Os turistas tamb\u00e9m podem obter informa\u00e7\u00f5es por meio do atendimento virtual, via WhatsApp, pelo n\u00famero +55 800 0451516.<\/p>\n","protected":false},"excerpt":{"rendered":"<p>Servi\u00e7os essenciais ser\u00e3o mantidos na sexta-feira, dia 1\u00ba de maio Sexta-feira, 1\u00ba de maio, \u00e9 celebrado o Dia do Trabalhador. O feriado nacional altera o funcionamento dos servi\u00e7os p\u00fablicos municipais. Entretanto, os servi\u00e7os essenciais ser\u00e3o mantidos no munic\u00edpio, conforme estabelece o Decreto n\u00ba 34.272, de 8 de janeiro de 2026, que regulamenta os feriados e [&hellip;]<\/p>\n","protected":false},"author":2,"featured_media":29296,"comment_status":"open","ping_status":"open","sticky":false,"template":"","format":"standard","meta":{"om_disable_all_campaigns":false,"_monsterinsights_skip_tracking":false,"_monsterinsights_sitenote_active":false,"_monsterinsights_sitenote_note":"","_monsterinsights_sitenote_category":0,"footnotes":""},"categories":[26,4,15],"tags":[],"class_list":["post-29295","post","type-post","status-publish","format-standard","has-post-thumbnail","hentry","category-brasil","category-cidade","category-trabalho"],"_links":{"self":[{"href":"https:\/\/acontecenafronteira.com.br\/index.php\/wp-json\/wp\/v2\/posts\/29295","targetHints":{"allow":["GET"]}}],"collection":[{"href":"https:\/\/acontecenafronteira.com.br\/index.php\/wp-json\/wp\/v2\/posts"}],"about":[{"href":"https:\/\/acontecenafronteira.com.br\/index.php\/wp-json\/wp\/v2\/types\/post"}],"author":[{"embeddable":true,"href":"https:\/\/acontecenafronteira.com.br\/index.php\/wp-json\/wp\/v2\/users\/2"}],"replies":[{"embeddable":true,"href":"https:\/\/acontecenafronteira.com.br\/index.php\/wp-json\/wp\/v2\/comments?post=29295"}],"version-history":[{"count":1,"href":"https:\/\/acontecenafronteira.com.br\/index.php\/wp-json\/wp\/v2\/posts\/29295\/revisions"}],"predecessor-version":[{"id":29297,"href":"https:\/\/acontecenafronteira.com.br\/index.php\/wp-json\/wp\/v2\/posts\/29295\/revisions\/29297"}],"wp:featuredmedia":[{"embeddable":true,"href":"https:\/\/acontecenafronteira.com.br\/index.php\/wp-json\/wp\/v2\/media\/29296"}],"wp:attachment":[{"href":"https:\/\/acontecenafronteira.com.br\/index.php\/wp-json\/wp\/v2\/media?parent=29295"}],"wp:term":[{"taxonomy":"category","embeddable":true,"href":"https:\/\/acontecenafronteira.com.br\/index.php\/wp-json\/wp\/v2\/categories?post=29295"},{"taxonomy":"post_tag","embeddable":true,"href":"https:\/\/acontecenafronteira.com.br\/index.php\/wp-json\/wp\/v2\/tags?post=29295"}],"curies":[{"name":"wp","href":"https:\/\/api.w.org\/{rel}","templated":true}]}}