{"id":29289,"date":"2026-04-30T11:16:29","date_gmt":"2026-04-30T14:16:29","guid":{"rendered":"https:\/\/acontecenafronteira.com.br\/?p=29289"},"modified":"2026-04-30T11:16:30","modified_gmt":"2026-04-30T14:16:30","slug":"deoclecio-duarte-assume-uniao-brasil-em-foz-e-passa-a-integrar-maior-forca-politica-do-pais","status":"publish","type":"post","link":"https:\/\/acontecenafronteira.com.br\/index.php\/2026\/04\/30\/deoclecio-duarte-assume-uniao-brasil-em-foz-e-passa-a-integrar-maior-forca-politica-do-pais\/","title":{"rendered":"Deoclecio Duarte assume Uni\u00e3o Brasil em Foz e passa a integrar maior for\u00e7a pol\u00edtica do pa\u00eds"},"content":{"rendered":"\n<p><strong><em>Empres\u00e1rio e pr\u00e9-candidato a deputado estadual sai fortalecido da janela partid\u00e1ria e amplia articula\u00e7\u00e3o dentro da federa\u00e7\u00e3o Uni\u00e3o Progressista, maior bancada da C\u00e2mara Federal.<\/em><\/strong><\/p>\n\n\n\n<p>O empres\u00e1rio e apresentador de televis\u00e3o Deoclecio Duarte saiu fortalecido do processo de reorganiza\u00e7\u00e3o pol\u00edtica provocado pela janela partid\u00e1ria. Ap\u00f3s deixar o PL em meio \u00e0 reconfigura\u00e7\u00e3o interna da legenda no Paran\u00e1, ele confirmou a filia\u00e7\u00e3o ao Uni\u00e3o Brasil, partido que integra a federa\u00e7\u00e3o Uni\u00e3o Progressista \u2014 atualmente a maior for\u00e7a pol\u00edtica do pa\u00eds em n\u00famero de deputados federais. A decis\u00e3o foi estrat\u00e9gica e alinhada ao grupo pol\u00edtico do governador Ratinho Junior, mantendo a coer\u00eancia de uma alian\u00e7a constru\u00edda ao longo dos anos no Estado. Com a mudan\u00e7a, Deoclecio passa a integrar um bloco pol\u00edtico robusto, com forte presen\u00e7a nacional, amplo tempo de televis\u00e3o e grande capacidade de investimento em campanhas eleitorais.<br>Como reflexo direto do prest\u00edgio pol\u00edtico conquistado, Deoclecio Duarte foi nomeado presidente do Uni\u00e3o Brasil em Foz do Igua\u00e7u, assumindo a miss\u00e3o de estruturar e expandir o partido no munic\u00edpio e em toda a regi\u00e3o. A nova posi\u00e7\u00e3o refor\u00e7a sua lideran\u00e7a local e amplia o protagonismo no cen\u00e1rio pol\u00edtico estadual. A publica\u00e7\u00e3o da nova executiva no sistema do TSE ocorreu na ter\u00e7a-feira, dia 28 de abril.<br>\u201cRecebo essa responsabilidade com muito compromisso. Vamos reunir nossos correligion\u00e1rios e apoiadores j\u00e1 no m\u00eas de maio, em um grande encontro partid\u00e1rio, para fortalecer o Uni\u00e3o Brasil e ampliar nossa presen\u00e7a pol\u00edtica em Foz do Igua\u00e7u e em toda a regi\u00e3o\u201d, afirmou. De acordo com Deoclecio Duarte, a estrat\u00e9gia prev\u00ea a constru\u00e7\u00e3o de uma base s\u00f3lida em diversas regi\u00f5es do Paran\u00e1, com presen\u00e7a ativa em mais de 100 munic\u00edpios.<br>\u201cNosso projeto \u00e9 coletivo e tem vis\u00e3o de futuro. Aumentar a for\u00e7a pol\u00edtica na Assembleia Legislativa e elevar Foz do Igua\u00e7u para o reconhecimento de Metr\u00f3pole Trinacional de 1 milh\u00e3o de habitantes. Vamos construir uma base forte, com di\u00e1logo, organiza\u00e7\u00e3o e participa\u00e7\u00e3o. A ideia \u00e9 levar esse trabalho para mais de 100 cidades, consolidando um grupo pol\u00edtico preparado para representar bem o Paran\u00e1\u201d, destacou Duarte.<br>Al\u00e9m da estrutura partid\u00e1ria, o pr\u00e9-candidato conta com o apoio de importantes lideran\u00e7as pol\u00edticas do Estado, como o deputado federal Fernando Giacobo, e passa a integrar um grupo pol\u00edtico que re\u00fane nomes de peso no cen\u00e1rio paranaense, ampliando ainda mais sua viabilidade eleitoral. Com base nos resultados da elei\u00e7\u00e3o anterior e o cen\u00e1rio atual, a federa\u00e7\u00e3o estima eleger deputado estadual at\u00e9 om a margem entre 25 mil e 30 mil votos. A movimenta\u00e7\u00e3o consolida Deoclecio Duarte como um dos nomes em ascens\u00e3o no cen\u00e1rio pol\u00edtico regional.<\/p>\n","protected":false},"excerpt":{"rendered":"<p>Empres\u00e1rio e pr\u00e9-candidato a deputado estadual sai fortalecido da janela partid\u00e1ria e amplia articula\u00e7\u00e3o dentro da federa\u00e7\u00e3o Uni\u00e3o Progressista, maior bancada da C\u00e2mara Federal. O empres\u00e1rio e apresentador de televis\u00e3o Deoclecio Duarte saiu fortalecido do processo de reorganiza\u00e7\u00e3o pol\u00edtica provocado pela janela partid\u00e1ria. Ap\u00f3s deixar o PL em meio \u00e0 reconfigura\u00e7\u00e3o interna da legenda no [&hellip;]<\/p>\n","protected":false},"author":2,"featured_media":29290,"comment_status":"open","ping_status":"open","sticky":false,"template":"","format":"standard","meta":{"om_disable_all_campaigns":false,"_monsterinsights_skip_tracking":false,"_monsterinsights_sitenote_active":false,"_monsterinsights_sitenote_note":"","_monsterinsights_sitenote_category":0,"footnotes":""},"categories":[26,4,19],"tags":[],"class_list":["post-29289","post","type-post","status-publish","format-standard","has-post-thumbnail","hentry","category-brasil","category-cidade","category-politica"],"_links":{"self":[{"href":"https:\/\/acontecenafronteira.com.br\/index.php\/wp-json\/wp\/v2\/posts\/29289","targetHints":{"allow":["GET"]}}],"collection":[{"href":"https:\/\/acontecenafronteira.com.br\/index.php\/wp-json\/wp\/v2\/posts"}],"about":[{"href":"https:\/\/acontecenafronteira.com.br\/index.php\/wp-json\/wp\/v2\/types\/post"}],"author":[{"embeddable":true,"href":"https:\/\/acontecenafronteira.com.br\/index.php\/wp-json\/wp\/v2\/users\/2"}],"replies":[{"embeddable":true,"href":"https:\/\/acontecenafronteira.com.br\/index.php\/wp-json\/wp\/v2\/comments?post=29289"}],"version-history":[{"count":1,"href":"https:\/\/acontecenafronteira.com.br\/index.php\/wp-json\/wp\/v2\/posts\/29289\/revisions"}],"predecessor-version":[{"id":29291,"href":"https:\/\/acontecenafronteira.com.br\/index.php\/wp-json\/wp\/v2\/posts\/29289\/revisions\/29291"}],"wp:featuredmedia":[{"embeddable":true,"href":"https:\/\/acontecenafronteira.com.br\/index.php\/wp-json\/wp\/v2\/media\/29290"}],"wp:attachment":[{"href":"https:\/\/acontecenafronteira.com.br\/index.php\/wp-json\/wp\/v2\/media?parent=29289"}],"wp:term":[{"taxonomy":"category","embeddable":true,"href":"https:\/\/acontecenafronteira.com.br\/index.php\/wp-json\/wp\/v2\/categories?post=29289"},{"taxonomy":"post_tag","embeddable":true,"href":"https:\/\/acontecenafronteira.com.br\/index.php\/wp-json\/wp\/v2\/tags?post=29289"}],"curies":[{"name":"wp","href":"https:\/\/api.w.org\/{rel}","templated":true}]}}