{"id":29287,"date":"2026-04-29T16:01:51","date_gmt":"2026-04-29T19:01:51","guid":{"rendered":"https:\/\/acontecenafronteira.com.br\/?p=29287"},"modified":"2026-04-29T16:01:52","modified_gmt":"2026-04-29T19:01:52","slug":"receita-federal-autoriza-exportacoes-pela-perimetral-leste","status":"publish","type":"post","link":"https:\/\/acontecenafronteira.com.br\/index.php\/2026\/04\/29\/receita-federal-autoriza-exportacoes-pela-perimetral-leste\/","title":{"rendered":"Receita Federal Autoriza Exporta\u00e7\u00f5es Pela Perimetral Leste"},"content":{"rendered":"\n<p><strong><em>As primeiras opera\u00e7\u00f5es de exporta\u00e7\u00e3o pela Rodovia Perimetral Leste ter\u00e3o in\u00edcio a partir do dia 5 de maio de 2026<\/em><\/strong><\/p>\n\n\n\n<p>Tendo em vista a autoriza\u00e7\u00e3o do Departamento Nacional de Infraestrutura de Transportes (DNIT) para utiliza\u00e7\u00e3o da Rodovia Perimetral Leste, a Alf\u00e2ndega da Receita Federal do Brasil em Foz do Igua\u00e7u informa que passar\u00e1 a autorizar, em car\u00e1ter definitivo, o direcionamento do fluxo de ve\u00edculos de carga de exporta\u00e7\u00e3o para a Argentina por essa nova rota.<br>A medida tem como objetivo ampliar a efici\u00eancia operacional e mitigar riscos de congestionamentos e acidentes, especialmente na rodovia BR.<br>Nesse contexto, as primeiras opera\u00e7\u00f5es de exporta\u00e7\u00e3o pela Rodovia Perimetral Leste ter\u00e3o in\u00edcio a partir do dia 5 de maio de 2026.<br>Adicionalmente, no per\u00edodo de 19 a 21 de maio de 2026 (de ter\u00e7a a quinta feira), ser\u00e1 iniciada, de forma gradual e controlada, a avalia\u00e7\u00e3o da migra\u00e7\u00e3o dos fluxos de importa\u00e7\u00e3o provenientes da Argentina, contemplando a an\u00e1lise dos impactos log\u00edsticos, de eventuais gargalos operacionais e das condi\u00e7\u00f5es de seguran\u00e7a vi\u00e1ria.<br>Com a altera\u00e7\u00e3o da rota do tr\u00e2nsito aduaneiro, estima-se que cerca de 200 caminh\u00f5es deixar\u00e3o de circular pela Avenida Paran\u00e1, sendo cerca de 50 ve\u00edculos de exporta\u00e7\u00e3o e 150 de importa\u00e7\u00e3o, e pelo per\u00edmetro urbano de Foz do Igua\u00e7u, contribuindo para a melhoria da fluidez do tr\u00e1fego e da seguran\u00e7a vi\u00e1ria na regi\u00e3o.<br>Com base nos resultados obtidos, poder\u00e3o ser realizados novos ajustes operacionais, visando \u00e0 implementa\u00e7\u00e3o progressiva e definitiva do redirecionamento dos fluxos de cargas pela Rodovia Perimetral Leste.<br>A Receita Federal do Brasil refor\u00e7a seu compromisso com a facilita\u00e7\u00e3o do com\u00e9rcio exterior, a efici\u00eancia log\u00edstica, a seguran\u00e7a vi\u00e1ria e a melhoria do fluxo de tr\u00e2nsito, contribuindo tamb\u00e9m para a qualidade de vida da popula\u00e7\u00e3o de Foz do Igua\u00e7u.<\/p>\n\n\n\n<figure class=\"wp-block-image size-large\"><img loading=\"lazy\" decoding=\"async\" width=\"1024\" height=\"576\" src=\"http:\/\/acontecenafronteira.com.br\/wp-content\/uploads\/2026\/02\/perimetral-1536x864-1-1024x576.jpg\" alt=\"\" class=\"wp-image-28237\" srcset=\"https:\/\/acontecenafronteira.com.br\/wp-content\/uploads\/2026\/02\/perimetral-1536x864-1-1024x576.jpg?v=1770214594 1024w, https:\/\/acontecenafronteira.com.br\/wp-content\/uploads\/2026\/02\/perimetral-1536x864-1-300x169.jpg?v=1770214594 300w, https:\/\/acontecenafronteira.com.br\/wp-content\/uploads\/2026\/02\/perimetral-1536x864-1-768x432.jpg?v=1770214594 768w, https:\/\/acontecenafronteira.com.br\/wp-content\/uploads\/2026\/02\/perimetral-1536x864-1.jpg?v=1770214594 1536w\" sizes=\"auto, (max-width: 1024px) 100vw, 1024px\" \/><figcaption class=\"wp-element-caption\">default<\/figcaption><\/figure>\n","protected":false},"excerpt":{"rendered":"<p>As primeiras opera\u00e7\u00f5es de exporta\u00e7\u00e3o pela Rodovia Perimetral Leste ter\u00e3o in\u00edcio a partir do dia 5 de maio de 2026 Tendo em vista a autoriza\u00e7\u00e3o do Departamento Nacional de Infraestrutura de Transportes (DNIT) para utiliza\u00e7\u00e3o da Rodovia Perimetral Leste, a Alf\u00e2ndega da Receita Federal do Brasil em Foz do Igua\u00e7u informa que passar\u00e1 a autorizar, [&hellip;]<\/p>\n","protected":false},"author":2,"featured_media":28237,"comment_status":"open","ping_status":"open","sticky":false,"template":"","format":"standard","meta":{"om_disable_all_campaigns":false,"_monsterinsights_skip_tracking":false,"_monsterinsights_sitenote_active":false,"_monsterinsights_sitenote_note":"","_monsterinsights_sitenote_category":0,"footnotes":""},"categories":[1],"tags":[],"class_list":["post-29287","post","type-post","status-publish","format-standard","has-post-thumbnail","hentry","category-sem-categoria"],"_links":{"self":[{"href":"https:\/\/acontecenafronteira.com.br\/index.php\/wp-json\/wp\/v2\/posts\/29287","targetHints":{"allow":["GET"]}}],"collection":[{"href":"https:\/\/acontecenafronteira.com.br\/index.php\/wp-json\/wp\/v2\/posts"}],"about":[{"href":"https:\/\/acontecenafronteira.com.br\/index.php\/wp-json\/wp\/v2\/types\/post"}],"author":[{"embeddable":true,"href":"https:\/\/acontecenafronteira.com.br\/index.php\/wp-json\/wp\/v2\/users\/2"}],"replies":[{"embeddable":true,"href":"https:\/\/acontecenafronteira.com.br\/index.php\/wp-json\/wp\/v2\/comments?post=29287"}],"version-history":[{"count":1,"href":"https:\/\/acontecenafronteira.com.br\/index.php\/wp-json\/wp\/v2\/posts\/29287\/revisions"}],"predecessor-version":[{"id":29288,"href":"https:\/\/acontecenafronteira.com.br\/index.php\/wp-json\/wp\/v2\/posts\/29287\/revisions\/29288"}],"wp:featuredmedia":[{"embeddable":true,"href":"https:\/\/acontecenafronteira.com.br\/index.php\/wp-json\/wp\/v2\/media\/28237"}],"wp:attachment":[{"href":"https:\/\/acontecenafronteira.com.br\/index.php\/wp-json\/wp\/v2\/media?parent=29287"}],"wp:term":[{"taxonomy":"category","embeddable":true,"href":"https:\/\/acontecenafronteira.com.br\/index.php\/wp-json\/wp\/v2\/categories?post=29287"},{"taxonomy":"post_tag","embeddable":true,"href":"https:\/\/acontecenafronteira.com.br\/index.php\/wp-json\/wp\/v2\/tags?post=29287"}],"curies":[{"name":"wp","href":"https:\/\/api.w.org\/{rel}","templated":true}]}}