{"id":29283,"date":"2026-04-29T15:55:35","date_gmt":"2026-04-29T18:55:35","guid":{"rendered":"https:\/\/acontecenafronteira.com.br\/?p=29283"},"modified":"2026-04-29T15:55:36","modified_gmt":"2026-04-29T18:55:36","slug":"requerimento-solicita-a-prefeitura-medidas-para-reducao-de-alagamentos","status":"publish","type":"post","link":"https:\/\/acontecenafronteira.com.br\/index.php\/2026\/04\/29\/requerimento-solicita-a-prefeitura-medidas-para-reducao-de-alagamentos\/","title":{"rendered":"Requerimento solicita \u00e0 Prefeitura medidas para redu\u00e7\u00e3o de alagamentos"},"content":{"rendered":"\n<p><strong><em>Implanta\u00e7\u00e3o de cestos coletores nos bueiros \u00e9 apontada como solu\u00e7\u00e3o eficiente para evitar entupimentos e ac\u00famulo de res\u00edduos<\/em><\/strong><\/p>\n\n\n\n<p>Diante da necessidade de aprimorar a infraestrutura urbana e prevenir problemas como alagamentos e ac\u00famulo de res\u00edduos nas vias p\u00fablicas de Foz do Igua\u00e7u, a implanta\u00e7\u00e3o de cestos coletores de res\u00edduos \u2014 conhecidos como \u201cbueiros inteligentes\u201d \u2014 surge como uma alternativa eficiente e de baixo custo. Pensando nisso, o vereador Evandro Ferreira (PSD) apresentou o requerimento n\u00ba 205\/2026, que pede ao Executivo a realiza\u00e7\u00e3o de estudos sobre a possibilidade de instala\u00e7\u00e3o desses dispositivos nas entradas de bueiros do munic\u00edpio.<\/p>\n\n\n\n<figure class=\"wp-block-image size-large is-resized\"><img loading=\"lazy\" decoding=\"async\" width=\"1024\" height=\"675\" src=\"http:\/\/acontecenafronteira.com.br\/wp-content\/uploads\/2026\/04\/evandr-1024x675.jpg\" alt=\"\" class=\"wp-image-28849\" style=\"aspect-ratio:1.5170584417416824;width:342px;height:auto\" srcset=\"https:\/\/acontecenafronteira.com.br\/wp-content\/uploads\/2026\/04\/evandr-1024x675.jpg?v=1775487421 1024w, https:\/\/acontecenafronteira.com.br\/wp-content\/uploads\/2026\/04\/evandr-300x198.jpg?v=1775487421 300w, https:\/\/acontecenafronteira.com.br\/wp-content\/uploads\/2026\/04\/evandr-768x506.jpg?v=1775487421 768w, https:\/\/acontecenafronteira.com.br\/wp-content\/uploads\/2026\/04\/evandr.jpg?v=1775487421 1440w\" sizes=\"auto, (max-width: 1024px) 100vw, 1024px\" \/><\/figure>\n\n\n\n<blockquote class=\"wp-block-quote is-layout-flow wp-block-quote-is-layout-flow\">\n<p>\u201cO sistema pode contribuir para a manuten\u00e7\u00e3o da limpeza dos bueiros e, em per\u00edodos de chuva intensa, auxiliar na preven\u00e7\u00e3o de alagamentos. Ressalto que apresentei uma indica\u00e7\u00e3o no ano passado, a qual n\u00e3o foi atendida. Diante disso, protocolei agora um requerimento, com o objetivo de obter uma posi\u00e7\u00e3o oficial do Poder Executivo, considerando que se trata de uma poss\u00edvel solu\u00e7\u00e3o para os recorrentes alagamentos em nossa cidade\u201d, comentou o vereador Evandro Ferreira (PSD).<\/p>\n<\/blockquote>\n\n\n\n<p><br>Entre os questionamentos apresentados, o parlamentar busca esclarecer quais provid\u00eancias foram adotadas pela administra\u00e7\u00e3o municipal ap\u00f3s o envio da indica\u00e7\u00e3o, se houve a realiza\u00e7\u00e3o de estudos t\u00e9cnicos ou an\u00e1lise de viabilidade sobre a implanta\u00e7\u00e3o do sistema, e se h\u00e1 planejamento ou previs\u00e3o para execu\u00e7\u00e3o da medida. Tamb\u00e9m solicita justificativas caso nenhuma a\u00e7\u00e3o tenha sido tomada at\u00e9 o momento ou se n\u00e3o houver inten\u00e7\u00e3o de implementar a proposta.<\/p>\n\n\n\n<p>Na justificativa, o vereador destaca que a ado\u00e7\u00e3o dos chamados \u201cbueiros inteligentes\u201d pode contribuir significativamente para a redu\u00e7\u00e3o de entupimentos na rede pluvial, minimizar alagamentos, melhorar a limpeza urbana e promover a preserva\u00e7\u00e3o ambiental. No entanto, aponta a aus\u00eancia de informa\u00e7\u00f5es p\u00fablicas sobre o andamento da proposta, mesmo ap\u00f3s um per\u00edodo consider\u00e1vel desde sua apresenta\u00e7\u00e3o.<br>Em resposta ao requerimento, o Executivo Municipal encaminhou manifesta\u00e7\u00e3o da Secretaria Municipal de Obras, por meio de memorando oficial, indicando que a demanda foi recebida e analisada pela pasta respons\u00e1vel.<br>Por fim, o requerimento refor\u00e7a a import\u00e2ncia da transpar\u00eancia e da presta\u00e7\u00e3o de informa\u00e7\u00f5es por parte da administra\u00e7\u00e3o p\u00fablica, permitindo o acompanhamento das a\u00e7\u00f5es pelo Poder Legislativo e contribuindo para o desenvolvimento de solu\u00e7\u00f5es que melhorem a qualidade de vida da popula\u00e7\u00e3o.<\/p>\n\n\n\n<figure class=\"wp-block-video\"><video height=\"720\" style=\"aspect-ratio: 1280 \/ 720;\" width=\"1280\" controls src=\"https:\/\/acontecenafronteira.com.br\/wp-content\/uploads\/2026\/04\/WhatsApp-Video-2026-04-29-at-12.55.37.mp4\"><\/video><\/figure>\n","protected":false},"excerpt":{"rendered":"<p>Implanta\u00e7\u00e3o de cestos coletores nos bueiros \u00e9 apontada como solu\u00e7\u00e3o eficiente para evitar entupimentos e ac\u00famulo de res\u00edduos Diante da necessidade de aprimorar a infraestrutura urbana e prevenir problemas como alagamentos e ac\u00famulo de res\u00edduos nas vias p\u00fablicas de Foz do Igua\u00e7u, a implanta\u00e7\u00e3o de cestos coletores de res\u00edduos \u2014 conhecidos como \u201cbueiros inteligentes\u201d \u2014 [&hellip;]<\/p>\n","protected":false},"author":2,"featured_media":29284,"comment_status":"open","ping_status":"open","sticky":false,"template":"","format":"standard","meta":{"om_disable_all_campaigns":false,"_monsterinsights_skip_tracking":false,"_monsterinsights_sitenote_active":false,"_monsterinsights_sitenote_note":"","_monsterinsights_sitenote_category":0,"footnotes":""},"categories":[26,4,19],"tags":[],"class_list":["post-29283","post","type-post","status-publish","format-standard","has-post-thumbnail","hentry","category-brasil","category-cidade","category-politica"],"_links":{"self":[{"href":"https:\/\/acontecenafronteira.com.br\/index.php\/wp-json\/wp\/v2\/posts\/29283","targetHints":{"allow":["GET"]}}],"collection":[{"href":"https:\/\/acontecenafronteira.com.br\/index.php\/wp-json\/wp\/v2\/posts"}],"about":[{"href":"https:\/\/acontecenafronteira.com.br\/index.php\/wp-json\/wp\/v2\/types\/post"}],"author":[{"embeddable":true,"href":"https:\/\/acontecenafronteira.com.br\/index.php\/wp-json\/wp\/v2\/users\/2"}],"replies":[{"embeddable":true,"href":"https:\/\/acontecenafronteira.com.br\/index.php\/wp-json\/wp\/v2\/comments?post=29283"}],"version-history":[{"count":1,"href":"https:\/\/acontecenafronteira.com.br\/index.php\/wp-json\/wp\/v2\/posts\/29283\/revisions"}],"predecessor-version":[{"id":29286,"href":"https:\/\/acontecenafronteira.com.br\/index.php\/wp-json\/wp\/v2\/posts\/29283\/revisions\/29286"}],"wp:featuredmedia":[{"embeddable":true,"href":"https:\/\/acontecenafronteira.com.br\/index.php\/wp-json\/wp\/v2\/media\/29284"}],"wp:attachment":[{"href":"https:\/\/acontecenafronteira.com.br\/index.php\/wp-json\/wp\/v2\/media?parent=29283"}],"wp:term":[{"taxonomy":"category","embeddable":true,"href":"https:\/\/acontecenafronteira.com.br\/index.php\/wp-json\/wp\/v2\/categories?post=29283"},{"taxonomy":"post_tag","embeddable":true,"href":"https:\/\/acontecenafronteira.com.br\/index.php\/wp-json\/wp\/v2\/tags?post=29283"}],"curies":[{"name":"wp","href":"https:\/\/api.w.org\/{rel}","templated":true}]}}