{"id":29276,"date":"2026-04-29T15:49:38","date_gmt":"2026-04-29T18:49:38","guid":{"rendered":"https:\/\/acontecenafronteira.com.br\/?p=29276"},"modified":"2026-04-29T15:50:05","modified_gmt":"2026-04-29T18:50:05","slug":"milene-pavoro-se-diverte-com-a-familia-no-complexo-dreams-park-show-em-foz","status":"publish","type":"post","link":"https:\/\/acontecenafronteira.com.br\/index.php\/2026\/04\/29\/milene-pavoro-se-diverte-com-a-familia-no-complexo-dreams-park-show-em-foz\/","title":{"rendered":"Milene Pavor\u00f4 se diverte com a fam\u00edlia no Complexo Dreams Park Show, em Foz"},"content":{"rendered":"\n<p><strong><em>A assistente de palco do Programa do Ratinho, no SBT, Milene Pavor\u00f4 \u201czerou\u201d o Complexo Dreams Park Show no \u00faltimo fim de semana.<\/em><\/strong><\/p>\n\n\n\n<p>Acompanhada da fam\u00edlia, a comediante explorou cada cantinho do parque.<\/p>\n\n\n\n<blockquote class=\"wp-block-quote is-layout-flow wp-block-quote-is-layout-flow\">\n<p>\u201cFoi tudo maravilhoso. Nos divertimos muito. Fomos recebidos com muito carinho por toda a equipe. Somente momentos bons para guardar no cora\u00e7\u00e3o\u201d, disse Pavor\u00f4.<\/p>\n<\/blockquote>\n\n\n\n<p>O roteiro come\u00e7ou com um almo\u00e7o no Dreams Motor Show, espa\u00e7o que re\u00fane um restaurante com card\u00e1pio americano em meio a mais de 30 motocicletas exclusivas e onde acontece diariamente o espet\u00e1culo Magic, com apresenta\u00e7\u00f5es no Globo da Morte.<\/p>\n\n\n\n<p>Depois, a fam\u00edlia seguiu para as demais atra\u00e7\u00f5es. No Vale dos Dinossauros, Pavor\u00f4 fez quest\u00e3o de descer com o pai e os sobrinhos no Tubing Escorregassauro, um escorregador gigante que pode atingir mais de 20 km\/h.<\/p>\n\n\n\n<p>O passeio incluiu ainda visita ao Maravilhas do Mundo e muita divers\u00e3o no Bar de Gelo.<\/p>\n\n\n\n<p>Teve at\u00e9 foto com o patr\u00e3o<\/p>\n\n\n\n<p>Para Pavor\u00f4, um dos momentos mais especiais foi tirar foto com o \u201cpatr\u00e3o\u201d no Museu de Cera. \u201cEu adorei encontrar o patr\u00e3o aqui. Achei muito parecido.\u201d<\/p>\n\n\n\n<p>Desde mar\u00e7o, o apresentador Ratinho \u00e9 um dos personagens do museu. Ele est\u00e1 ao lado de outras personalidades da televis\u00e3o.<\/p>\n\n\n\n<p>O apresentador esteve em Foz para a inaugura\u00e7\u00e3o de sua est\u00e1tua e, na cerim\u00f4nia, afirmou ter sido a homenagem mais bonita que j\u00e1 recebeu.<\/p>\n\n\n\n<p>Voo das aves de rapina encanta Pavor\u00f4<\/p>\n\n\n\n<p>A fam\u00edlia seguiu para o Eco Park Foz, espa\u00e7o dedicado ao ecoturismo, tamb\u00e9m pertencente ao Grupo Dreams em Foz do Igua\u00e7u.<\/p>\n\n\n\n<p>L\u00e1, todos se divertiram na Fazendinha, na Floresta dos Primatas e assistiram ao voo das aves de rapina.<\/p>\n\n\n\n<p>Ao final, ela fez quest\u00e3o de gravar um v\u00eddeo falando da experi\u00eancia.<\/p>\n\n\n\n<blockquote class=\"wp-block-quote is-layout-flow wp-block-quote-is-layout-flow\">\n<p>\u201cAssisti a uma apresenta\u00e7\u00e3o linda. Que maravilha! J\u00e1 tinha visto algo parecido em Dubai e pensei que poderia ter no Brasil \u2014 e tem, no Eco Park Foz. \u00c9 uma apresenta\u00e7\u00e3o maravilhosa, e todos deveriam vir assistir. Fiquei com um pouco de medo das corujas, mas foi sensacional\u201d, afirmou.<\/p>\n<\/blockquote>\n\n\n\n<p>Para completar o passeio, a fam\u00edlia voltou \u00e0 noite para assistir ao espet\u00e1culo Magic e curtir o show de rock no Motor Show.<\/p>\n\n\n\n<p>O Dreams Park Show est\u00e1 localizado na Rodovia das Cataratas e funciona diariamente das 9h \u00e0s 22h.<\/p>\n\n\n\n<p>Mais informa\u00e7\u00f5es e pol\u00edticas de descontos est\u00e3o dispon\u00edveis no site www.dreamsparkshow.com.br ou no perfil @dreamsparkshow.<\/p>\n\n\n\n<figure class=\"wp-block-gallery has-nested-images columns-default is-cropped wp-block-gallery-1 is-layout-flex wp-block-gallery-is-layout-flex\">\n<figure class=\"wp-block-image size-large\"><img loading=\"lazy\" decoding=\"async\" width=\"1024\" height=\"576\" data-id=\"29277\" src=\"https:\/\/acontecenafronteira.com.br\/wp-content\/uploads\/2026\/04\/WhatsApp-Image-2026-04-27-at-09.46.44-1-1024x576.jpeg?v=1777488556\" alt=\"\" class=\"wp-image-29277\" srcset=\"https:\/\/acontecenafronteira.com.br\/wp-content\/uploads\/2026\/04\/WhatsApp-Image-2026-04-27-at-09.46.44-1-1024x576.jpeg?v=1777488556 1024w, https:\/\/acontecenafronteira.com.br\/wp-content\/uploads\/2026\/04\/WhatsApp-Image-2026-04-27-at-09.46.44-1-300x169.jpeg?v=1777488556 300w, https:\/\/acontecenafronteira.com.br\/wp-content\/uploads\/2026\/04\/WhatsApp-Image-2026-04-27-at-09.46.44-1-768x432.jpeg?v=1777488556 768w, https:\/\/acontecenafronteira.com.br\/wp-content\/uploads\/2026\/04\/WhatsApp-Image-2026-04-27-at-09.46.44-1.jpeg?v=1777488556 1280w\" sizes=\"auto, (max-width: 1024px) 100vw, 1024px\" \/><\/figure>\n\n\n\n<figure class=\"wp-block-image size-large\"><img loading=\"lazy\" decoding=\"async\" width=\"1024\" height=\"768\" data-id=\"29281\" src=\"https:\/\/acontecenafronteira.com.br\/wp-content\/uploads\/2026\/04\/WhatsApp-Image-2026-04-27-at-09.46.44-1024x768.jpeg?v=1777488559\" alt=\"\" class=\"wp-image-29281\" srcset=\"https:\/\/acontecenafronteira.com.br\/wp-content\/uploads\/2026\/04\/WhatsApp-Image-2026-04-27-at-09.46.44-1024x768.jpeg?v=1777488559 1024w, https:\/\/acontecenafronteira.com.br\/wp-content\/uploads\/2026\/04\/WhatsApp-Image-2026-04-27-at-09.46.44-300x225.jpeg?v=1777488559 300w, https:\/\/acontecenafronteira.com.br\/wp-content\/uploads\/2026\/04\/WhatsApp-Image-2026-04-27-at-09.46.44-768x576.jpeg?v=1777488559 768w, https:\/\/acontecenafronteira.com.br\/wp-content\/uploads\/2026\/04\/WhatsApp-Image-2026-04-27-at-09.46.44-1536x1152.jpeg?v=1777488559 1536w, https:\/\/acontecenafronteira.com.br\/wp-content\/uploads\/2026\/04\/WhatsApp-Image-2026-04-27-at-09.46.44.jpeg?v=1777488559 1600w\" sizes=\"auto, (max-width: 1024px) 100vw, 1024px\" \/><\/figure>\n\n\n\n<figure class=\"wp-block-image size-large\"><img loading=\"lazy\" decoding=\"async\" width=\"1024\" height=\"682\" data-id=\"29280\" src=\"https:\/\/acontecenafronteira.com.br\/wp-content\/uploads\/2026\/04\/WhatsApp-Image-2026-04-27-at-09.46.45-1024x682.jpeg?v=1777488559\" alt=\"\" class=\"wp-image-29280\" srcset=\"https:\/\/acontecenafronteira.com.br\/wp-content\/uploads\/2026\/04\/WhatsApp-Image-2026-04-27-at-09.46.45-1024x682.jpeg?v=1777488559 1024w, https:\/\/acontecenafronteira.com.br\/wp-content\/uploads\/2026\/04\/WhatsApp-Image-2026-04-27-at-09.46.45-300x200.jpeg?v=1777488559 300w, https:\/\/acontecenafronteira.com.br\/wp-content\/uploads\/2026\/04\/WhatsApp-Image-2026-04-27-at-09.46.45-768x512.jpeg?v=1777488559 768w, https:\/\/acontecenafronteira.com.br\/wp-content\/uploads\/2026\/04\/WhatsApp-Image-2026-04-27-at-09.46.45-1536x1023.jpeg?v=1777488559 1536w, https:\/\/acontecenafronteira.com.br\/wp-content\/uploads\/2026\/04\/WhatsApp-Image-2026-04-27-at-09.46.45.jpeg?v=1777488559 1600w\" sizes=\"auto, (max-width: 1024px) 100vw, 1024px\" \/><\/figure>\n\n\n\n<figure class=\"wp-block-image size-large\"><img loading=\"lazy\" decoding=\"async\" width=\"1024\" height=\"942\" data-id=\"29278\" src=\"https:\/\/acontecenafronteira.com.br\/wp-content\/uploads\/2026\/04\/WhatsApp-Image-2026-04-27-at-09.46.46-1-1024x942.jpeg?v=1777488557\" alt=\"\" class=\"wp-image-29278\" srcset=\"https:\/\/acontecenafronteira.com.br\/wp-content\/uploads\/2026\/04\/WhatsApp-Image-2026-04-27-at-09.46.46-1-1024x942.jpeg?v=1777488557 1024w, https:\/\/acontecenafronteira.com.br\/wp-content\/uploads\/2026\/04\/WhatsApp-Image-2026-04-27-at-09.46.46-1-300x276.jpeg?v=1777488557 300w, https:\/\/acontecenafronteira.com.br\/wp-content\/uploads\/2026\/04\/WhatsApp-Image-2026-04-27-at-09.46.46-1-768x706.jpeg?v=1777488557 768w, https:\/\/acontecenafronteira.com.br\/wp-content\/uploads\/2026\/04\/WhatsApp-Image-2026-04-27-at-09.46.46-1.jpeg?v=1777488557 1320w\" sizes=\"auto, (max-width: 1024px) 100vw, 1024px\" \/><\/figure>\n\n\n\n<figure class=\"wp-block-image size-large\"><img loading=\"lazy\" decoding=\"async\" width=\"1024\" height=\"573\" data-id=\"29279\" src=\"https:\/\/acontecenafronteira.com.br\/wp-content\/uploads\/2026\/04\/WhatsApp-Image-2026-04-27-at-09.46.46-1024x573.jpeg?v=1777488558\" alt=\"\" class=\"wp-image-29279\" srcset=\"https:\/\/acontecenafronteira.com.br\/wp-content\/uploads\/2026\/04\/WhatsApp-Image-2026-04-27-at-09.46.46-1024x573.jpeg?v=1777488558 1024w, https:\/\/acontecenafronteira.com.br\/wp-content\/uploads\/2026\/04\/WhatsApp-Image-2026-04-27-at-09.46.46-300x168.jpeg?v=1777488558 300w, https:\/\/acontecenafronteira.com.br\/wp-content\/uploads\/2026\/04\/WhatsApp-Image-2026-04-27-at-09.46.46-768x430.jpeg?v=1777488558 768w, https:\/\/acontecenafronteira.com.br\/wp-content\/uploads\/2026\/04\/WhatsApp-Image-2026-04-27-at-09.46.46-1536x860.jpeg?v=1777488558 1536w, https:\/\/acontecenafronteira.com.br\/wp-content\/uploads\/2026\/04\/WhatsApp-Image-2026-04-27-at-09.46.46.jpeg?v=1777488558 1600w\" sizes=\"auto, (max-width: 1024px) 100vw, 1024px\" \/><\/figure>\n<\/figure>\n","protected":false},"excerpt":{"rendered":"<p>A assistente de palco do Programa do Ratinho, no SBT, Milene Pavor\u00f4 \u201czerou\u201d o Complexo Dreams Park Show no \u00faltimo fim de semana. Acompanhada da fam\u00edlia, a comediante explorou cada cantinho do parque. \u201cFoi tudo maravilhoso. Nos divertimos muito. Fomos recebidos com muito carinho por toda a equipe. Somente momentos bons para guardar no cora\u00e7\u00e3o\u201d, [&hellip;]<\/p>\n","protected":false},"author":2,"featured_media":29279,"comment_status":"open","ping_status":"open","sticky":false,"template":"","format":"standard","meta":{"om_disable_all_campaigns":false,"_monsterinsights_skip_tracking":false,"_monsterinsights_sitenote_active":false,"_monsterinsights_sitenote_note":"","_monsterinsights_sitenote_category":0,"footnotes":""},"categories":[26,4,13,9],"tags":[],"class_list":["post-29276","post","type-post","status-publish","format-standard","has-post-thumbnail","hentry","category-brasil","category-cidade","category-entretenimento","category-turismo"],"_links":{"self":[{"href":"https:\/\/acontecenafronteira.com.br\/index.php\/wp-json\/wp\/v2\/posts\/29276","targetHints":{"allow":["GET"]}}],"collection":[{"href":"https:\/\/acontecenafronteira.com.br\/index.php\/wp-json\/wp\/v2\/posts"}],"about":[{"href":"https:\/\/acontecenafronteira.com.br\/index.php\/wp-json\/wp\/v2\/types\/post"}],"author":[{"embeddable":true,"href":"https:\/\/acontecenafronteira.com.br\/index.php\/wp-json\/wp\/v2\/users\/2"}],"replies":[{"embeddable":true,"href":"https:\/\/acontecenafronteira.com.br\/index.php\/wp-json\/wp\/v2\/comments?post=29276"}],"version-history":[{"count":1,"href":"https:\/\/acontecenafronteira.com.br\/index.php\/wp-json\/wp\/v2\/posts\/29276\/revisions"}],"predecessor-version":[{"id":29282,"href":"https:\/\/acontecenafronteira.com.br\/index.php\/wp-json\/wp\/v2\/posts\/29276\/revisions\/29282"}],"wp:featuredmedia":[{"embeddable":true,"href":"https:\/\/acontecenafronteira.com.br\/index.php\/wp-json\/wp\/v2\/media\/29279"}],"wp:attachment":[{"href":"https:\/\/acontecenafronteira.com.br\/index.php\/wp-json\/wp\/v2\/media?parent=29276"}],"wp:term":[{"taxonomy":"category","embeddable":true,"href":"https:\/\/acontecenafronteira.com.br\/index.php\/wp-json\/wp\/v2\/categories?post=29276"},{"taxonomy":"post_tag","embeddable":true,"href":"https:\/\/acontecenafronteira.com.br\/index.php\/wp-json\/wp\/v2\/tags?post=29276"}],"curies":[{"name":"wp","href":"https:\/\/api.w.org\/{rel}","templated":true}]}}