{"id":29273,"date":"2026-04-29T15:47:23","date_gmt":"2026-04-29T18:47:23","guid":{"rendered":"https:\/\/acontecenafronteira.com.br\/?p=29273"},"modified":"2026-04-29T15:47:24","modified_gmt":"2026-04-29T18:47:24","slug":"feriadao-em-foz-do-iguacu-tera-agenda-cultural-variada-para-moradores-e-turistas","status":"publish","type":"post","link":"https:\/\/acontecenafronteira.com.br\/index.php\/2026\/04\/29\/feriadao-em-foz-do-iguacu-tera-agenda-cultural-variada-para-moradores-e-turistas\/","title":{"rendered":"Feriad\u00e3o em Foz do Igua\u00e7u ter\u00e1 agenda cultural variada para moradores e turistas"},"content":{"rendered":"\n<p><strong><em>Programa\u00e7\u00e3o gratuita re\u00fane m\u00fasica, teatro, artes visuais e interven\u00e7\u00f5es culturais entre os dias 30 de abril e 03 de maio em diferentes pontos da cidade<br><\/em><\/strong><br><\/p>\n\n\n\n<p><em>A programa\u00e7\u00e3o especial do feriado ter\u00e1 atividades em diferentes espa\u00e7os da cidade, come\u00e7ando na sexta-feira (01), na Pra\u00e7a da Mentira, na Vila C, e encerrando na Pra\u00e7a da Paz com a Caravana \u201cAs de Paus\u201d, de Londrina (PR).<\/em><\/p>\n\n\n\n<p>O feriado do Dia do Trabalhador ser\u00e1 marcado por uma ampla programa\u00e7\u00e3o cultural gratuita em Foz do Igua\u00e7u, com atividades distribu\u00eddas por diferentes regi\u00f5es da cidade entre os dias 30 de abril e 03 de maio. A agenda re\u00fane exposi\u00e7\u00f5es, m\u00fasica, teatro e a\u00e7\u00f5es de forma\u00e7\u00e3o de p\u00fablico, refor\u00e7ando a ocupa\u00e7\u00e3o dos espa\u00e7os p\u00fablicos pela arte. A iniciativa \u00e9 da Funda\u00e7\u00e3o Cultural e Prefeitura de Foz do Igua\u00e7u.<\/p>\n\n\n\n<p>A abertura ser\u00e1 na quinta-feira (30), \u00e0s 19h, com a exposi\u00e7\u00e3o \u201cRastros\u201d, da artista pl\u00e1stica Vera Gomes, na Esta\u00e7\u00e3o Cultural Haroldo Alvarenga. A mostra apresenta um recorte de quase 40 anos de trajet\u00f3ria art\u00edstica.<\/p>\n\n\n\n<p>A programa\u00e7\u00e3o segue ao longo do fim de semana com atividades em diferentes espa\u00e7os da cidade. Na sexta-feira (01), a Pra\u00e7a da Mentira, na Vila C, Rua Fortaleza, 62, recebe a apresenta\u00e7\u00e3o de um grupo sertanejo, \u00e0s 12h30.<\/p>\n\n\n\n<p>No s\u00e1bado (02) e domingo (03), a cultura ser\u00e1 levada ao Mercado P\u00fablico Barrageiro, com conta\u00e7\u00e3o de hist\u00f3rias \u00e0s 14h30, receptivo teatral a partir das 16h e apresenta\u00e7\u00f5es musicais em parceria com o Jazz Festival, refor\u00e7ando a presen\u00e7a do jazz na agenda cultural do per\u00edodo.<\/p>\n\n\n\n<p>Um dos destaques culturais do feriad\u00e3o \u00e9 a Feirinha da JK, que ganha edi\u00e7\u00e3o especial noturna na sexta (01), no s\u00e1bado (02) e no domingo (03). No domingo (03), a Feirinha recebe a programa\u00e7\u00e3o matinal do II Fronteiras Jazz Festival, com jazz ao vivo atravessando o espa\u00e7o das 9h \u00e0s 12h, e atra\u00e7\u00f5es musicais ao longo de todo o per\u00edodo, consolidando o local como ponto de encontro cultural.<\/p>\n\n\n\n<p>Encerrando a programa\u00e7\u00e3o, a Caravana \u201cAs de Paus\u201d, de Londrina (PR), se apresenta na Pra\u00e7a da Paz. O grupo \u00e9 reconhecido por espet\u00e1culos c\u00eanico-musicais que integram teatro, m\u00fasica e forte expressividade visual, com apresenta\u00e7\u00f5es que dialogam diretamente com o p\u00fablico. As atividades acontecem na sexta (01) e s\u00e1bado (02), \u00e0s 19h, e no domingo (03), \u00e0s 11h.<\/p>\n\n\n\n<p>A diretora-presidente da Funda\u00e7\u00e3o Cultural, Patr\u00edcia Iunovich, comenta que a programa\u00e7\u00e3o reflete a diversidade e a for\u00e7a da produ\u00e7\u00e3o cultural local e regional. \u201c\u00c9 uma programa\u00e7\u00e3o muito rica, que ocupa a cidade de forma democr\u00e1tica e acess\u00edvel. Temos m\u00fasica, teatro, artes visuais e experi\u00eancias culturais em diferentes espa\u00e7os, fortalecendo o v\u00ednculo da popula\u00e7\u00e3o com a cultura e com a cidade\u201d, destaca.<\/p>\n","protected":false},"excerpt":{"rendered":"<p>Programa\u00e7\u00e3o gratuita re\u00fane m\u00fasica, teatro, artes visuais e interven\u00e7\u00f5es culturais entre os dias 30 de abril e 03 de maio em diferentes pontos da cidade A programa\u00e7\u00e3o especial do feriado ter\u00e1 atividades em diferentes espa\u00e7os da cidade, come\u00e7ando na sexta-feira (01), na Pra\u00e7a da Mentira, na Vila C, e encerrando na Pra\u00e7a da Paz com [&hellip;]<\/p>\n","protected":false},"author":2,"featured_media":29274,"comment_status":"open","ping_status":"open","sticky":false,"template":"","format":"standard","meta":{"om_disable_all_campaigns":false,"_monsterinsights_skip_tracking":false,"_monsterinsights_sitenote_active":false,"_monsterinsights_sitenote_note":"","_monsterinsights_sitenote_category":0,"footnotes":""},"categories":[26,4,13],"tags":[],"class_list":["post-29273","post","type-post","status-publish","format-standard","has-post-thumbnail","hentry","category-brasil","category-cidade","category-entretenimento"],"_links":{"self":[{"href":"https:\/\/acontecenafronteira.com.br\/index.php\/wp-json\/wp\/v2\/posts\/29273","targetHints":{"allow":["GET"]}}],"collection":[{"href":"https:\/\/acontecenafronteira.com.br\/index.php\/wp-json\/wp\/v2\/posts"}],"about":[{"href":"https:\/\/acontecenafronteira.com.br\/index.php\/wp-json\/wp\/v2\/types\/post"}],"author":[{"embeddable":true,"href":"https:\/\/acontecenafronteira.com.br\/index.php\/wp-json\/wp\/v2\/users\/2"}],"replies":[{"embeddable":true,"href":"https:\/\/acontecenafronteira.com.br\/index.php\/wp-json\/wp\/v2\/comments?post=29273"}],"version-history":[{"count":1,"href":"https:\/\/acontecenafronteira.com.br\/index.php\/wp-json\/wp\/v2\/posts\/29273\/revisions"}],"predecessor-version":[{"id":29275,"href":"https:\/\/acontecenafronteira.com.br\/index.php\/wp-json\/wp\/v2\/posts\/29273\/revisions\/29275"}],"wp:featuredmedia":[{"embeddable":true,"href":"https:\/\/acontecenafronteira.com.br\/index.php\/wp-json\/wp\/v2\/media\/29274"}],"wp:attachment":[{"href":"https:\/\/acontecenafronteira.com.br\/index.php\/wp-json\/wp\/v2\/media?parent=29273"}],"wp:term":[{"taxonomy":"category","embeddable":true,"href":"https:\/\/acontecenafronteira.com.br\/index.php\/wp-json\/wp\/v2\/categories?post=29273"},{"taxonomy":"post_tag","embeddable":true,"href":"https:\/\/acontecenafronteira.com.br\/index.php\/wp-json\/wp\/v2\/tags?post=29273"}],"curies":[{"name":"wp","href":"https:\/\/api.w.org\/{rel}","templated":true}]}}