{"id":29270,"date":"2026-04-29T15:45:39","date_gmt":"2026-04-29T18:45:39","guid":{"rendered":"https:\/\/acontecenafronteira.com.br\/?p=29270"},"modified":"2026-04-29T15:45:40","modified_gmt":"2026-04-29T18:45:40","slug":"transporte-coletivo-volta-a-normalidade-apos-acordo-entre-as-partes-e-garante-avancos-aos-trabalhadores","status":"publish","type":"post","link":"https:\/\/acontecenafronteira.com.br\/index.php\/2026\/04\/29\/transporte-coletivo-volta-a-normalidade-apos-acordo-entre-as-partes-e-garante-avancos-aos-trabalhadores\/","title":{"rendered":"Transporte coletivo volta \u00e0 normalidade ap\u00f3s acordo entre as partes e garante avan\u00e7os aos trabalhadores"},"content":{"rendered":"\n<p><strong><em>Servi\u00e7o \u00e9 retomado integralmente ap\u00f3s entendimento entre as partes e acordo garante avan\u00e7os aos trabalhadores e continuidade do atendimento \u00e0 popula\u00e7\u00e3o<br><\/em><\/strong><br><\/p>\n\n\n\n<p>A Prefeitura de Foz do Igua\u00e7u informa que foi alcan\u00e7ado o entendimento que resultou no encerramento da greve dos motoristas do transporte p\u00fablico municipal. A proposta apresentada pela Administra\u00e7\u00e3o foi aceita integralmente, garantindo avan\u00e7os aos trabalhadores e a retomada do servi\u00e7o \u00e0 popula\u00e7\u00e3o.<\/p>\n\n\n\n<p>O acordo assegura reajuste de 5% sobre sal\u00e1rios e cesta b\u00e1sica, incluindo a natalina, com efeito retroativo ao m\u00eas de mar\u00e7o, al\u00e9m da manuten\u00e7\u00e3o do adicional de \u201cdirige e cobra\u201d, sem reajuste. Tamb\u00e9m foi definido o pagamento de todos os valores devidos, incluindo vale-alimenta\u00e7\u00e3o, diretamente em conta, at\u00e9 o 5\u00ba dia \u00fatil de maio, sem desconto dos dias parados.<\/p>\n\n\n\n<p>Durante as tratativas, foram analisadas demandas apresentadas pela empresa. Parte desses pontos n\u00e3o p\u00f4de ser acolhida por n\u00e3o atender aos crit\u00e9rios legais e contratuais, especialmente por se referirem a custos operacionais j\u00e1 conhecidos e inerentes \u00e0 atividade, que deveriam ter sido considerados na proposta apresentada e aceita pela empresa no processo licitat\u00f3rio.<\/p>\n\n\n\n<p>A Administra\u00e7\u00e3o Municipal refor\u00e7a que atua com responsabilidade na gest\u00e3o dos recursos p\u00fablicos, garantindo equil\u00edbrio contratual, seguran\u00e7a jur\u00eddica e a continuidade de um servi\u00e7o essencial \u00e0 popula\u00e7\u00e3o.<\/p>\n","protected":false},"excerpt":{"rendered":"<p>Servi\u00e7o \u00e9 retomado integralmente ap\u00f3s entendimento entre as partes e acordo garante avan\u00e7os aos trabalhadores e continuidade do atendimento \u00e0 popula\u00e7\u00e3o A Prefeitura de Foz do Igua\u00e7u informa que foi alcan\u00e7ado o entendimento que resultou no encerramento da greve dos motoristas do transporte p\u00fablico municipal. A proposta apresentada pela Administra\u00e7\u00e3o foi aceita integralmente, garantindo avan\u00e7os [&hellip;]<\/p>\n","protected":false},"author":2,"featured_media":14136,"comment_status":"open","ping_status":"open","sticky":false,"template":"","format":"standard","meta":{"om_disable_all_campaigns":false,"_monsterinsights_skip_tracking":false,"_monsterinsights_sitenote_active":false,"_monsterinsights_sitenote_note":"","_monsterinsights_sitenote_category":0,"footnotes":""},"categories":[26,4,25],"tags":[],"class_list":["post-29270","post","type-post","status-publish","format-standard","has-post-thumbnail","hentry","category-brasil","category-cidade","category-transporte"],"_links":{"self":[{"href":"https:\/\/acontecenafronteira.com.br\/index.php\/wp-json\/wp\/v2\/posts\/29270","targetHints":{"allow":["GET"]}}],"collection":[{"href":"https:\/\/acontecenafronteira.com.br\/index.php\/wp-json\/wp\/v2\/posts"}],"about":[{"href":"https:\/\/acontecenafronteira.com.br\/index.php\/wp-json\/wp\/v2\/types\/post"}],"author":[{"embeddable":true,"href":"https:\/\/acontecenafronteira.com.br\/index.php\/wp-json\/wp\/v2\/users\/2"}],"replies":[{"embeddable":true,"href":"https:\/\/acontecenafronteira.com.br\/index.php\/wp-json\/wp\/v2\/comments?post=29270"}],"version-history":[{"count":1,"href":"https:\/\/acontecenafronteira.com.br\/index.php\/wp-json\/wp\/v2\/posts\/29270\/revisions"}],"predecessor-version":[{"id":29271,"href":"https:\/\/acontecenafronteira.com.br\/index.php\/wp-json\/wp\/v2\/posts\/29270\/revisions\/29271"}],"wp:featuredmedia":[{"embeddable":true,"href":"https:\/\/acontecenafronteira.com.br\/index.php\/wp-json\/wp\/v2\/media\/14136"}],"wp:attachment":[{"href":"https:\/\/acontecenafronteira.com.br\/index.php\/wp-json\/wp\/v2\/media?parent=29270"}],"wp:term":[{"taxonomy":"category","embeddable":true,"href":"https:\/\/acontecenafronteira.com.br\/index.php\/wp-json\/wp\/v2\/categories?post=29270"},{"taxonomy":"post_tag","embeddable":true,"href":"https:\/\/acontecenafronteira.com.br\/index.php\/wp-json\/wp\/v2\/tags?post=29270"}],"curies":[{"name":"wp","href":"https:\/\/api.w.org\/{rel}","templated":true}]}}