{"id":29263,"date":"2026-04-28T09:22:00","date_gmt":"2026-04-28T12:22:00","guid":{"rendered":"https:\/\/acontecenafronteira.com.br\/?p=29263"},"modified":"2026-04-28T09:22:01","modified_gmt":"2026-04-28T12:22:01","slug":"maratona-internacional-do-parana-passa-pela-ponte-de-guaratuba-veja-os-horarios-de-largada","status":"publish","type":"post","link":"https:\/\/acontecenafronteira.com.br\/index.php\/2026\/04\/28\/maratona-internacional-do-parana-passa-pela-ponte-de-guaratuba-veja-os-horarios-de-largada\/","title":{"rendered":"Maratona Internacional do Paran\u00e1 passa pela Ponte de Guaratuba; veja os hor\u00e1rios de largada"},"content":{"rendered":"\n<p><strong><em>A ponte ser\u00e1 inaugurada pelo governador Carlos Massa Ratinho Junior nesta sexta-feira, 1\u00ba de maio.\u00a0<\/em><\/strong><\/p>\n\n\n\n<p>Mais de 20 mil atletas est\u00e3o confirmados para a Maratona Internacional do Paran\u00e1 (MIP), evento que marcar\u00e1 o final de semana da entrega da Ponte de Guaratuba, no Litoral do Estado. A ponte ser\u00e1 inaugurada pelo governador Carlos Massa Ratinho Junior na sexta-feira, dia 1\u00ba de maio, com cerim\u00f4nia com autoridades e um show de luzes, drones e fogos de artif\u00edcio para o p\u00fablico j\u00e1 mais perto do anoitecer, depois das 19h. A maratona acontece s\u00e1bado e domingo (02 e 03).<\/p>\n\n\n\n<p>\u00c9 a maior corrida j\u00e1 realizada no Estado. No s\u00e1bado (02), ser\u00e3o disputadas as corridas de 5 km e 21 km. J\u00e1 no domingo (03), ser\u00e1 a vez das provas de 10 km e 42 km (maratona). Os percursos s\u00e3o nas cidades de Guaratuba e Matinhos. Todos os percursos incluem a travessia pela estrutura, transformando a experi\u00eancia em uma combina\u00e7\u00e3o de esporte, paisagem e realiza\u00e7\u00e3o em um dos projetos de infraestrutura mais emblem\u00e1ticos do Estado do Paran\u00e1.<\/p>\n\n\n\n<blockquote class=\"wp-block-quote is-layout-flow wp-block-quote-is-layout-flow\">\n<p>\u201cEstamos falando de um evento que une esporte, turismo e um s\u00edmbolo muito forte para o Paran\u00e1. A Ponte de Guaratuba representa um sonho coletivo, e atravess\u00e1-la correndo ser\u00e1 uma experi\u00eancia \u00fanica para milhares de atletas\u201d, destaca Marcos Pinheiro, diretor-geral do evento.<\/p>\n<\/blockquote>\n\n\n\n<p>A Ponte de Guaratuba ser\u00e1 fechada para o tr\u00e2nsito de ve\u00edculos a partir das 5 horas dos dias de prova e a libera\u00e7\u00e3o ser\u00e1 na sequ\u00eancia do t\u00e9rmino&nbsp;\u2013 como a inaugura\u00e7\u00e3o \u00e9 na sexta, a primeira passagem de carros acontecer\u00e1 no fim da manh\u00e3 de s\u00e1bado. Quem estiver fora do munic\u00edpio, para chegar at\u00e9 o local de largada (na R. Ant\u00f4nio Rocha, 480, em Guaratuba) ser\u00e1 necess\u00e1rio atravessar a ponte antes desse hor\u00e1rio, utilizar a travessia por ferry boat ou passar pela ponte a p\u00e9.<\/p>\n\n\n\n<p>De acordo com o Simepar (Sistema de Tecnologia e Monitoramento Ambiental do Paran\u00e1), h\u00e1 previs\u00e3o de chuva no s\u00e1bado (2), no Litoral do Paran\u00e1. A m\u00ednima prevista \u00e9 de 20\u00baC e m\u00e1xima de 29\u00baC.&nbsp;No domingo (3) tamb\u00e9m deve chover. A m\u00ednima prevista \u00e9 de 18\u00baC e a m\u00e1xima \u00e9 de 22\u00baC.<\/p>\n\n\n\n<p><strong>Confira hor\u00e1rios de largada<\/strong><\/p>\n\n\n\n<p><strong>S\u00c1BADO<\/strong><\/p>\n\n\n\n<p>05 km &#8211; 06h<\/p>\n\n\n\n<p>\u25cf 1\u00aa &#8211; Largada: Atletas com Defici\u00eancia (ACD) \u2013 5 km<\/p>\n\n\n\n<p>\u25cf 2\u00aa &#8211; Largada: Corrida 5 km<\/p>\n\n\n\n<p>21 km &#8211; 07h15<\/p>\n\n\n\n<p>\u25cf 1\u00aa &#8211; Largada: ACD &#8211; 21 km<\/p>\n\n\n\n<p>\u25cf 2\u00aa &#8211; Largada: Elite Feminina e Elite Masculina \u2013 21 km + P\u00fablico Geral \u2013 21 km<\/p>\n\n\n\n<p><strong>DOMINGO<\/strong><\/p>\n\n\n\n<p>42 km e 10 km &#8211; 06h<\/p>\n\n\n\n<p>\u25cf 1\u00aa &#8211; Largada: ACD &#8211; 42 km<\/p>\n\n\n\n<p>\u25cf 2\u00aa &#8211; Largada: Elite Feminina e Elite Masculina \u2013 42 km + P\u00fablico Geral \u2013 42 km<\/p>\n\n\n\n<p>\u25cf 3\u00aa &#8211; Largada: ACD &#8211; 10 km<\/p>\n\n\n\n<p>\u25cf 4\u00aa &#8211; Largada: P\u00fablico Geral &#8211; 10 km<\/p>\n\n\n\n<p><strong>PREMIA\u00c7\u00c3O&nbsp;<\/strong>\u2013&nbsp;A premia\u00e7\u00e3o total anunciada pela organiza\u00e7\u00e3o ultrapassa R$ 300 mil. O destaque fica para os campe\u00f5es da maratona (42 km), que receber\u00e3o R$ 50 mil cada nas categorias masculina e feminina, al\u00e9m de b\u00f4nus de R$ 10 mil para o primeiro brasileiro e a primeira brasileira.<\/p>\n\n\n\n<p><strong>PERCURSO<\/strong>&nbsp;\u2013 Na maratona completa (42 km), o percurso concentra duas subidas fortes antes e depois da travessia, respons\u00e1veis por um ganho total de eleva\u00e7\u00e3o de 232 metros. Esses trechos exigem leitura de prova e controle de ritmo, mas s\u00e3o compensados por extensos segmentos planos, especialmente pelas ruas e orlas de Matinhos e Guaratuba, que favorecem const\u00e2ncia e manuten\u00e7\u00e3o de velocidade.<\/p>\n\n\n\n<p>A altimetria da maratona est\u00e1 organizada em tr\u00eas fases distintas. O in\u00edcio re\u00fane uma sequ\u00eancia de subida, descida e nova subida, seguida por um trecho plano. No meio da prova, h\u00e1 nova subida acentuada com descida subsequente. O final \u00e9 totalmente plano, permitindo que os atletas administrem o esfor\u00e7o ou acelerem nos quil\u00f4metros decisivos.<\/p>\n\n\n\n<p>As demais dist\u00e2ncias seguem a mesma l\u00f3gica de percurso. As provas de 5 km e 21 km come\u00e7am com subida forte, seguem em descida, cruzam a ponte e retornam, exigindo aten\u00e7\u00e3o desde a largada. J\u00e1 os 10 km distribuem duas subidas e duas descidas ao longo da ida e da volta, configurando uma prova de exig\u00eancia f\u00edsica intermedi\u00e1ria.<\/p>\n\n\n\n<p><strong>Os ganhos de eleva\u00e7\u00e3o confirmados pela organiza\u00e7\u00e3o s\u00e3o:<\/strong><\/p>\n\n\n\n<p>\u25cf 5 km \u2013 128 m<\/p>\n\n\n\n<p>\u25cf&nbsp;10 km \u2013 202 m<\/p>\n\n\n\n<p>\u25cf 21 km \u2013 141 m<\/p>\n\n\n\n<p>\u25cf 42 km \u2013 232 m<\/p>\n\n\n\n<p><strong>MARATONINHA<\/strong>&nbsp;\u2013 A prova especial vai reunir crian\u00e7as e adolescentes com idades entre 4 e 13 anos dentro da 1\u00aa Maratona Internacional do Paran\u00e1 e far\u00e1 parte da programa\u00e7\u00e3o oficial do evento. As corridas v\u00e3o acontecer no dia 2 de maio, a partir das 16 horas, em Guaratuba. Os percursos variam de 100 a 800 metros, de acordo com a idade dos participantes.<\/p>\n\n\n\n<p>As largadas ser\u00e3o organizadas por faixas et\u00e1rias: 4 a 6 anos, 7 a 9 anos e 10 a 13 anos. Com foco nos jovens, a \u201cMaratoninha\u201d tem por objetivo incentivar o esporte desde a inf\u00e2ncia, al\u00e9m de proporcionar uma experi\u00eancia l\u00fadica para os participantes. A \u201cMaratoninha\u201d nasceu com um prop\u00f3sito social e 90% das vagas foram destinadas \u00e0s crian\u00e7as das escolas p\u00fablicas de Guaratuba e Matinhos.<\/p>\n\n\n\n<figure class=\"wp-block-gallery has-nested-images columns-default is-cropped wp-block-gallery-1 is-layout-flex wp-block-gallery-is-layout-flex\">\n<figure class=\"wp-block-image size-large\"><img loading=\"lazy\" decoding=\"async\" width=\"847\" height=\"1024\" data-id=\"29265\" src=\"https:\/\/acontecenafronteira.com.br\/wp-content\/uploads\/2026\/04\/whatsapp_image_2026-04-27_at_16.38.03-847x1024.jpg?v=1777378897\" alt=\"\" class=\"wp-image-29265\" srcset=\"https:\/\/acontecenafronteira.com.br\/wp-content\/uploads\/2026\/04\/whatsapp_image_2026-04-27_at_16.38.03-847x1024.jpg?v=1777378897 847w, https:\/\/acontecenafronteira.com.br\/wp-content\/uploads\/2026\/04\/whatsapp_image_2026-04-27_at_16.38.03-248x300.jpg?v=1777378897 248w, https:\/\/acontecenafronteira.com.br\/wp-content\/uploads\/2026\/04\/whatsapp_image_2026-04-27_at_16.38.03-768x928.jpg?v=1777378897 768w, https:\/\/acontecenafronteira.com.br\/wp-content\/uploads\/2026\/04\/whatsapp_image_2026-04-27_at_16.38.03.jpg?v=1777378897 1013w\" sizes=\"auto, (max-width: 847px) 100vw, 847px\" \/><\/figure>\n\n\n\n<figure class=\"wp-block-image size-large\"><img loading=\"lazy\" decoding=\"async\" width=\"819\" height=\"1024\" data-id=\"29264\" src=\"https:\/\/acontecenafronteira.com.br\/wp-content\/uploads\/2026\/04\/whatsapp_image_2026-04-27_at_16.38.12-819x1024.jpg?v=1777378897\" alt=\"\" class=\"wp-image-29264\" srcset=\"https:\/\/acontecenafronteira.com.br\/wp-content\/uploads\/2026\/04\/whatsapp_image_2026-04-27_at_16.38.12-819x1024.jpg?v=1777378897 819w, https:\/\/acontecenafronteira.com.br\/wp-content\/uploads\/2026\/04\/whatsapp_image_2026-04-27_at_16.38.12-240x300.jpg?v=1777378897 240w, https:\/\/acontecenafronteira.com.br\/wp-content\/uploads\/2026\/04\/whatsapp_image_2026-04-27_at_16.38.12-768x961.jpg?v=1777378897 768w, https:\/\/acontecenafronteira.com.br\/wp-content\/uploads\/2026\/04\/whatsapp_image_2026-04-27_at_16.38.12.jpg?v=1777378897 1024w\" sizes=\"auto, (max-width: 819px) 100vw, 819px\" \/><\/figure>\n<\/figure>\n","protected":false},"excerpt":{"rendered":"<p>A ponte ser\u00e1 inaugurada pelo governador Carlos Massa Ratinho Junior nesta sexta-feira, 1\u00ba de maio.\u00a0 Mais de 20 mil atletas est\u00e3o confirmados para a Maratona Internacional do Paran\u00e1 (MIP), evento que marcar\u00e1 o final de semana da entrega da Ponte de Guaratuba, no Litoral do Estado. A ponte ser\u00e1 inaugurada pelo governador Carlos Massa Ratinho [&hellip;]<\/p>\n","protected":false},"author":2,"featured_media":29266,"comment_status":"open","ping_status":"open","sticky":false,"template":"","format":"standard","meta":{"om_disable_all_campaigns":false,"_monsterinsights_skip_tracking":false,"_monsterinsights_sitenote_active":false,"_monsterinsights_sitenote_note":"","_monsterinsights_sitenote_category":0,"footnotes":""},"categories":[26,4,2],"tags":[],"class_list":["post-29263","post","type-post","status-publish","format-standard","has-post-thumbnail","hentry","category-brasil","category-cidade","category-esportes"],"_links":{"self":[{"href":"https:\/\/acontecenafronteira.com.br\/index.php\/wp-json\/wp\/v2\/posts\/29263","targetHints":{"allow":["GET"]}}],"collection":[{"href":"https:\/\/acontecenafronteira.com.br\/index.php\/wp-json\/wp\/v2\/posts"}],"about":[{"href":"https:\/\/acontecenafronteira.com.br\/index.php\/wp-json\/wp\/v2\/types\/post"}],"author":[{"embeddable":true,"href":"https:\/\/acontecenafronteira.com.br\/index.php\/wp-json\/wp\/v2\/users\/2"}],"replies":[{"embeddable":true,"href":"https:\/\/acontecenafronteira.com.br\/index.php\/wp-json\/wp\/v2\/comments?post=29263"}],"version-history":[{"count":1,"href":"https:\/\/acontecenafronteira.com.br\/index.php\/wp-json\/wp\/v2\/posts\/29263\/revisions"}],"predecessor-version":[{"id":29267,"href":"https:\/\/acontecenafronteira.com.br\/index.php\/wp-json\/wp\/v2\/posts\/29263\/revisions\/29267"}],"wp:featuredmedia":[{"embeddable":true,"href":"https:\/\/acontecenafronteira.com.br\/index.php\/wp-json\/wp\/v2\/media\/29266"}],"wp:attachment":[{"href":"https:\/\/acontecenafronteira.com.br\/index.php\/wp-json\/wp\/v2\/media?parent=29263"}],"wp:term":[{"taxonomy":"category","embeddable":true,"href":"https:\/\/acontecenafronteira.com.br\/index.php\/wp-json\/wp\/v2\/categories?post=29263"},{"taxonomy":"post_tag","embeddable":true,"href":"https:\/\/acontecenafronteira.com.br\/index.php\/wp-json\/wp\/v2\/tags?post=29263"}],"curies":[{"name":"wp","href":"https:\/\/api.w.org\/{rel}","templated":true}]}}