{"id":29258,"date":"2026-04-28T09:19:29","date_gmt":"2026-04-28T12:19:29","guid":{"rendered":"https:\/\/acontecenafronteira.com.br\/?p=29258"},"modified":"2026-04-28T09:19:30","modified_gmt":"2026-04-28T12:19:30","slug":"lideres-de-turismo-de-foz-do-iguacu-participam-de-curso-inedito-promovido-pelo-estado","status":"publish","type":"post","link":"https:\/\/acontecenafronteira.com.br\/index.php\/2026\/04\/28\/lideres-de-turismo-de-foz-do-iguacu-participam-de-curso-inedito-promovido-pelo-estado\/","title":{"rendered":"L\u00edderes de turismo de Foz do Igua\u00e7u participam de curso in\u00e9dito promovido pelo Estado"},"content":{"rendered":"\n<p><strong><em>A Imers\u00e3o Executiva para L\u00edderes conta com pain\u00e9is, plen\u00e1rias e atividades em equipe, mostrando ao trade paranaense diversas tend\u00eancias, indicadores e segmentos que t\u00eam surgido no mercado.\u00a0<\/em><\/strong><\/p>\n\n\n\n<p>Um conte\u00fado exclusivo foi preparado para debater a forma de se pensar sobre o turismo, chamada de Imers\u00e3o Executiva para L\u00edderes. A a\u00e7\u00e3o \u00e9 uma iniciativa in\u00e9dita do Viaje Paran\u00e1, \u00f3rg\u00e3o de promo\u00e7\u00e3o vinculado \u00e0 Secretaria Estadual do Turismo (Setu-PR), e re\u00fane l\u00edderes e empres\u00e1rios do setor em Foz do Igua\u00e7u, nesta segunda e ter\u00e7a-feira (27 e 28).<\/p>\n\n\n\n<p>Cerca de 20 profissionais participam de pain\u00e9is, plen\u00e1rias e atividades em equipe. O curso j\u00e1 impactou outras 20 lideran\u00e7as e empres\u00e1rios do turismo em Curitiba, na semana passada.<\/p>\n\n\n\n<p>O objetivo \u00e9 abordar temas pertinentes para quem trabalha com o turismo, mostrando ao trade paranaense diversas tend\u00eancias, indicadores e segmentos que t\u00eam surgido no mercado &#8211; e que podem ser aproveitados no Estado. Essa \u00e9 uma forma de preparar os profissionais para as novas configura\u00e7\u00f5es do turismo mundial e fortalecer o setor local, parte dos planos de a\u00e7\u00e3o do Viaje Paran\u00e1.<\/p>\n\n\n\n<p>&#8220;Turismo em alta se faz com trade fortalecido. Com a imers\u00e3o, estamos estamos preparando os nossos profissionais para um mercado que, a cada ano, valoriza mais o Estado e os seus destinos. \u00c9 uma chance \u00fanica de se capacitar e participar de um treinamento exclusivo&#8221;, explica Irapuan Cortes, diretor-presidente do Viaje Paran\u00e1.<\/p>\n\n\n\n<p>Em Foz do Igua\u00e7u, marcam presen\u00e7a na programa\u00e7\u00e3o profissionais de operadoras, ag\u00eancias, Inst\u00e2ncias de Governan\u00e7a Regionais, secretarias municipais, Conventions Bureaux, acad\u00eamicos, gestores de hot\u00e9is e representantes de atrativos tur\u00edsticos.<\/p>\n\n\n\n<p>&#8220;Foz do Igua\u00e7u tem, como diferencial, ser um dos destinos mais visitados por estrangeiros no Brasil h\u00e1 anos, com forte apelo entre os turistas de fora que buscam Ecoturismo e Aventura&#8221;, disse Marcelo Martini, diretor de Opera\u00e7\u00f5es e Segmenta\u00e7\u00e3o Tur\u00edstica do Viaje Paran\u00e1.<\/p>\n\n\n\n<p>&#8220;Al\u00e9m dos agentes de viagens, que n\u00f3s capacitamos para venderem o destino, aqui estamos oportunizando ao trade se aperfei\u00e7oar, entender o perfil dos turistas, as nuances do mercado, os avan\u00e7os do Estado e aprimorar a oferta paranaense, tanto aos turistas quanto \u00e0s empresas que buscam inserir o Estado em seus portf\u00f3lios de vendas&#8221;, completou.<\/p>\n\n\n\n<p><strong>APERFEI\u00c7OAMENTO &#8211;&nbsp;<\/strong>De acordo com dados apresentados no curso, 80% dos turistas globais visitam apenas 10% dos destinos tur\u00edsticos do mundo. Ou seja, na sua maioria, se deslocam para os mesmos locais.<\/p>\n\n\n\n<p>Esse dado ajudou os participantes, sobretudo os que trabalham em ag\u00eancias e operadoras, a verem o contexto atual e ampliarem horizontes, entendendo que h\u00e1 muitos produtos e destinos do pr\u00f3prio Estado &#8211; para al\u00e9m dos convencionais &#8211; que valem a pena serem comercializados.<\/p>\n\n\n\n<p>&#8220;A gente vende muito Foz do Igua\u00e7u, porque s\u00e3o mais de 110 atrativos, mas o Paran\u00e1 como um todo \u00e9 muito grande e tem muita variedade. Eu percebi com a imers\u00e3o que a gente consegue expandir horizontes e englobar diversos destinos do Estado, fora da regi\u00e3o Oeste, no card\u00e1pio para ofertar aos clientes&#8221;, disse Amanda Martello, gerente de marketing e comercial da empresa ANV Travel, de Foz do Igua\u00e7u.<\/p>\n\n\n\n<p>Jurema Fernandes, diretora de Opera\u00e7\u00f5es do Grupo Cataratas (representando o Aquafoz e o Marco das 3 Fronteiras), considera fundamental o Viaje Paran\u00e1 promover a imers\u00e3o, porque qualifica e fomenta neg\u00f3cios no Estado. &#8220;Eu acho que o principal desse encontro \u00e9 as trocas que conseguimos fazer com outros l\u00edderes de diferentes ramos e neg\u00f3cios. Nos permite olhar com mais profundidade o turismo no mundo e no Paran\u00e1, porque uma empresa do setor tem que sempre estar atenta nos potenciais, inova\u00e7\u00f5es e, sobretudo, oportunidades dentro do pr\u00f3prio Estado&#8221;.<\/p>\n\n\n\n<p>&#8220;Um evento como esse, reunindo diversos players do setor e mostrando como o mundo est\u00e1 pensando o turismo, faz toda a diferen\u00e7a para aprimorar as nossas vendas. Quando a gente entende os movimentos do mercado, sa\u00edmos na frente em diversos aspectos&#8221;, contou Diego Soares, CEO da FRT Operadora.<\/p>\n\n\n\n<p><strong>METODOLOGIA \u2013&nbsp;<\/strong>A imers\u00e3o foi concebida para mostrar ao p\u00fablico os diferentes cen\u00e1rios do setor, que passam por profundas transforma\u00e7\u00f5es a cada ano. &#8220;O trade de Foz do Igua\u00e7u faz escola, porque \u00e9 um grupo maduro, com multimercados, e que h\u00e1 anos est\u00e1 investindo na recep\u00e7\u00e3o internacional. Eles est\u00e3o aproveitando as oportunidades e absorvendo o conte\u00fado e entendendo que n\u00e3o precisa ser vendido apenas as Cataratas, porque tem uma regi\u00e3o Oeste inteira de novidades. \u00c9 isso que o Viaje Paran\u00e1 quer que a gente levante com os l\u00edderes&#8221;, ressaltou Jaqueline Gil.<\/p>\n\n\n\n<p>Entre os segmentos em alta no mundo que foram apresentados e chamaram muita aten\u00e7\u00e3o dos profissionais, estava o &#8220;Wellness&#8221;. Esse segmento foca nas viagens que promovem a sa\u00fade f\u00edsica, mental e espiritual, que v\u00e3o al\u00e9m do puro relaxamento. S\u00e3o experi\u00eancias muito buscadas pelo p\u00fablico atualmente, movimentando bilh\u00f5es de reais por ano na ind\u00fastria do turismo.<\/p>\n\n\n\n<p>&#8220;Percebo que aqui em Foz eles estavam mais focados no Wellness, porque percebem que d\u00e1 para encaixar esse segmento em diversas atividades do setor, desde a hotelaria at\u00e9 o receptivo. Nosso objetivo \u00e9 mostrar o que est\u00e1 acontecendo de mais inovador no mundo do turismo, para que eles entendam o que faz sentido para cada empresa ou cada destino. Queremos que as pessoas saiam daqui com vontade de transformar seus neg\u00f3cios&#8221;, disse Marta Poggi.<\/p>\n\n\n\n<p><strong>PROGRAMA\u00c7\u00c3O &#8211;<\/strong>&nbsp;A programa\u00e7\u00e3o em Foz do Igua\u00e7u segue com atividades nesta ter\u00e7a-feira (28), abordando temas como estrat\u00e9gias de marketing; experi\u00eancias personalizadas; propostas sustent\u00e1veis e economicamente vi\u00e1veis; e estudos de caso.<\/p>\n\n\n\n<figure class=\"wp-block-gallery has-nested-images columns-default is-cropped wp-block-gallery-1 is-layout-flex wp-block-gallery-is-layout-flex\">\n<figure class=\"wp-block-image size-large\"><img loading=\"lazy\" decoding=\"async\" width=\"1024\" height=\"683\" data-id=\"29259\" src=\"https:\/\/acontecenafronteira.com.br\/wp-content\/uploads\/2026\/04\/20260427_094008-1024x683.jpg?v=1777378763\" alt=\"\" class=\"wp-image-29259\" srcset=\"https:\/\/acontecenafronteira.com.br\/wp-content\/uploads\/2026\/04\/20260427_094008-1024x683.jpg?v=1777378763 1024w, https:\/\/acontecenafronteira.com.br\/wp-content\/uploads\/2026\/04\/20260427_094008-300x200.jpg?v=1777378763 300w, https:\/\/acontecenafronteira.com.br\/wp-content\/uploads\/2026\/04\/20260427_094008-768x512.jpg?v=1777378763 768w, https:\/\/acontecenafronteira.com.br\/wp-content\/uploads\/2026\/04\/20260427_094008-1536x1024.jpg?v=1777378763 1536w, https:\/\/acontecenafronteira.com.br\/wp-content\/uploads\/2026\/04\/20260427_094008-2048x1365.jpg?v=1777378763 2048w\" sizes=\"auto, (max-width: 1024px) 100vw, 1024px\" \/><\/figure>\n\n\n\n<figure class=\"wp-block-image size-large\"><img loading=\"lazy\" decoding=\"async\" width=\"1024\" height=\"683\" data-id=\"29260\" src=\"https:\/\/acontecenafronteira.com.br\/wp-content\/uploads\/2026\/04\/20260427_094908-1024x683.jpg?v=1777378764\" alt=\"\" class=\"wp-image-29260\" srcset=\"https:\/\/acontecenafronteira.com.br\/wp-content\/uploads\/2026\/04\/20260427_094908-1024x683.jpg?v=1777378764 1024w, https:\/\/acontecenafronteira.com.br\/wp-content\/uploads\/2026\/04\/20260427_094908-300x200.jpg?v=1777378764 300w, https:\/\/acontecenafronteira.com.br\/wp-content\/uploads\/2026\/04\/20260427_094908-768x512.jpg?v=1777378764 768w, https:\/\/acontecenafronteira.com.br\/wp-content\/uploads\/2026\/04\/20260427_094908-1536x1024.jpg?v=1777378764 1536w, https:\/\/acontecenafronteira.com.br\/wp-content\/uploads\/2026\/04\/20260427_094908-2048x1365.jpg?v=1777378764 2048w\" sizes=\"auto, (max-width: 1024px) 100vw, 1024px\" \/><\/figure>\n\n\n\n<figure class=\"wp-block-image size-large\"><img loading=\"lazy\" decoding=\"async\" width=\"1024\" height=\"683\" data-id=\"29261\" src=\"https:\/\/acontecenafronteira.com.br\/wp-content\/uploads\/2026\/04\/20260427_165404-1024x683.jpg?v=1777378764\" alt=\"\" class=\"wp-image-29261\" srcset=\"https:\/\/acontecenafronteira.com.br\/wp-content\/uploads\/2026\/04\/20260427_165404-1024x683.jpg?v=1777378764 1024w, https:\/\/acontecenafronteira.com.br\/wp-content\/uploads\/2026\/04\/20260427_165404-300x200.jpg?v=1777378764 300w, https:\/\/acontecenafronteira.com.br\/wp-content\/uploads\/2026\/04\/20260427_165404-768x512.jpg?v=1777378764 768w, https:\/\/acontecenafronteira.com.br\/wp-content\/uploads\/2026\/04\/20260427_165404-1536x1024.jpg?v=1777378764 1536w, https:\/\/acontecenafronteira.com.br\/wp-content\/uploads\/2026\/04\/20260427_165404-2048x1365.jpg?v=1777378764 2048w\" sizes=\"auto, (max-width: 1024px) 100vw, 1024px\" \/><\/figure>\n<\/figure>\n","protected":false},"excerpt":{"rendered":"<p>A Imers\u00e3o Executiva para L\u00edderes conta com pain\u00e9is, plen\u00e1rias e atividades em equipe, mostrando ao trade paranaense diversas tend\u00eancias, indicadores e segmentos que t\u00eam surgido no mercado.\u00a0 Um conte\u00fado exclusivo foi preparado para debater a forma de se pensar sobre o turismo, chamada de Imers\u00e3o Executiva para L\u00edderes. A a\u00e7\u00e3o \u00e9 uma iniciativa in\u00e9dita do [&hellip;]<\/p>\n","protected":false},"author":2,"featured_media":29261,"comment_status":"open","ping_status":"open","sticky":false,"template":"","format":"standard","meta":{"om_disable_all_campaigns":false,"_monsterinsights_skip_tracking":false,"_monsterinsights_sitenote_active":false,"_monsterinsights_sitenote_note":"","_monsterinsights_sitenote_category":0,"footnotes":""},"categories":[26,4,9],"tags":[],"class_list":["post-29258","post","type-post","status-publish","format-standard","has-post-thumbnail","hentry","category-brasil","category-cidade","category-turismo"],"_links":{"self":[{"href":"https:\/\/acontecenafronteira.com.br\/index.php\/wp-json\/wp\/v2\/posts\/29258","targetHints":{"allow":["GET"]}}],"collection":[{"href":"https:\/\/acontecenafronteira.com.br\/index.php\/wp-json\/wp\/v2\/posts"}],"about":[{"href":"https:\/\/acontecenafronteira.com.br\/index.php\/wp-json\/wp\/v2\/types\/post"}],"author":[{"embeddable":true,"href":"https:\/\/acontecenafronteira.com.br\/index.php\/wp-json\/wp\/v2\/users\/2"}],"replies":[{"embeddable":true,"href":"https:\/\/acontecenafronteira.com.br\/index.php\/wp-json\/wp\/v2\/comments?post=29258"}],"version-history":[{"count":1,"href":"https:\/\/acontecenafronteira.com.br\/index.php\/wp-json\/wp\/v2\/posts\/29258\/revisions"}],"predecessor-version":[{"id":29262,"href":"https:\/\/acontecenafronteira.com.br\/index.php\/wp-json\/wp\/v2\/posts\/29258\/revisions\/29262"}],"wp:featuredmedia":[{"embeddable":true,"href":"https:\/\/acontecenafronteira.com.br\/index.php\/wp-json\/wp\/v2\/media\/29261"}],"wp:attachment":[{"href":"https:\/\/acontecenafronteira.com.br\/index.php\/wp-json\/wp\/v2\/media?parent=29258"}],"wp:term":[{"taxonomy":"category","embeddable":true,"href":"https:\/\/acontecenafronteira.com.br\/index.php\/wp-json\/wp\/v2\/categories?post=29258"},{"taxonomy":"post_tag","embeddable":true,"href":"https:\/\/acontecenafronteira.com.br\/index.php\/wp-json\/wp\/v2\/tags?post=29258"}],"curies":[{"name":"wp","href":"https:\/\/api.w.org\/{rel}","templated":true}]}}