{"id":29255,"date":"2026-04-28T09:16:45","date_gmt":"2026-04-28T12:16:45","guid":{"rendered":"https:\/\/acontecenafronteira.com.br\/?p=29255"},"modified":"2026-04-28T09:16:46","modified_gmt":"2026-04-28T12:16:46","slug":"i-seminario-regional-de-enfrentamento-as-violencias-contra-criancas-e-adolescentes-sera-realizado-nos-dias-07-e-08-de-maio","status":"publish","type":"post","link":"https:\/\/acontecenafronteira.com.br\/index.php\/2026\/04\/28\/i-seminario-regional-de-enfrentamento-as-violencias-contra-criancas-e-adolescentes-sera-realizado-nos-dias-07-e-08-de-maio\/","title":{"rendered":"I Semin\u00e1rio Regional de Enfrentamento \u00e0s Viol\u00eancias contra Crian\u00e7as e Adolescentes ser\u00e1 realizado nos dias 07 e 08 de maio"},"content":{"rendered":"\n<p><em><strong>Evento re\u00fane profissionais e institui\u00e7\u00f5es da rede de prote\u00e7\u00e3o para fortalecer a\u00e7\u00f5es de preven\u00e7\u00e3o, enfrentamento e garantia de direitos de crian\u00e7as e adolescentes<br><\/strong><\/em><br><\/p>\n\n\n\n<p><em>O evento contar\u00e1 com participa\u00e7\u00e3o mediante inscri\u00e7\u00e3o pr\u00e9via e tamb\u00e9m busca fortalecer a articula\u00e7\u00e3o regional, com convite estendido aos munic\u00edpios da Regi\u00e3o Oeste.<\/em><\/p>\n\n\n\n<p>Foz do Igua\u00e7u sediar\u00e1, nos dias 07 e 08 de maio, o I Semin\u00e1rio Regional de Enfrentamento \u00e0s Viol\u00eancias contra Crian\u00e7as e Adolescentes, iniciativa que integra as a\u00e7\u00f5es do m\u00eas de mobiliza\u00e7\u00e3o pelo enfrentamento ao abuso e \u00e0 explora\u00e7\u00e3o sexual de crian\u00e7as e adolescentes e refor\u00e7a o compromisso do munic\u00edpio com a prote\u00e7\u00e3o integral e a garantia de direitos. Evento acontece no audit\u00f3rio da&nbsp;Faculdade Descomplica UniAm\u00e9rica<strong>,<\/strong>&nbsp;na Avenida das Cataratas, 1118, naVila Yolanda.<\/p>\n\n\n\n<p>A a\u00e7\u00e3o faz parte do planejamento do Comit\u00ea Municipal de Preven\u00e7\u00e3o e Enfrentamento \u00e0 Viol\u00eancia contra Crian\u00e7as e Adolescentes e Erradica\u00e7\u00e3o do Trabalho Infantil, em parceria com a Secretaria Municipal de Assist\u00eancia Social, a Rede Proteger e o Projeto Aprendiz Poesia, reunindo profissionais, institui\u00e7\u00f5es e atores do Sistema de Garantia de Direitos para um espa\u00e7o de forma\u00e7\u00e3o, articula\u00e7\u00e3o e constru\u00e7\u00e3o coletiva.<\/p>\n\n\n\n<p>A proposta do semin\u00e1rio \u00e9 fortalecer a atua\u00e7\u00e3o da rede de prote\u00e7\u00e3o, ampliar o di\u00e1logo entre pol\u00edticas p\u00fablicas e qualificar pr\u00e1ticas profissionais, especialmente no contexto do m\u00eas de maio, marcado pela campanha nacional de enfrentamento \u00e0s viol\u00eancias contra crian\u00e7as e adolescentes.<\/p>\n\n\n\n<p>O evento contar\u00e1 com participa\u00e7\u00e3o mediante inscri\u00e7\u00e3o pr\u00e9via e tamb\u00e9m busca fortalecer a articula\u00e7\u00e3o regional, com convite estendido aos munic\u00edpios da Regi\u00e3o Oeste.<\/p>\n\n\n\n<p>Mais do que um espa\u00e7o formativo, o semin\u00e1rio representa um movimento coletivo de mobiliza\u00e7\u00e3o e compromisso com a preven\u00e7\u00e3o das viol\u00eancias, a prote\u00e7\u00e3o de crian\u00e7as e adolescentes e o fortalecimento das pol\u00edticas p\u00fablicas no territ\u00f3rio.<\/p>\n\n\n\n<p>Interessados devem fazer inscri\u00e7\u00e3o via link:<a href=\"https:\/\/forms.gle\/nqMJ5o6e4foehQmN9\">https:\/\/forms.gle\/nqMJ5o6e4foehQmN9<\/a><\/p>\n\n\n\n<p><strong>Programa\u00e7\u00e3o<\/strong><\/p>\n\n\n\n<p><strong>07 de maio<\/strong><br>08h \u2013 Credenciamento e coffee break<br>09h \u2013 Mesa de Abertura<br>09h30 \u2013 Projeto Aprendiz Poesia<br>10h \u2013 Mesa-redonda: O papel do Sistema de Garantia de Direitos no enfrentamento \u00e0s viol\u00eancias<br>11h30 \u2013 Intervalo<br>13h \u2013 Palestra: Lei 13.431\/2017 e a import\u00e2ncia da revela\u00e7\u00e3o espont\u00e2nea<br>16h \u2013 Encerramento<\/p>\n\n\n\n<p><strong>08 de maio<\/strong><br>08h \u2013 Coffee break<br>08h30 \u2013 Mesa-redonda: Panorama da viol\u00eancia contra crian\u00e7as e adolescentes<br>11h30 \u2013 Intervalo<br>13h \u2013 Palestra: O papel da prova pericial e da atua\u00e7\u00e3o m\u00e9dica nos casos de viol\u00eancia<br>16h \u2013 Encerramento.<\/p>\n","protected":false},"excerpt":{"rendered":"<p>Evento re\u00fane profissionais e institui\u00e7\u00f5es da rede de prote\u00e7\u00e3o para fortalecer a\u00e7\u00f5es de preven\u00e7\u00e3o, enfrentamento e garantia de direitos de crian\u00e7as e adolescentes O evento contar\u00e1 com participa\u00e7\u00e3o mediante inscri\u00e7\u00e3o pr\u00e9via e tamb\u00e9m busca fortalecer a articula\u00e7\u00e3o regional, com convite estendido aos munic\u00edpios da Regi\u00e3o Oeste. Foz do Igua\u00e7u sediar\u00e1, nos dias 07 e 08 [&hellip;]<\/p>\n","protected":false},"author":2,"featured_media":29256,"comment_status":"open","ping_status":"open","sticky":false,"template":"","format":"standard","meta":{"om_disable_all_campaigns":false,"_monsterinsights_skip_tracking":false,"_monsterinsights_sitenote_active":false,"_monsterinsights_sitenote_note":"","_monsterinsights_sitenote_category":0,"footnotes":""},"categories":[26,4,8,10],"tags":[],"class_list":["post-29255","post","type-post","status-publish","format-standard","has-post-thumbnail","hentry","category-brasil","category-cidade","category-educaca0","category-saude"],"_links":{"self":[{"href":"https:\/\/acontecenafronteira.com.br\/index.php\/wp-json\/wp\/v2\/posts\/29255","targetHints":{"allow":["GET"]}}],"collection":[{"href":"https:\/\/acontecenafronteira.com.br\/index.php\/wp-json\/wp\/v2\/posts"}],"about":[{"href":"https:\/\/acontecenafronteira.com.br\/index.php\/wp-json\/wp\/v2\/types\/post"}],"author":[{"embeddable":true,"href":"https:\/\/acontecenafronteira.com.br\/index.php\/wp-json\/wp\/v2\/users\/2"}],"replies":[{"embeddable":true,"href":"https:\/\/acontecenafronteira.com.br\/index.php\/wp-json\/wp\/v2\/comments?post=29255"}],"version-history":[{"count":1,"href":"https:\/\/acontecenafronteira.com.br\/index.php\/wp-json\/wp\/v2\/posts\/29255\/revisions"}],"predecessor-version":[{"id":29257,"href":"https:\/\/acontecenafronteira.com.br\/index.php\/wp-json\/wp\/v2\/posts\/29255\/revisions\/29257"}],"wp:featuredmedia":[{"embeddable":true,"href":"https:\/\/acontecenafronteira.com.br\/index.php\/wp-json\/wp\/v2\/media\/29256"}],"wp:attachment":[{"href":"https:\/\/acontecenafronteira.com.br\/index.php\/wp-json\/wp\/v2\/media?parent=29255"}],"wp:term":[{"taxonomy":"category","embeddable":true,"href":"https:\/\/acontecenafronteira.com.br\/index.php\/wp-json\/wp\/v2\/categories?post=29255"},{"taxonomy":"post_tag","embeddable":true,"href":"https:\/\/acontecenafronteira.com.br\/index.php\/wp-json\/wp\/v2\/tags?post=29255"}],"curies":[{"name":"wp","href":"https:\/\/api.w.org\/{rel}","templated":true}]}}