{"id":29252,"date":"2026-04-27T14:46:32","date_gmt":"2026-04-27T17:46:32","guid":{"rendered":"https:\/\/acontecenafronteira.com.br\/?p=29252"},"modified":"2026-04-27T14:46:33","modified_gmt":"2026-04-27T17:46:33","slug":"requerimento-cobra-informacoes-sobre-professor-de-apoio-para-alunos-neurodivergentes","status":"publish","type":"post","link":"https:\/\/acontecenafronteira.com.br\/index.php\/2026\/04\/27\/requerimento-cobra-informacoes-sobre-professor-de-apoio-para-alunos-neurodivergentes\/","title":{"rendered":"Requerimento cobra informa\u00e7\u00f5es sobre professor de apoio para alunos neurodivergentes"},"content":{"rendered":"\n<p><strong><em>Documento pede n\u00fameros atualizados e planejamento da Prefeitura<\/em><\/strong><\/p>\n\n\n\n<p>A inclus\u00e3o de estudantes com defici\u00eancia e neurodiverg\u00eancias na rede p\u00fablica de ensino tem sido um dos principais desafios enfrentados pelos munic\u00edpios, especialmente diante do aumento da demanda por atendimento especializado. Em Foz do Igua\u00e7u, o tema voltou ao debate no Legislativo com a apresenta\u00e7\u00e3o de um requerimento que busca esclarecer a estrutura dispon\u00edvel para esse p\u00fablico, principalmente no que diz respeito \u00e0 presen\u00e7a de professor de apoio. O requerimento segue agora para an\u00e1lise do Executivo, que dever\u00e1 prestar as informa\u00e7\u00f5es dentro do prazo legal.<\/p>\n\n\n\n<p>O Requerimento n\u00ba 282\/2026 , de autoria do vereador Dr. Ranieri Marchioro (Republicanos), solicita ao prefeito, informa\u00e7\u00f5es detalhadas sobre a disponibilidade de professores de apoio na Rede Municipal de Ensino.<\/p>\n\n\n\n<blockquote class=\"wp-block-quote is-layout-flow wp-block-quote-is-layout-flow\">\n<p>\u201cApresentamos este requerimento com o objetivo de solicitar informa\u00e7\u00f5es ao Poder P\u00fablico, a fim de realizar um diagn\u00f3stico preciso da situa\u00e7\u00e3o. Buscamos compreender quais s\u00e3o as necessidades atuais, qual \u00e9 o quantitativo de professores dispon\u00edvel e quais pol\u00edticas est\u00e3o sendo adotadas. A partir desses dados, ser\u00e1 poss\u00edvel desenvolver um trabalho efetivamente direcionado \u00e0 constru\u00e7\u00e3o de solu\u00e7\u00f5es concretas para as demandas da educa\u00e7\u00e3o em Foz\u201d, pontuou o parlamentar.<\/p>\n<\/blockquote>\n\n\n\n<p>Entre os questionamentos, o parlamentar pede a quantidade atual de professores de apoio, com detalhamento por unidade escolar e n\u00edvel de ensino, al\u00e9m do n\u00famero de estudantes com defici\u00eancia, Transtorno do Espectro Autista (TEA), TDAH e outras neurodiverg\u00eancias matriculados. O requerimento tamb\u00e9m busca identificar quantos desses alunos j\u00e1 contam com o acompanhamento e quantos ainda aguardam atendimento.<\/p>\n\n\n\n<p>Outro ponto abordado \u00e9 o crit\u00e9rio adotado pela Secretaria Municipal de Educa\u00e7\u00e3o para a concess\u00e3o do professor de apoio, incluindo avalia\u00e7\u00f5es, laudos e normativas utilizadas. O vereador tamb\u00e9m questiona se h\u00e1 d\u00e9ficit desses profissionais na rede e, caso exista, qual o n\u00famero estimado de vagas em aberto.<\/p>\n\n\n\n<p>O documento ainda solicita informa\u00e7\u00f5es sobre poss\u00edveis processos seletivos ou concursos p\u00fablicos para amplia\u00e7\u00e3o do quadro, bem como a\u00e7\u00f5es de forma\u00e7\u00e3o continuada voltadas aos profissionais da educa\u00e7\u00e3o que atuam diretamente com esse p\u00fablico. A organiza\u00e7\u00e3o das turmas tamb\u00e9m entra em pauta, com questionamento sobre medidas para evitar a sobrecarga de professores que n\u00e3o contam com o suporte adequado.<\/p>\n\n\n\n<p>Na justificativa, o autor destaca que o objetivo \u00e9 contribuir com o aprimoramento das pol\u00edticas p\u00fablicas de inclus\u00e3o escolar, ressaltando a import\u00e2ncia do professor de apoio no acompanhamento pedag\u00f3gico e no desenvolvimento dos alunos. O vereador tamb\u00e9m refor\u00e7a que o direito \u00e0 educa\u00e7\u00e3o inclusiva est\u00e1 garantido na legisla\u00e7\u00e3o brasileira, sendo fundamental assegurar condi\u00e7\u00f5es adequadas de acesso, perman\u00eancia e aprendizagem para todos os estudantes.<\/p>\n","protected":false},"excerpt":{"rendered":"<p>Documento pede n\u00fameros atualizados e planejamento da Prefeitura A inclus\u00e3o de estudantes com defici\u00eancia e neurodiverg\u00eancias na rede p\u00fablica de ensino tem sido um dos principais desafios enfrentados pelos munic\u00edpios, especialmente diante do aumento da demanda por atendimento especializado. Em Foz do Igua\u00e7u, o tema voltou ao debate no Legislativo com a apresenta\u00e7\u00e3o de um [&hellip;]<\/p>\n","protected":false},"author":2,"featured_media":29253,"comment_status":"open","ping_status":"open","sticky":false,"template":"","format":"standard","meta":{"om_disable_all_campaigns":false,"_monsterinsights_skip_tracking":false,"_monsterinsights_sitenote_active":false,"_monsterinsights_sitenote_note":"","_monsterinsights_sitenote_category":0,"footnotes":""},"categories":[26,4,10],"tags":[],"class_list":["post-29252","post","type-post","status-publish","format-standard","has-post-thumbnail","hentry","category-brasil","category-cidade","category-saude"],"_links":{"self":[{"href":"https:\/\/acontecenafronteira.com.br\/index.php\/wp-json\/wp\/v2\/posts\/29252","targetHints":{"allow":["GET"]}}],"collection":[{"href":"https:\/\/acontecenafronteira.com.br\/index.php\/wp-json\/wp\/v2\/posts"}],"about":[{"href":"https:\/\/acontecenafronteira.com.br\/index.php\/wp-json\/wp\/v2\/types\/post"}],"author":[{"embeddable":true,"href":"https:\/\/acontecenafronteira.com.br\/index.php\/wp-json\/wp\/v2\/users\/2"}],"replies":[{"embeddable":true,"href":"https:\/\/acontecenafronteira.com.br\/index.php\/wp-json\/wp\/v2\/comments?post=29252"}],"version-history":[{"count":1,"href":"https:\/\/acontecenafronteira.com.br\/index.php\/wp-json\/wp\/v2\/posts\/29252\/revisions"}],"predecessor-version":[{"id":29254,"href":"https:\/\/acontecenafronteira.com.br\/index.php\/wp-json\/wp\/v2\/posts\/29252\/revisions\/29254"}],"wp:featuredmedia":[{"embeddable":true,"href":"https:\/\/acontecenafronteira.com.br\/index.php\/wp-json\/wp\/v2\/media\/29253"}],"wp:attachment":[{"href":"https:\/\/acontecenafronteira.com.br\/index.php\/wp-json\/wp\/v2\/media?parent=29252"}],"wp:term":[{"taxonomy":"category","embeddable":true,"href":"https:\/\/acontecenafronteira.com.br\/index.php\/wp-json\/wp\/v2\/categories?post=29252"},{"taxonomy":"post_tag","embeddable":true,"href":"https:\/\/acontecenafronteira.com.br\/index.php\/wp-json\/wp\/v2\/tags?post=29252"}],"curies":[{"name":"wp","href":"https:\/\/api.w.org\/{rel}","templated":true}]}}