{"id":29249,"date":"2026-04-27T14:44:23","date_gmt":"2026-04-27T17:44:23","guid":{"rendered":"https:\/\/acontecenafronteira.com.br\/?p=29249"},"modified":"2026-04-27T14:44:24","modified_gmt":"2026-04-27T17:44:24","slug":"prefeitura-e-comite-olimpico-do-brasil-assinam-acordo-para-a-realizacao-dos-jogos-da-juventude-2026-em-foz-do-iguacu","status":"publish","type":"post","link":"https:\/\/acontecenafronteira.com.br\/index.php\/2026\/04\/27\/prefeitura-e-comite-olimpico-do-brasil-assinam-acordo-para-a-realizacao-dos-jogos-da-juventude-2026-em-foz-do-iguacu\/","title":{"rendered":"Prefeitura e Comit\u00ea Ol\u00edmpico do Brasil assinam acordo para a realiza\u00e7\u00e3o dos Jogos da Juventude 2026 em Foz do Igua\u00e7u"},"content":{"rendered":"\n<p><strong><em>Cerim\u00f4nia de assinatura ocorreu nesta segunda-feira (27) e contou com a presen\u00e7a de representantes municipais, estaduais e do COB<br><\/em><\/strong><br><\/p>\n\n\n\n<p>Foi assinado, nesta segunda-feira (27), o Acordo de Coopera\u00e7\u00e3o T\u00e9cnica com o Comit\u00ea Ol\u00edmpico do Brasil (COB) para a realiza\u00e7\u00e3o dos Jogos da Juventude 2026 em Foz do Igua\u00e7u. A formaliza\u00e7\u00e3o da parceria contou com a presen\u00e7a do prefeito, General Silva e Luna; do secret\u00e1rio municipal de Esporte, Lazer, Juventude e Melhor Idade, Antonio Sapia; do presidente do COB, Marco La Porta; do diretor-geral da entidade e campe\u00e3o ol\u00edmpico no v\u00f4lei de praia, Emanuel Rego; e do secret\u00e1rio de Esporte do Governo do Estado, Walmir da Silva Matos.<\/p>\n\n\n\n<p>O acordo estabelece a parceria entre o COB, a prefeitura e o Governo do Estado para a organiza\u00e7\u00e3o conjunta dos Jogos da Juventude 2026. A assinatura do documento representa um marco inicial das a\u00e7\u00f5es de planejamento e divulga\u00e7\u00e3o do evento.&nbsp;<\/p>\n\n\n\n<p>Segundo o presidente do COB, Marco La Porta, o evento deve reunir 4.500 jovens na cidade para disputar 22 modalidades esportivas. \u201cAgora, vamos dar continuidade aos preparativos, dentro do cronograma estabelecido, com a montagem do evento e a verifica\u00e7\u00e3o das instala\u00e7\u00f5es esportivas, como gin\u00e1sios, pistas e piscinas, para que tudo esteja pronto para receber nossos atletas\u201d, afirmou.<\/p>\n\n\n\n<p>Os Jogos da Juventude 2026 come\u00e7am no dia 19 de outubro e seguem at\u00e9 3 de novembro. Para o prefeito, o fato de o munic\u00edpio ter sido escolhido para sediar o evento \u00e9 motivo de orgulho e tamb\u00e9m de responsabilidade. \u201cEstamos orgulhosos de ter sido escolhidos entre tantos munic\u00edpios do Brasil, o que demonstra que a cidade possui uma excelente estrutura para receber eventos desse porte. Agora, temos o desafio de fazer acontecer. \u00c9 um trabalho importante que temos pela frente\u201d, afirmou.<\/p>\n\n\n\n<p>O secret\u00e1rio municipal de Esporte, Lazer, Juventude e Melhor Idade, Antonio Sapia, destacou a grande expectativa para receber os jogos. \u201cTemos proporcionado a Foz do Igua\u00e7u a oportunidade de receber grandes talentos do nosso estado e, agora, com esse evento nacional, no qual todos os estados estar\u00e3o representados, vamos receber talentos nacionais. Isso mostra o esfor\u00e7o para fortalecer o esporte no munic\u00edpio\u201d, ressaltou.<\/p>\n\n\n\n<p>De acordo com o COB, Foz do Igua\u00e7u foi escolhida para sediar os Jogos da Juventude 2026 devido \u00e0 sua estrutura, \u00e0 capacidade para a entrega do evento e \u00e0 possibilidade de receber um legado esportivo.<\/p>\n\n\n\n<p>O secret\u00e1rio de Esporte do Estado, Walmir da Silva Matos, frisou que a cidade vai al\u00e9m da infraestrutura esportiva necess\u00e1ria para a competi\u00e7\u00e3o. \u201cConta com toda a infraestrutura hoteleira e um aeroporto internacional. Ou seja, re\u00fane todas as condi\u00e7\u00f5es necess\u00e1rias para um evento dessa magnitude. \u00c9 motivo de orgulho para n\u00f3s, paranaenses, receber grandes atletas de todo o Brasil\u201d, finalizou.<\/p>\n","protected":false},"excerpt":{"rendered":"<p>Cerim\u00f4nia de assinatura ocorreu nesta segunda-feira (27) e contou com a presen\u00e7a de representantes municipais, estaduais e do COB Foi assinado, nesta segunda-feira (27), o Acordo de Coopera\u00e7\u00e3o T\u00e9cnica com o Comit\u00ea Ol\u00edmpico do Brasil (COB) para a realiza\u00e7\u00e3o dos Jogos da Juventude 2026 em Foz do Igua\u00e7u. A formaliza\u00e7\u00e3o da parceria contou com a [&hellip;]<\/p>\n","protected":false},"author":2,"featured_media":29250,"comment_status":"open","ping_status":"open","sticky":false,"template":"","format":"standard","meta":{"om_disable_all_campaigns":false,"_monsterinsights_skip_tracking":false,"_monsterinsights_sitenote_active":false,"_monsterinsights_sitenote_note":"","_monsterinsights_sitenote_category":0,"footnotes":""},"categories":[26,4],"tags":[],"class_list":["post-29249","post","type-post","status-publish","format-standard","has-post-thumbnail","hentry","category-brasil","category-cidade"],"_links":{"self":[{"href":"https:\/\/acontecenafronteira.com.br\/index.php\/wp-json\/wp\/v2\/posts\/29249","targetHints":{"allow":["GET"]}}],"collection":[{"href":"https:\/\/acontecenafronteira.com.br\/index.php\/wp-json\/wp\/v2\/posts"}],"about":[{"href":"https:\/\/acontecenafronteira.com.br\/index.php\/wp-json\/wp\/v2\/types\/post"}],"author":[{"embeddable":true,"href":"https:\/\/acontecenafronteira.com.br\/index.php\/wp-json\/wp\/v2\/users\/2"}],"replies":[{"embeddable":true,"href":"https:\/\/acontecenafronteira.com.br\/index.php\/wp-json\/wp\/v2\/comments?post=29249"}],"version-history":[{"count":1,"href":"https:\/\/acontecenafronteira.com.br\/index.php\/wp-json\/wp\/v2\/posts\/29249\/revisions"}],"predecessor-version":[{"id":29251,"href":"https:\/\/acontecenafronteira.com.br\/index.php\/wp-json\/wp\/v2\/posts\/29249\/revisions\/29251"}],"wp:featuredmedia":[{"embeddable":true,"href":"https:\/\/acontecenafronteira.com.br\/index.php\/wp-json\/wp\/v2\/media\/29250"}],"wp:attachment":[{"href":"https:\/\/acontecenafronteira.com.br\/index.php\/wp-json\/wp\/v2\/media?parent=29249"}],"wp:term":[{"taxonomy":"category","embeddable":true,"href":"https:\/\/acontecenafronteira.com.br\/index.php\/wp-json\/wp\/v2\/categories?post=29249"},{"taxonomy":"post_tag","embeddable":true,"href":"https:\/\/acontecenafronteira.com.br\/index.php\/wp-json\/wp\/v2\/tags?post=29249"}],"curies":[{"name":"wp","href":"https:\/\/api.w.org\/{rel}","templated":true}]}}