{"id":29227,"date":"2026-04-26T14:54:28","date_gmt":"2026-04-26T17:54:28","guid":{"rendered":"https:\/\/acontecenafronteira.com.br\/?p=29227"},"modified":"2026-04-26T14:54:29","modified_gmt":"2026-04-26T17:54:29","slug":"ii-seminario-de-previdencia-municipal-comeca-na-segunda-feira-27","status":"publish","type":"post","link":"https:\/\/acontecenafronteira.com.br\/index.php\/2026\/04\/26\/ii-seminario-de-previdencia-municipal-comeca-na-segunda-feira-27\/","title":{"rendered":"II Semin\u00e1rio de Previd\u00eancia Municipal come\u00e7a na segunda-feira (27)"},"content":{"rendered":"\n<p>Evento promove di\u00e1logo, atualiza\u00e7\u00e3o t\u00e9cnica e fortalecimento da gest\u00e3o previdenci\u00e1ria no munic\u00edpio<br><br><\/p>\n\n\n\n<p>Na pr\u00f3xima segunda-feira (27) ser\u00e1 realizado, em Foz do Igua\u00e7u, o II Semin\u00e1rio de Previd\u00eancia Social. O evento ser\u00e1 na C\u00e2mara de Vereadores, \u00e0s 9h, e vai reunir servidores e aposentados para debater temas estrat\u00e9gicos relacionados ao sistema previdenci\u00e1rio municipal.<\/p>\n\n\n\n<p>O II Semin\u00e1rio de Previd\u00eancia Social \u00e9 um importante espa\u00e7o de di\u00e1logo, atualiza\u00e7\u00e3o t\u00e9cnica e fortalecimento da gest\u00e3o previdenci\u00e1ria no munic\u00edpio. Durante o evento ser\u00e3o abordados temas como a convers\u00e3o de tempo especial, averba\u00e7\u00e3o de tempo de contribui\u00e7\u00e3o, previd\u00eancia complementar, educa\u00e7\u00e3o financeira e prepara\u00e7\u00e3o para aposentadoria. Tamb\u00e9m ser\u00e1 apresentado o relat\u00f3rio financeiro de governan\u00e7a.<\/p>\n\n\n\n<p>A realiza\u00e7\u00e3o do evento reflete os avan\u00e7os alcan\u00e7ados pela administra\u00e7\u00e3o municipal, especialmente na moderniza\u00e7\u00e3o da gest\u00e3o previdenci\u00e1ria, no fortalecimento da transpar\u00eancia e no equil\u00edbrio financeiro e atuarial do sistema.<\/p>\n\n\n\n<p>O FOZPREV tem adotado pr\u00e1ticas mais eficientes de governan\u00e7a e ampliando o acesso \u00e0 informa\u00e7\u00e3o, al\u00e9m de promover a\u00e7\u00f5es educativas que incentivam decis\u00f5es mais conscientes sobre o futuro previdenci\u00e1rio dos servidores.<\/p>\n\n\n\n<p>Entre os principais avan\u00e7os est\u00e3o o aprimoramento dos controles internos, a qualifica\u00e7\u00e3o dos processos de concess\u00e3o de benef\u00edcios e a busca cont\u00ednua pela sustentabilidade do regime pr\u00f3prio de previd\u00eancia social.<\/p>\n\n\n\n<p>Apesar dos progressos, o FOZPREV ainda enfrenta desafios importantes, como a necessidade de adapta\u00e7\u00e3o \u00e0s constantes mudan\u00e7as na legisla\u00e7\u00e3o previdenci\u00e1ria, o equil\u00edbrio entre receitas e despesas no longo prazo e o fortalecimento da cultura de planejamento financeiro entre os servidores.<\/p>\n\n\n\n<p>Dados repassados pelo FOZPREV apontam a ado\u00e7\u00e3o de medidas estruturantes pela gest\u00e3o atual como a aprova\u00e7\u00e3o da Lei Complementar n\u00ba 446, a unifica\u00e7\u00e3o das massas de segurados e a implanta\u00e7\u00e3o de um plano de equacionamento do d\u00e9ficit atuarial existente desde 1993.<\/p>\n\n\n\n<p>O esfor\u00e7o fiscal do munic\u00edpio tamb\u00e9m se destaca, com contribui\u00e7\u00e3o patronal de 28% sobre a folha previdenci\u00e1ria e aporte mensal de R$ 10 milh\u00f5es, al\u00e9m de um planejamento voltado \u00e0 seguran\u00e7a e previsibilidade do sistema.<\/p>\n\n\n\n<p>Outro ponto relevante \u00e9 o pagamento da d\u00edvida gerada em gest\u00f5es anteriores, relacionada \u00e0 contribui\u00e7\u00e3o previdenci\u00e1ria sobre o dec\u00eanio, com a formaliza\u00e7\u00e3o de dois parcelamentos em 2025, regularizando uma pend\u00eancia que havia sido apontada pelo Tribunal de Contas do Estado do Paran\u00e1.<\/p>\n","protected":false},"excerpt":{"rendered":"<p>Evento promove di\u00e1logo, atualiza\u00e7\u00e3o t\u00e9cnica e fortalecimento da gest\u00e3o previdenci\u00e1ria no munic\u00edpio Na pr\u00f3xima segunda-feira (27) ser\u00e1 realizado, em Foz do Igua\u00e7u, o II Semin\u00e1rio de Previd\u00eancia Social. O evento ser\u00e1 na C\u00e2mara de Vereadores, \u00e0s 9h, e vai reunir servidores e aposentados para debater temas estrat\u00e9gicos relacionados ao sistema previdenci\u00e1rio municipal. O II Semin\u00e1rio [&hellip;]<\/p>\n","protected":false},"author":2,"featured_media":29228,"comment_status":"open","ping_status":"open","sticky":false,"template":"","format":"standard","meta":{"om_disable_all_campaigns":false,"_monsterinsights_skip_tracking":false,"_monsterinsights_sitenote_active":false,"_monsterinsights_sitenote_note":"","_monsterinsights_sitenote_category":0,"footnotes":""},"categories":[26,4],"tags":[],"class_list":["post-29227","post","type-post","status-publish","format-standard","has-post-thumbnail","hentry","category-brasil","category-cidade"],"_links":{"self":[{"href":"https:\/\/acontecenafronteira.com.br\/index.php\/wp-json\/wp\/v2\/posts\/29227","targetHints":{"allow":["GET"]}}],"collection":[{"href":"https:\/\/acontecenafronteira.com.br\/index.php\/wp-json\/wp\/v2\/posts"}],"about":[{"href":"https:\/\/acontecenafronteira.com.br\/index.php\/wp-json\/wp\/v2\/types\/post"}],"author":[{"embeddable":true,"href":"https:\/\/acontecenafronteira.com.br\/index.php\/wp-json\/wp\/v2\/users\/2"}],"replies":[{"embeddable":true,"href":"https:\/\/acontecenafronteira.com.br\/index.php\/wp-json\/wp\/v2\/comments?post=29227"}],"version-history":[{"count":1,"href":"https:\/\/acontecenafronteira.com.br\/index.php\/wp-json\/wp\/v2\/posts\/29227\/revisions"}],"predecessor-version":[{"id":29229,"href":"https:\/\/acontecenafronteira.com.br\/index.php\/wp-json\/wp\/v2\/posts\/29227\/revisions\/29229"}],"wp:featuredmedia":[{"embeddable":true,"href":"https:\/\/acontecenafronteira.com.br\/index.php\/wp-json\/wp\/v2\/media\/29228"}],"wp:attachment":[{"href":"https:\/\/acontecenafronteira.com.br\/index.php\/wp-json\/wp\/v2\/media?parent=29227"}],"wp:term":[{"taxonomy":"category","embeddable":true,"href":"https:\/\/acontecenafronteira.com.br\/index.php\/wp-json\/wp\/v2\/categories?post=29227"},{"taxonomy":"post_tag","embeddable":true,"href":"https:\/\/acontecenafronteira.com.br\/index.php\/wp-json\/wp\/v2\/tags?post=29227"}],"curies":[{"name":"wp","href":"https:\/\/api.w.org\/{rel}","templated":true}]}}