{"id":28888,"date":"2026-04-08T10:12:11","date_gmt":"2026-04-08T13:12:11","guid":{"rendered":"https:\/\/acontecenafronteira.com.br\/?p=28888"},"modified":"2026-04-08T10:12:12","modified_gmt":"2026-04-08T13:12:12","slug":"secretaria-da-mulher-de-foz-do-iguacu-promove-mais-de-26-acoes-e-alcanca-cerca-de-5-mil-mulheres-em-marco","status":"publish","type":"post","link":"https:\/\/acontecenafronteira.com.br\/index.php\/2026\/04\/08\/secretaria-da-mulher-de-foz-do-iguacu-promove-mais-de-26-acoes-e-alcanca-cerca-de-5-mil-mulheres-em-marco\/","title":{"rendered":"Secretaria da Mulher de Foz do Igua\u00e7u promove mais de 26 a\u00e7\u00f5es e alcan\u00e7a cerca de 5 mil mulheres em mar\u00e7o"},"content":{"rendered":"\n<p><strong><em>Programa\u00e7\u00e3o do M\u00eas da Mulher refor\u00e7ou a\u00e7\u00f5es de preven\u00e7\u00e3o \u00e0 viol\u00eancia, autonomia feminina e fortalecimento da rede de prote\u00e7\u00e3o<br><\/em><\/strong><br><\/p>\n\n\n\n<p>Durante o m\u00eas de mar\u00e7o de 2026, a Secretaria Municipal da Mulher de Foz do Igua\u00e7u em parceria com a Funda\u00e7\u00e3o Cultural e demais secretarias, promoveu uma ampla agenda de atividades em alus\u00e3o ao M\u00eas da Mulher, com foco na conscientiza\u00e7\u00e3o, acolhimento, preven\u00e7\u00e3o \u00e0 viol\u00eancia e fortalecimento da autonomia feminina. Ao todo, foram realizadas 26 a\u00e7\u00f5es, alcan\u00e7ando diretamente cerca de 5 mil pessoas, al\u00e9m de impactos indiretos em diferentes regi\u00f5es do munic\u00edpio, por meio de palestras, capacita\u00e7\u00f5es, atendimentos, campanhas educativas e eventos comunit\u00e1rios.<\/p>\n\n\n\n<p>Entre os destaques da programa\u00e7\u00e3o esteve a campanha \u201cO Amor N\u00e3o Machuca\u201d, desenvolvida em diversos espa\u00e7os, como empresas, escolas e institui\u00e7\u00f5es, levando informa\u00e7\u00f5es sobre rela\u00e7\u00f5es saud\u00e1veis e preven\u00e7\u00e3o \u00e0 viol\u00eancia para mulheres e adolescentes.<\/p>\n\n\n\n<p>No dia 8 de mar\u00e7o, a Secretaria promoveu uma a\u00e7\u00e3o especial na Avenida Paran\u00e1, em celebra\u00e7\u00e3o ao Dia Internacional da Mulher, refor\u00e7ando mensagens de respeito, autocuidado e enfrentamento \u00e0 viol\u00eancia. A iniciativa reuniu cerca de 700 mulheres. Al\u00e9m disso, a equipe participou de eventos importantes, como o Paran\u00e1 em A\u00e7\u00e3o, onde foram realizados 184 atendimentos, ampliando o acesso das mulheres aos servi\u00e7os da rede de prote\u00e7\u00e3o.<\/p>\n\n\n\n<p>Outro destaque foi a a\u00e7\u00e3o conjunta com a Secretaria de Educa\u00e7\u00e3o, que teve como tema a valoriza\u00e7\u00e3o das mulheres, iniciada no CMEI Braz de Moura e na Escola Municipal Ponte da Amizade. A iniciativa deve ser ampliada para as demais 96 unidades da rede municipal, com previs\u00e3o de alcan\u00e7ar cerca de 3.200 servidoras.<\/p>\n\n\n\n<p>Tamb\u00e9m houve o fortalecimento dos v\u00ednculos comunit\u00e1rios por meio do cadastramento do Clube de M\u00e3es, que atendeu mais de 100 fam\u00edlias ao longo do m\u00eas, al\u00e9m da realiza\u00e7\u00e3o do projeto \u201cElas e Foz no Bairro\u201d, que reuniu aproximadamente 140 mulheres em um encontro com orienta\u00e7\u00f5es sobre a sa\u00fade da mulher e da pessoa idosa, al\u00e9m de momentos de conviv\u00eancia e integra\u00e7\u00e3o.<\/p>\n\n\n\n<p>A Secretaria tamb\u00e9m investiu na qualifica\u00e7\u00e3o de profissionais, com destaque para o treinamento sobre endometriose voltado \u00e0 aten\u00e7\u00e3o prim\u00e1ria \u00e0 sa\u00fade, que contou com a participa\u00e7\u00e3o de 127 servidores. A capacita\u00e7\u00e3o foi ministrada por especialista na \u00e1rea e reuniu representantes das secretarias municipal e estadual de Sa\u00fade.<\/p>\n\n\n\n<p>A atua\u00e7\u00e3o da equipe t\u00e9cnica do Centro de Refer\u00eancia de Atendimento \u00e0 Mulher (CRAM) tamb\u00e9m foi ampliada, com a\u00e7\u00f5es de orienta\u00e7\u00e3o e treinamentos internos, fortalecendo o atendimento humanizado e especializado. Durante o m\u00eas, o espa\u00e7o tamb\u00e9m recebeu a exposi\u00e7\u00e3o art\u00edstica \u201cArte para a Liberdade\u201d, com obras produzidas por mulheres privadas de liberdade do sistema penitenci\u00e1rio feminino.<\/p>\n\n\n\n<p>Para a secret\u00e1ria da Mulher, Scheila Melo, o m\u00eas de mar\u00e7o reafirma o compromisso cont\u00ednuo com as mulheres do munic\u00edpio. \u201cMar\u00e7o carrega hist\u00f3ria, for\u00e7a e prop\u00f3sito. Reconhecemos, com gratid\u00e3o, as mulheres que vieram antes de n\u00f3s e abriram caminhos. Na Secretaria Municipal da Mulher, seguimos firmes nesse compromisso ao longo de todo o ano, mas, neste m\u00eas, refor\u00e7amos ainda mais essa miss\u00e3o,\u201d afirmou.<\/p>\n","protected":false},"excerpt":{"rendered":"<p>Programa\u00e7\u00e3o do M\u00eas da Mulher refor\u00e7ou a\u00e7\u00f5es de preven\u00e7\u00e3o \u00e0 viol\u00eancia, autonomia feminina e fortalecimento da rede de prote\u00e7\u00e3o Durante o m\u00eas de mar\u00e7o de 2026, a Secretaria Municipal da Mulher de Foz do Igua\u00e7u em parceria com a Funda\u00e7\u00e3o Cultural e demais secretarias, promoveu uma ampla agenda de atividades em alus\u00e3o ao M\u00eas da [&hellip;]<\/p>\n","protected":false},"author":2,"featured_media":28889,"comment_status":"open","ping_status":"open","sticky":false,"template":"","format":"standard","meta":{"om_disable_all_campaigns":false,"_monsterinsights_skip_tracking":false,"_monsterinsights_sitenote_active":false,"_monsterinsights_sitenote_note":"","_monsterinsights_sitenote_category":0,"footnotes":""},"categories":[26,4,19],"tags":[],"class_list":["post-28888","post","type-post","status-publish","format-standard","has-post-thumbnail","hentry","category-brasil","category-cidade","category-politica"],"_links":{"self":[{"href":"https:\/\/acontecenafronteira.com.br\/index.php\/wp-json\/wp\/v2\/posts\/28888","targetHints":{"allow":["GET"]}}],"collection":[{"href":"https:\/\/acontecenafronteira.com.br\/index.php\/wp-json\/wp\/v2\/posts"}],"about":[{"href":"https:\/\/acontecenafronteira.com.br\/index.php\/wp-json\/wp\/v2\/types\/post"}],"author":[{"embeddable":true,"href":"https:\/\/acontecenafronteira.com.br\/index.php\/wp-json\/wp\/v2\/users\/2"}],"replies":[{"embeddable":true,"href":"https:\/\/acontecenafronteira.com.br\/index.php\/wp-json\/wp\/v2\/comments?post=28888"}],"version-history":[{"count":1,"href":"https:\/\/acontecenafronteira.com.br\/index.php\/wp-json\/wp\/v2\/posts\/28888\/revisions"}],"predecessor-version":[{"id":28890,"href":"https:\/\/acontecenafronteira.com.br\/index.php\/wp-json\/wp\/v2\/posts\/28888\/revisions\/28890"}],"wp:featuredmedia":[{"embeddable":true,"href":"https:\/\/acontecenafronteira.com.br\/index.php\/wp-json\/wp\/v2\/media\/28889"}],"wp:attachment":[{"href":"https:\/\/acontecenafronteira.com.br\/index.php\/wp-json\/wp\/v2\/media?parent=28888"}],"wp:term":[{"taxonomy":"category","embeddable":true,"href":"https:\/\/acontecenafronteira.com.br\/index.php\/wp-json\/wp\/v2\/categories?post=28888"},{"taxonomy":"post_tag","embeddable":true,"href":"https:\/\/acontecenafronteira.com.br\/index.php\/wp-json\/wp\/v2\/tags?post=28888"}],"curies":[{"name":"wp","href":"https:\/\/api.w.org\/{rel}","templated":true}]}}