{"id":28575,"date":"2026-03-10T20:28:31","date_gmt":"2026-03-10T23:28:31","guid":{"rendered":"https:\/\/acontecenafronteira.com.br\/?p=28575"},"modified":"2026-03-10T20:28:38","modified_gmt":"2026-03-10T23:28:38","slug":"deoclecio-duarte-se-reune-com-vice-governador-darci-piana-no-palacio-iguacu","status":"publish","type":"post","link":"https:\/\/acontecenafronteira.com.br\/index.php\/2026\/03\/10\/deoclecio-duarte-se-reune-com-vice-governador-darci-piana-no-palacio-iguacu\/","title":{"rendered":"Deoclecio Duarte se re\u00fane com vice-governador Darci Piana no Pal\u00e1cio Igua\u00e7u"},"content":{"rendered":"\n<p><strong><em>Empres\u00e1rio igua\u00e7uense discutiu desenvolvimento econ\u00f4mico, empreendedorismo e cen\u00e1rio pol\u00edtico do Paran\u00e1 durante encontro em Curitiba.<\/em><\/strong><\/p>\n\n\n\n<p>O empres\u00e1rio igua\u00e7uense Deoclecio Duarte esteve em Curitiba na segunda-feira (9), onde se reuniu com o vice-governador do Paran\u00e1, Darci Piana, no Pal\u00e1cio Igua\u00e7u. O encontro teve como pauta temas ligados ao setor empresarial e \u00e0s perspectivas de desenvolvimento econ\u00f4mico do Estado.<\/p>\n\n\n\n<p>A reuni\u00e3o ocorre em um momento importante do cen\u00e1rio pol\u00edtico estadual. Existe a possibilidade de que Piana venha a assumir o Governo do Paran\u00e1 nos pr\u00f3ximos meses, caso o atual governador, Ratinho Junior, deixe o cargo para disputar as elei\u00e7\u00f5es de 2026.<\/p>\n\n\n\n<p>Durante o encontro, Deoclecio Duarte e Darci Piana conversaram sobre o ambiente econ\u00f4mico do Paran\u00e1, as pol\u00edticas p\u00fablicas que v\u00eam impulsionando o crescimento do Estado e o planejamento estrat\u00e9gico voltado ao fortalecimento do empreendedorismo e do setor produtivo na pr\u00f3xima d\u00e9cada.<\/p>\n\n\n\n<p>Empres\u00e1rio com atua\u00e7\u00e3o no setor produtivo, Deoclecio Duarte \u00e9 pr\u00e9-candidato a deputado estadual pelo PL. Ele destacou a import\u00e2ncia do di\u00e1logo entre o poder p\u00fablico e quem gera empregos e investimentos.<\/p>\n\n\n\n<p>\u201cQuem empreende conhece de perto os desafios de gerar empregos, investir e fazer a economia girar. O Paran\u00e1 tem avan\u00e7ado muito nessa \u00e1rea e o di\u00e1logo entre o setor produtivo e o poder p\u00fablico \u00e9 essencial para que esse desenvolvimento continue acontecendo\u201d, afirmou.<\/p>\n\n\n\n<p>Uma nova rodada de conversas ficou pr\u00e9-agendada para as pr\u00f3ximas semanas, quando Piana possivelmente j\u00e1 estar\u00e1 \u00e0 frente do Governo do Estado.<\/p>\n\n\n\n<p>Darci Piana tamb\u00e9m tem trajet\u00f3ria ligada ao setor empresarial. Antes de assumir a vice-governadoria, presidiu a Federa\u00e7\u00e3o do Com\u00e9rcio de Bens, Servi\u00e7os e Turismo do Paran\u00e1 (Fecom\u00e9rcio PR), uma das principais entidades de representa\u00e7\u00e3o do setor produtivo no Estado.<\/p>\n\n\n\n<figure class=\"wp-block-image size-large\"><img loading=\"lazy\" decoding=\"async\" width=\"576\" height=\"1024\" src=\"https:\/\/acontecenafronteira.com.br\/wp-content\/uploads\/2026\/03\/deocleciopiana-576x1024.png?v=1773185259\" alt=\"\" class=\"wp-image-28576\" srcset=\"https:\/\/acontecenafronteira.com.br\/wp-content\/uploads\/2026\/03\/deocleciopiana-576x1024.png?v=1773185259 576w, https:\/\/acontecenafronteira.com.br\/wp-content\/uploads\/2026\/03\/deocleciopiana-169x300.png?v=1773185259 169w, https:\/\/acontecenafronteira.com.br\/wp-content\/uploads\/2026\/03\/deocleciopiana.png?v=1773185259 720w\" sizes=\"auto, (max-width: 576px) 100vw, 576px\" \/><\/figure>\n","protected":false},"excerpt":{"rendered":"<p>Empres\u00e1rio igua\u00e7uense discutiu desenvolvimento econ\u00f4mico, empreendedorismo e cen\u00e1rio pol\u00edtico do Paran\u00e1 durante encontro em Curitiba. O empres\u00e1rio igua\u00e7uense Deoclecio Duarte esteve em Curitiba na segunda-feira (9), onde se reuniu com o vice-governador do Paran\u00e1, Darci Piana, no Pal\u00e1cio Igua\u00e7u. O encontro teve como pauta temas ligados ao setor empresarial e \u00e0s perspectivas de desenvolvimento econ\u00f4mico [&hellip;]<\/p>\n","protected":false},"author":2,"featured_media":28577,"comment_status":"open","ping_status":"open","sticky":false,"template":"","format":"standard","meta":{"om_disable_all_campaigns":false,"_monsterinsights_skip_tracking":false,"_monsterinsights_sitenote_active":false,"_monsterinsights_sitenote_note":"","_monsterinsights_sitenote_category":0,"footnotes":""},"categories":[26,4,19],"tags":[],"class_list":["post-28575","post","type-post","status-publish","format-standard","has-post-thumbnail","hentry","category-brasil","category-cidade","category-politica"],"_links":{"self":[{"href":"https:\/\/acontecenafronteira.com.br\/index.php\/wp-json\/wp\/v2\/posts\/28575","targetHints":{"allow":["GET"]}}],"collection":[{"href":"https:\/\/acontecenafronteira.com.br\/index.php\/wp-json\/wp\/v2\/posts"}],"about":[{"href":"https:\/\/acontecenafronteira.com.br\/index.php\/wp-json\/wp\/v2\/types\/post"}],"author":[{"embeddable":true,"href":"https:\/\/acontecenafronteira.com.br\/index.php\/wp-json\/wp\/v2\/users\/2"}],"replies":[{"embeddable":true,"href":"https:\/\/acontecenafronteira.com.br\/index.php\/wp-json\/wp\/v2\/comments?post=28575"}],"version-history":[{"count":1,"href":"https:\/\/acontecenafronteira.com.br\/index.php\/wp-json\/wp\/v2\/posts\/28575\/revisions"}],"predecessor-version":[{"id":28578,"href":"https:\/\/acontecenafronteira.com.br\/index.php\/wp-json\/wp\/v2\/posts\/28575\/revisions\/28578"}],"wp:featuredmedia":[{"embeddable":true,"href":"https:\/\/acontecenafronteira.com.br\/index.php\/wp-json\/wp\/v2\/media\/28577"}],"wp:attachment":[{"href":"https:\/\/acontecenafronteira.com.br\/index.php\/wp-json\/wp\/v2\/media?parent=28575"}],"wp:term":[{"taxonomy":"category","embeddable":true,"href":"https:\/\/acontecenafronteira.com.br\/index.php\/wp-json\/wp\/v2\/categories?post=28575"},{"taxonomy":"post_tag","embeddable":true,"href":"https:\/\/acontecenafronteira.com.br\/index.php\/wp-json\/wp\/v2\/tags?post=28575"}],"curies":[{"name":"wp","href":"https:\/\/api.w.org\/{rel}","templated":true}]}}