{"id":28571,"date":"2026-03-10T14:01:19","date_gmt":"2026-03-10T17:01:19","guid":{"rendered":"https:\/\/acontecenafronteira.com.br\/?p=28571"},"modified":"2026-03-10T14:01:21","modified_gmt":"2026-03-10T17:01:21","slug":"evento-gratuito-celebra-110-anos-da-passagem-de-santos-dumont-por-foz-do-iguacu-neste-domingo-15","status":"publish","type":"post","link":"https:\/\/acontecenafronteira.com.br\/index.php\/2026\/03\/10\/evento-gratuito-celebra-110-anos-da-passagem-de-santos-dumont-por-foz-do-iguacu-neste-domingo-15\/","title":{"rendered":"Evento gratuito celebra 110 anos da passagem de Santos Dumont por Foz do Igua\u00e7u neste domingo (15)"},"content":{"rendered":"\n<p><strong><em>Programa\u00e7\u00e3o na Pra\u00e7a da Paz re\u00fane exposi\u00e7\u00e3o, apresenta\u00e7\u00f5es culturais e atividades educativas para relembrar a rela\u00e7\u00e3o hist\u00f3rica do inventor com as Cataratas do Igua\u00e7u<br><\/em><\/strong><\/p>\n\n\n\n<p>No pr\u00f3ximo domingo (15), Foz do Igua\u00e7u receber\u00e1 um evento em homenagem \u00e0 rela\u00e7\u00e3o hist\u00f3rica de Santos Dumont com o munic\u00edpio. A celebra\u00e7\u00e3o acontece das 8h \u00e0s 12h, na Pra\u00e7a da Paz, em conjunto com a Feirinha da JK, e tem como objetivo comemorar os 110 anos da passagem de Dumont pela cidade e os 120 anos do voo do 14-bis. Criado pelo inventor brasileiro, o avi\u00e3o foi o primeiro mais pesado que o ar a conseguir decolar por seus pr\u00f3prios meios. O evento \u00e9 gratuito e aberto ao p\u00fablico.<\/p>\n\n\n\n<p>A iniciativa \u00e9 do projeto Dumont nas Cataratas, em parceria com a Secretaria Municipal de Turismo de Foz do Igua\u00e7u (SMTU), Funda\u00e7\u00e3o Cultural, Secretaria Municipal de Educa\u00e7\u00e3o (SMED), Associa\u00e7\u00e3o Cultural dos Artistas Pl\u00e1sticos de Foz do Igua\u00e7u (ACAPI) e Revista 100Fronteiras.<\/p>\n\n\n\n<p>Segundo o secret\u00e1rio de Turismo de Foz do Igua\u00e7u, Jin Petrycoski, a celebra\u00e7\u00e3o refor\u00e7a a import\u00e2ncia de preservar e divulgar epis\u00f3dios que ajudaram a construir a hist\u00f3ria do destino. \u201cA passagem de Santos Dumont por Foz do Igua\u00e7u representa um momento decisivo para a preserva\u00e7\u00e3o das Cataratas e para a consolida\u00e7\u00e3o do turismo na cidade. Valorizar esse legado \u00e9 tamb\u00e9m fortalecer a identidade do destino e aproximar moradores e visitantes de uma hist\u00f3ria que ajudou a transformar esse patrim\u00f4nio natural em um espa\u00e7o p\u00fablico reconhecido mundialmente\u201d, afirma o secret\u00e1rio.<\/p>\n\n\n\n<p>A jornalista e uma das volunt\u00e1rias fundadoras do projeto Dumont nas Cataratas, Izabelle Ferrari, explica que o ano de 2026 marca duas datas simb\u00f3licas. \u201cEstamos celebrando os 110 anos da passagem de Santos Dumont por Foz do Igua\u00e7u e tamb\u00e9m os 120 anos da inven\u00e7\u00e3o do avi\u00e3o. Por isso, o evento de domingo \u00e9 um convite para que a comunidade conhe\u00e7a melhor essa hist\u00f3ria, se aproprie dela e tenha orgulho desse legado. O gesto de Dumont aqui foi \u00fanico e, de certa forma, tamb\u00e9m o coloca como uma refer\u00eancia quando falamos em preserva\u00e7\u00e3o e sustentabilidade\u201d, completa.<\/p>\n\n\n\n<p><strong>A programa\u00e7\u00e3o<\/strong><\/p>\n\n\n\n<p>Durante o encontro, os participantes poder\u00e3o conhecer uma maquete in\u00e9dita em madeira do hist\u00f3rico Hotel Brasil nos Saltos, onde o inventor se hospedou durante sua visita \u00e0 cidade. A pe\u00e7a ser\u00e1 apresentada ao p\u00fablico pela primeira vez, acompanhada de croquis do projeto.<\/p>\n\n\n\n<p>Tamb\u00e9m estar\u00e3o dispon\u00edveis uma exposi\u00e7\u00e3o de obras de arte produzidas por artistas locais em parceria com a ACAPI, a apresenta\u00e7\u00e3o de uma r\u00e9plica da mesa alta que Santos Dumont utilizava em seu apartamento em Paris e a exibi\u00e7\u00e3o de um projeto digital em 3D do motor do 14-bis, acompanhado de uma maquete impressa em 3D.<\/p>\n\n\n\n<p>A programa\u00e7\u00e3o inclui ainda a presen\u00e7a de um ator caracterizado como Santos Dumont, a participa\u00e7\u00e3o de descendentes da fam\u00edlia Engel \u2014 que recebeu o inventor durante sua visita a Foz do Igua\u00e7u \u2014 e a entrega de gibis com uma hist\u00f3ria infantil sobre a rela\u00e7\u00e3o do inventor com as Cataratas, com apoio da Revista 100Fronteiras.<\/p>\n\n\n\n<p>Durante o encontro, a Secretaria Municipal de Educa\u00e7\u00e3o tamb\u00e9m ir\u00e1 lan\u00e7ar um concurso cultural voltado aos alunos da rede municipal, com tem\u00e1tica relacionada a Santos Dumont.<\/p>\n\n\n\n<p>Al\u00e9m disso, no local ser\u00e3o vendidos camisetas, cart\u00f5es-postais e bottons para arrecadar recursos destinados ao projeto Dumont nas Cataratas.<\/p>\n\n\n\n<p><strong>A relev\u00e2ncia hist\u00f3rica<\/strong><\/p>\n\n\n\n<p>Em 1916, j\u00e1 reconhecido mundialmente por seus feitos na avia\u00e7\u00e3o, Santos Dumont foi convidado pelo hoteleiro Frederico Engel para conhecer o lado brasileiro das Cataratas do Igua\u00e7u e se hospedou no Hotel Brasil, em Foz do Igua\u00e7u.<\/p>\n\n\n\n<p>Encantado com a paisagem, Dumont descobriu que a \u00e1rea pertencia a um propriet\u00e1rio particular. Inconformado, decidiu viajar at\u00e9 Curitiba para solicitar ao ent\u00e3o presidente do Paran\u00e1, Affonso Camargo, a desapropria\u00e7\u00e3o das terras para uso p\u00fablico.<\/p>\n\n\n\n<p>Meses depois da visita, o governo estadual decretou a desapropria\u00e7\u00e3o da \u00e1rea, medida considerada fundamental para a preserva\u00e7\u00e3o do local e para a futura cria\u00e7\u00e3o do Parque Nacional do Igua\u00e7u. Por esse motivo, Santos Dumont \u00e9 lembrado como um dos respons\u00e1veis pela prote\u00e7\u00e3o das Cataratas, o que motivou a instala\u00e7\u00e3o de uma est\u00e1tua em sua homenagem no local, em 1979.<\/p>\n\n\n\n<p><strong>Projeto Dumont nas Cataratas<\/strong><\/p>\n\n\n\n<p>O projeto Dumont nas Cataratas surgiu em 2017 a partir da iniciativa de volunt\u00e1rios. O empres\u00e1rio S\u00e9rgio Teixeira, a jornalista Izabelle Ferrari, a jornalista S\u00edlvia Scandalo, a pedagoga Kathlen Ferrari e a diretora do Museu da Inconfid\u00eancia, em Ouro Preto, Margareth Monteiro, reuniram-se com o objetivo de pesquisar, preservar e divulgar a rela\u00e7\u00e3o de Santos Dumont com as Cataratas do Igua\u00e7u.<\/p>\n\n\n\n<p>A iniciativa resultou na cria\u00e7\u00e3o de um acervo hist\u00f3rico sobre a passagem do inventor por Foz do Igua\u00e7u, em 1916. A exposi\u00e7\u00e3o \u201cAsas da Mem\u00f3ria \u2013 Santos Dumont na Terra das Cataratas\u201d j\u00e1 foi apresentada no Ecomuseu de Itaipu e atualmente est\u00e1 instalada no pr\u00e9dio hist\u00f3rico do antigo aeroporto da cidade, no Clube Gresfi.<\/p>\n\n\n\n<p>Hoje, o projeto re\u00fane mais de 20 volunt\u00e1rios respons\u00e1veis por manter o acervo, promover visitas educativas e realizar a\u00e7\u00f5es culturais voltadas \u00e0 valoriza\u00e7\u00e3o da hist\u00f3ria de Santos Dumont na regi\u00e3o.<\/p>\n\n\n\n<figure class=\"wp-block-image size-full\"><img loading=\"lazy\" decoding=\"async\" width=\"217\" height=\"300\" src=\"https:\/\/acontecenafronteira.com.br\/wp-content\/uploads\/2026\/03\/WhatsApp-Image-2026-03-10-at-12.43.12-217x300-1.jpeg?v=1773162048\" alt=\"\" class=\"wp-image-28572\"\/><\/figure>\n\n\n\n<p><\/p>\n","protected":false},"excerpt":{"rendered":"<p>Programa\u00e7\u00e3o na Pra\u00e7a da Paz re\u00fane exposi\u00e7\u00e3o, apresenta\u00e7\u00f5es culturais e atividades educativas para relembrar a rela\u00e7\u00e3o hist\u00f3rica do inventor com as Cataratas do Igua\u00e7u No pr\u00f3ximo domingo (15), Foz do Igua\u00e7u receber\u00e1 um evento em homenagem \u00e0 rela\u00e7\u00e3o hist\u00f3rica de Santos Dumont com o munic\u00edpio. A celebra\u00e7\u00e3o acontece das 8h \u00e0s 12h, na Pra\u00e7a da [&hellip;]<\/p>\n","protected":false},"author":2,"featured_media":28573,"comment_status":"open","ping_status":"open","sticky":false,"template":"","format":"standard","meta":{"om_disable_all_campaigns":false,"_monsterinsights_skip_tracking":false,"_monsterinsights_sitenote_active":false,"_monsterinsights_sitenote_note":"","_monsterinsights_sitenote_category":0,"footnotes":""},"categories":[26,4,3,13],"tags":[],"class_list":["post-28571","post","type-post","status-publish","format-standard","has-post-thumbnail","hentry","category-brasil","category-cidade","category-cultura","category-entretenimento"],"_links":{"self":[{"href":"https:\/\/acontecenafronteira.com.br\/index.php\/wp-json\/wp\/v2\/posts\/28571","targetHints":{"allow":["GET"]}}],"collection":[{"href":"https:\/\/acontecenafronteira.com.br\/index.php\/wp-json\/wp\/v2\/posts"}],"about":[{"href":"https:\/\/acontecenafronteira.com.br\/index.php\/wp-json\/wp\/v2\/types\/post"}],"author":[{"embeddable":true,"href":"https:\/\/acontecenafronteira.com.br\/index.php\/wp-json\/wp\/v2\/users\/2"}],"replies":[{"embeddable":true,"href":"https:\/\/acontecenafronteira.com.br\/index.php\/wp-json\/wp\/v2\/comments?post=28571"}],"version-history":[{"count":1,"href":"https:\/\/acontecenafronteira.com.br\/index.php\/wp-json\/wp\/v2\/posts\/28571\/revisions"}],"predecessor-version":[{"id":28574,"href":"https:\/\/acontecenafronteira.com.br\/index.php\/wp-json\/wp\/v2\/posts\/28571\/revisions\/28574"}],"wp:featuredmedia":[{"embeddable":true,"href":"https:\/\/acontecenafronteira.com.br\/index.php\/wp-json\/wp\/v2\/media\/28573"}],"wp:attachment":[{"href":"https:\/\/acontecenafronteira.com.br\/index.php\/wp-json\/wp\/v2\/media?parent=28571"}],"wp:term":[{"taxonomy":"category","embeddable":true,"href":"https:\/\/acontecenafronteira.com.br\/index.php\/wp-json\/wp\/v2\/categories?post=28571"},{"taxonomy":"post_tag","embeddable":true,"href":"https:\/\/acontecenafronteira.com.br\/index.php\/wp-json\/wp\/v2\/tags?post=28571"}],"curies":[{"name":"wp","href":"https:\/\/api.w.org\/{rel}","templated":true}]}}