{"id":28566,"date":"2026-03-10T13:57:57","date_gmt":"2026-03-10T16:57:57","guid":{"rendered":"https:\/\/acontecenafronteira.com.br\/?p=28566"},"modified":"2026-03-10T13:58:41","modified_gmt":"2026-03-10T16:58:41","slug":"justica-determina-prazo-de-30-dias-para-hospital-cataratas-desocupar-imovel-em-foz","status":"publish","type":"post","link":"https:\/\/acontecenafronteira.com.br\/index.php\/2026\/03\/10\/justica-determina-prazo-de-30-dias-para-hospital-cataratas-desocupar-imovel-em-foz\/","title":{"rendered":"Justi\u00e7a determina prazo de 30 dias para Hospital Cataratas desocupar im\u00f3vel em Foz"},"content":{"rendered":"\n<p>A Justi\u00e7a de Foz do Igua\u00e7u determinou que o Hospital Cataratas desocupe em at\u00e9 30 dias o im\u00f3vel onde funciona no centro da cidade, ap\u00f3s decis\u00e3o da 1\u00aa Vara C\u00edvel que manteve a senten\u00e7a e autorizou a retomada da ordem de despejo.<\/p>\n\n\n\n<p>Uma decis\u00e3o da 1\u00aa Vara C\u00edvel de Foz do Igua\u00e7u voltou a movimentar um processo judicial envolvendo a desocupa\u00e7\u00e3o de um im\u00f3vel utilizado pelo Hospital Cataratas que fica na rua Santos Dumont, no centro de Foz. Em despacho assinado no dia 9 de mar\u00e7o de 2026, o juiz Geraldo Dutra de Andrade Neto determinou a retomada da ordem de desocupa\u00e7\u00e3o ap\u00f3s o julgamento de um recurso apresentado no processo.<\/p>\n\n\n\n<p>De forma simples, o que ocorreu foi o seguinte: a parte que ocupa o im\u00f3vel havia recorrido da decis\u00e3o anterior e, enquanto o recurso estava sendo analisado, a senten\u00e7a ficou temporariamente suspensa. Essa suspens\u00e3o existia por causa de um chamado efeito suspensivo, que impede que a decis\u00e3o seja executada at\u00e9 que o recurso seja julgado.<\/p>\n\n\n\n<p>Com a an\u00e1lise do recurso de apela\u00e7\u00e3o e a manuten\u00e7\u00e3o da senten\u00e7a original, o efeito suspensivo deixou de existir. Segundo o magistrado, como n\u00e3o h\u00e1 atualmente nenhum recurso capaz de impedir a execu\u00e7\u00e3o da decis\u00e3o, a ordem de desocupa\u00e7\u00e3o deve voltar a valer.<\/p>\n\n\n\n<p><strong>Prazo para sa\u00edda volunt\u00e1ria<\/strong><\/p>\n\n\n\n<p>Na decis\u00e3o, o juiz determinou a expedi\u00e7\u00e3o de um novo mandado de desocupa\u00e7\u00e3o volunt\u00e1ria, concedendo 30 dias de prazo para que o Hospital Cataratas deixe o im\u00f3vel de forma espont\u00e2nea.<\/p>\n\n\n\n<p>Caso o im\u00f3vel n\u00e3o seja desocupado dentro desse per\u00edodo, a decis\u00e3o prev\u00ea a possibilidade de despejo for\u00e7ado, inclusive com o uso de for\u00e7a policial, se necess\u00e1rio, conforme estabelece a Lei do Inquilinato.<\/p>\n\n\n\n<p>Decis\u00e3o pode ser executada imediatamente<\/p>\n\n\n\n<p>De acordo com o escrit\u00f3rio jur\u00eddico do propriet\u00e1rio do im\u00f3vel, Lobato Machado Advogados, como n\u00e3o h\u00e1 registro dessa suspens\u00e3o no processo, a Justi\u00e7a entendeu que a senten\u00e7a pode ser cumprida de forma imediata, iniciando agora a contagem do prazo para a desocupa\u00e7\u00e3o do im\u00f3vel.<\/p>\n\n\n\n<p>\u2e3b<\/p>\n\n\n\n<p>Com Guarda Volume \/MARCIO QUEIROZ V\u00cdTOR<\/p>\n\n\n\n<figure class=\"wp-block-image size-large\"><img loading=\"lazy\" decoding=\"async\" width=\"598\" height=\"1024\" src=\"https:\/\/acontecenafronteira.com.br\/wp-content\/uploads\/2026\/03\/inline-1773113846358-ekou5n-598x1024.jpeg?v=1773161905\" alt=\"\" class=\"wp-image-28569\" srcset=\"https:\/\/acontecenafronteira.com.br\/wp-content\/uploads\/2026\/03\/inline-1773113846358-ekou5n-598x1024.jpeg?v=1773161905 598w, https:\/\/acontecenafronteira.com.br\/wp-content\/uploads\/2026\/03\/inline-1773113846358-ekou5n-175x300.jpeg?v=1773161905 175w, https:\/\/acontecenafronteira.com.br\/wp-content\/uploads\/2026\/03\/inline-1773113846358-ekou5n-768x1316.jpeg?v=1773161905 768w, https:\/\/acontecenafronteira.com.br\/wp-content\/uploads\/2026\/03\/inline-1773113846358-ekou5n-897x1536.jpeg?v=1773161905 897w, https:\/\/acontecenafronteira.com.br\/wp-content\/uploads\/2026\/03\/inline-1773113846358-ekou5n.jpeg?v=1773161905 934w\" sizes=\"auto, (max-width: 598px) 100vw, 598px\" \/><\/figure>\n","protected":false},"excerpt":{"rendered":"<p>A Justi\u00e7a de Foz do Igua\u00e7u determinou que o Hospital Cataratas desocupe em at\u00e9 30 dias o im\u00f3vel onde funciona no centro da cidade, ap\u00f3s decis\u00e3o da 1\u00aa Vara C\u00edvel que manteve a senten\u00e7a e autorizou a retomada da ordem de despejo. Uma decis\u00e3o da 1\u00aa Vara C\u00edvel de Foz do Igua\u00e7u voltou a movimentar [&hellip;]<\/p>\n","protected":false},"author":2,"featured_media":28567,"comment_status":"open","ping_status":"open","sticky":false,"template":"","format":"standard","meta":{"om_disable_all_campaigns":false,"_monsterinsights_skip_tracking":false,"_monsterinsights_sitenote_active":false,"_monsterinsights_sitenote_note":"","_monsterinsights_sitenote_category":0,"footnotes":""},"categories":[26,4],"tags":[],"class_list":["post-28566","post","type-post","status-publish","format-standard","has-post-thumbnail","hentry","category-brasil","category-cidade"],"_links":{"self":[{"href":"https:\/\/acontecenafronteira.com.br\/index.php\/wp-json\/wp\/v2\/posts\/28566","targetHints":{"allow":["GET"]}}],"collection":[{"href":"https:\/\/acontecenafronteira.com.br\/index.php\/wp-json\/wp\/v2\/posts"}],"about":[{"href":"https:\/\/acontecenafronteira.com.br\/index.php\/wp-json\/wp\/v2\/types\/post"}],"author":[{"embeddable":true,"href":"https:\/\/acontecenafronteira.com.br\/index.php\/wp-json\/wp\/v2\/users\/2"}],"replies":[{"embeddable":true,"href":"https:\/\/acontecenafronteira.com.br\/index.php\/wp-json\/wp\/v2\/comments?post=28566"}],"version-history":[{"count":2,"href":"https:\/\/acontecenafronteira.com.br\/index.php\/wp-json\/wp\/v2\/posts\/28566\/revisions"}],"predecessor-version":[{"id":28570,"href":"https:\/\/acontecenafronteira.com.br\/index.php\/wp-json\/wp\/v2\/posts\/28566\/revisions\/28570"}],"wp:featuredmedia":[{"embeddable":true,"href":"https:\/\/acontecenafronteira.com.br\/index.php\/wp-json\/wp\/v2\/media\/28567"}],"wp:attachment":[{"href":"https:\/\/acontecenafronteira.com.br\/index.php\/wp-json\/wp\/v2\/media?parent=28566"}],"wp:term":[{"taxonomy":"category","embeddable":true,"href":"https:\/\/acontecenafronteira.com.br\/index.php\/wp-json\/wp\/v2\/categories?post=28566"},{"taxonomy":"post_tag","embeddable":true,"href":"https:\/\/acontecenafronteira.com.br\/index.php\/wp-json\/wp\/v2\/tags?post=28566"}],"curies":[{"name":"wp","href":"https:\/\/api.w.org\/{rel}","templated":true}]}}