{"id":28557,"date":"2026-03-10T13:49:58","date_gmt":"2026-03-10T16:49:58","guid":{"rendered":"https:\/\/acontecenafronteira.com.br\/?p=28557"},"modified":"2026-03-10T13:56:00","modified_gmt":"2026-03-10T16:56:00","slug":"apresentador-ratinho-vem-a-foz-para-inaugurar-sua-estatua-no-museu-de-cera","status":"publish","type":"post","link":"https:\/\/acontecenafronteira.com.br\/index.php\/2026\/03\/10\/apresentador-ratinho-vem-a-foz-para-inaugurar-sua-estatua-no-museu-de-cera\/","title":{"rendered":"Apresentador Ratinho vem a Foz para inaugurar sua est\u00e1tua no Museu de Cera"},"content":{"rendered":"\n<p>O apresentador Carlos Massa, conhecido nacionalmente como Ratinho, estar\u00e1 em Foz do Igua\u00e7u neste s\u00e1bado (14) para inaugurar sua est\u00e1tua, que passar\u00e1 a integrar o acervo do Dreamland Museu de Cera, uma das atra\u00e7\u00f5es do Complexo Dreams Park Show.<\/p>\n\n\n\n<p>A cerim\u00f4nia de apresenta\u00e7\u00e3o do novo personagem da galeria dedicada a personalidades da televis\u00e3o brasileira est\u00e1 marcada para as 10h30. A est\u00e1tua passa a integrar o acervo do museu ao lado outros \u00edcones como Silvio Santos e Roberto Justus.<\/p>\n\n\n\n<p>O processo de produ\u00e7\u00e3o da pe\u00e7a come\u00e7ou em 2024 e seguiu v\u00e1rias fases. Para garantir fidelidade aos detalhes f\u00edsicos do apresentador, a equipe de artes\u00e3os do Grupo Dreams esteve no escrit\u00f3rio de Ratinho, em S\u00e3o Paulo. L\u00e1, realizou a coleta de medidas e refer\u00eancias necess\u00e1rias para a cria\u00e7\u00e3o da r\u00e9plica em tamanho real, levando em considera\u00e7\u00e3o inclusive altura e peso. Depois de medidas tiradas, come\u00e7ou a produ\u00e7\u00e3o no ateli\u00ea e levou oito meses para ficar pronta.<\/p>\n\n\n\n<p>De acordo com a gerente comercial e de marketing do Dreams Park Show, Paula Haito, a escolha do apresentador para integrar o acervo do museu levou em conta sua trajet\u00f3ria e relev\u00e2ncia na televis\u00e3o brasileira.<\/p>\n\n\n\n<p>\u201cA escolha por homenagear Ratinho foi pela hist\u00f3ria e pelo legado do apresentador, inclusive pela paix\u00e3o que ele tem pela regi\u00e3o\u201d, destaca.<\/p>\n\n\n\n<p><strong>Museu de Cera<\/strong><\/p>\n\n\n\n<p>O Dreamland Museu de Cera, que completa 12 anos em Foz do Igua\u00e7u em 2026, re\u00fane mais de 120 personagens de diferentes \u00e1reas, como m\u00fasica, esporte, cinema, pol\u00edtica e imagin\u00e1rio infantil. Todas as esculturas s\u00e3o produzidas em ateli\u00eas pr\u00f3prios do Grupo Dreams e reproduzem com precis\u00e3o o tamanho, o peso e as caracter\u00edsticas f\u00edsicas dos homenageados.<\/p>\n\n\n\n<p>O museu integra o Dreams Park Show, complexo que tamb\u00e9m re\u00fane atra\u00e7\u00f5es como Maravilhas do Mundo, Vale dos Dinossauros, Bar de Gelo, Dreams Motor Show, al\u00e9m do Eco Park Foz e do duty free Luryx.<\/p>\n\n\n\n<p>O parque est\u00e1 localizado na Rodovia das Cataratas. Mais informa\u00e7\u00f5es em www.dreamsparkshow.com.br ou pelo Instagram @dreamsparkshow.<\/p>\n\n\n\n<figure class=\"wp-block-image size-full\"><img loading=\"lazy\" decoding=\"async\" width=\"1024\" height=\"682\" src=\"https:\/\/acontecenafronteira.com.br\/wp-content\/uploads\/2026\/03\/WhatsApp-Image-2026-03-10-at-11.19.41.jpeg?v=1773161378\" alt=\"\" class=\"wp-image-28558\" srcset=\"https:\/\/acontecenafronteira.com.br\/wp-content\/uploads\/2026\/03\/WhatsApp-Image-2026-03-10-at-11.19.41.jpeg?v=1773161378 1024w, https:\/\/acontecenafronteira.com.br\/wp-content\/uploads\/2026\/03\/WhatsApp-Image-2026-03-10-at-11.19.41-300x200.jpeg?v=1773161378 300w, https:\/\/acontecenafronteira.com.br\/wp-content\/uploads\/2026\/03\/WhatsApp-Image-2026-03-10-at-11.19.41-768x512.jpeg?v=1773161378 768w\" sizes=\"auto, (max-width: 1024px) 100vw, 1024px\" \/><\/figure>\n\n\n\n<figure class=\"wp-block-image size-large\"><img loading=\"lazy\" decoding=\"async\" width=\"1024\" height=\"840\" src=\"https:\/\/acontecenafronteira.com.br\/wp-content\/uploads\/2026\/03\/WhatsApp-Image-2026-03-10-at-11.15.10-1024x840.jpeg?v=1773161757\" alt=\"\" class=\"wp-image-28564\" srcset=\"https:\/\/acontecenafronteira.com.br\/wp-content\/uploads\/2026\/03\/WhatsApp-Image-2026-03-10-at-11.15.10-1024x840.jpeg?v=1773161757 1024w, https:\/\/acontecenafronteira.com.br\/wp-content\/uploads\/2026\/03\/WhatsApp-Image-2026-03-10-at-11.15.10-300x246.jpeg?v=1773161757 300w, https:\/\/acontecenafronteira.com.br\/wp-content\/uploads\/2026\/03\/WhatsApp-Image-2026-03-10-at-11.15.10-768x630.jpeg?v=1773161757 768w, https:\/\/acontecenafronteira.com.br\/wp-content\/uploads\/2026\/03\/WhatsApp-Image-2026-03-10-at-11.15.10.jpeg?v=1773161757 1200w\" sizes=\"auto, (max-width: 1024px) 100vw, 1024px\" \/><\/figure>\n","protected":false},"excerpt":{"rendered":"<p>O apresentador Carlos Massa, conhecido nacionalmente como Ratinho, estar\u00e1 em Foz do Igua\u00e7u neste s\u00e1bado (14) para inaugurar sua est\u00e1tua, que passar\u00e1 a integrar o acervo do Dreamland Museu de Cera, uma das atra\u00e7\u00f5es do Complexo Dreams Park Show. A cerim\u00f4nia de apresenta\u00e7\u00e3o do novo personagem da galeria dedicada a personalidades da televis\u00e3o brasileira est\u00e1 [&hellip;]<\/p>\n","protected":false},"author":2,"featured_media":28559,"comment_status":"open","ping_status":"open","sticky":false,"template":"","format":"standard","meta":{"om_disable_all_campaigns":false,"_monsterinsights_skip_tracking":false,"_monsterinsights_sitenote_active":false,"_monsterinsights_sitenote_note":"","_monsterinsights_sitenote_category":0,"footnotes":""},"categories":[26,4,13],"tags":[],"class_list":["post-28557","post","type-post","status-publish","format-standard","has-post-thumbnail","hentry","category-brasil","category-cidade","category-entretenimento"],"_links":{"self":[{"href":"https:\/\/acontecenafronteira.com.br\/index.php\/wp-json\/wp\/v2\/posts\/28557","targetHints":{"allow":["GET"]}}],"collection":[{"href":"https:\/\/acontecenafronteira.com.br\/index.php\/wp-json\/wp\/v2\/posts"}],"about":[{"href":"https:\/\/acontecenafronteira.com.br\/index.php\/wp-json\/wp\/v2\/types\/post"}],"author":[{"embeddable":true,"href":"https:\/\/acontecenafronteira.com.br\/index.php\/wp-json\/wp\/v2\/users\/2"}],"replies":[{"embeddable":true,"href":"https:\/\/acontecenafronteira.com.br\/index.php\/wp-json\/wp\/v2\/comments?post=28557"}],"version-history":[{"count":2,"href":"https:\/\/acontecenafronteira.com.br\/index.php\/wp-json\/wp\/v2\/posts\/28557\/revisions"}],"predecessor-version":[{"id":28565,"href":"https:\/\/acontecenafronteira.com.br\/index.php\/wp-json\/wp\/v2\/posts\/28557\/revisions\/28565"}],"wp:featuredmedia":[{"embeddable":true,"href":"https:\/\/acontecenafronteira.com.br\/index.php\/wp-json\/wp\/v2\/media\/28559"}],"wp:attachment":[{"href":"https:\/\/acontecenafronteira.com.br\/index.php\/wp-json\/wp\/v2\/media?parent=28557"}],"wp:term":[{"taxonomy":"category","embeddable":true,"href":"https:\/\/acontecenafronteira.com.br\/index.php\/wp-json\/wp\/v2\/categories?post=28557"},{"taxonomy":"post_tag","embeddable":true,"href":"https:\/\/acontecenafronteira.com.br\/index.php\/wp-json\/wp\/v2\/tags?post=28557"}],"curies":[{"name":"wp","href":"https:\/\/api.w.org\/{rel}","templated":true}]}}