{"id":28522,"date":"2026-03-09T14:06:36","date_gmt":"2026-03-09T17:06:36","guid":{"rendered":"https:\/\/acontecenafronteira.com.br\/?p=28522"},"modified":"2026-03-09T14:06:38","modified_gmt":"2026-03-09T17:06:38","slug":"parque-das-aves-registra-nascimento-de-14-periquitos-cara-suja","status":"publish","type":"post","link":"https:\/\/acontecenafronteira.com.br\/index.php\/2026\/03\/09\/parque-das-aves-registra-nascimento-de-14-periquitos-cara-suja\/","title":{"rendered":"Parque das Aves registra nascimento de 14 periquitos cara-suja"},"content":{"rendered":"\n<p><strong><em>Esp\u00e9cie amea\u00e7ada de extin\u00e7\u00e3o ganha refor\u00e7o populacional por meio de manejo reprodutivo planejado sob cuidados humanos<\/em><\/strong><\/p>\n\n\n\n<p>O nascimento de 14 filhotes de periquito cara-suja ( Pyrrhura griseipectus ), esp\u00e9cie amea\u00e7ada de extin\u00e7\u00e3o, marca um avan\u00e7o significativo no trabalho desenvolvido pelo Parque das Aves, em Foz do Igua\u00e7u. Os indiv\u00edduos nasceram nas \u00faltimas semanas sob cuidados humanos, como resultado direto de um manejo reprodutivo planejado e de uma estrat\u00e9gia t\u00e9cnica voltada \u00e0 manuten\u00e7\u00e3o e fortalecimento da popula\u00e7\u00e3o da esp\u00e9cie. O marco representa um novo passo no projeto dedicado ao cara-suja, ave end\u00eamica da Mata Atl\u00e2ntica do nordeste brasileiro.<\/p>\n\n\n\n<blockquote class=\"wp-block-quote is-layout-flow wp-block-quote-is-layout-flow\">\n<p>\u201cCada nascimento de uma esp\u00e9cie amea\u00e7ada \u00e9 resultado de um trabalho t\u00e9cnico rigoroso, que envolve planejamento gen\u00e9tico, acompanhamento sanit\u00e1rio e decis\u00f5es estrat\u00e9gicas constru\u00eddas ao longo do tempo. No caso do periquito cara-suja, esses 14 filhotes representam um avan\u00e7o concreto dentro de um programa estruturado, que busca garantir seguran\u00e7a populacional e contribuir para o futuro da esp\u00e9cie\u201d, destaca a diretora t\u00e9cnica do Parque das Aves, Roberta Manacero, que tamb\u00e9m atua como studbook keeper da esp\u00e9cie, profissional respons\u00e1vel por coordenar e monitorar as informa\u00e7\u00f5es geneal\u00f3gicas da popula\u00e7\u00e3o sob cuidados humanos, permitindo o planejamento criterioso dos pareamentos em n\u00edvel nacional<\/p>\n<\/blockquote>\n\n\n\n<p>Considerado Em Perigo de extin\u00e7\u00e3o, o periquito cara-suja enfrenta h\u00e1 d\u00e9cadas a redu\u00e7\u00e3o de sua popula\u00e7\u00e3o em ambiente de ocorr\u00eancia natural, especialmente no Cear\u00e1, em fun\u00e7\u00e3o da perda de habitat e da captura ilegal. Nesse cen\u00e1rio, cada novo indiv\u00edduo nascido sob cuidados humanos fortalece a base gen\u00e9tica da popula\u00e7\u00e3o manejada e amplia as possibilidades de a\u00e7\u00f5es coordenadas dentro do projeto de conserva\u00e7\u00e3o, refor\u00e7ando a responsabilidade t\u00e9cnica envolvida em cada ciclo reprodutivo conclu\u00eddo com sucesso.<\/p>\n\n\n\n<p><strong>Como aconteceram os nascimentos<br><\/strong>Os 14 filhotes tiveram seus ovos incubados artificialmente como parte da estrat\u00e9gia de cuidados para a esp\u00e9cie. O per\u00edodo m\u00e9dio de incuba\u00e7\u00e3o varia entre 22 e 24 dias. Durante esse tempo, a equipe de Neonatologia acompanha par\u00e2metros como temperatura, umidade, desenvolvimento embrion\u00e1rio e batimentos card\u00edacos, garantindo condi\u00e7\u00f5es adequadas para cada fase do processo.<\/p>\n\n\n\n<blockquote class=\"wp-block-quote is-layout-flow wp-block-quote-is-layout-flow\">\n<p>\u201cAtuar com uma esp\u00e9cie criticamente amea\u00e7ada exige organiza\u00e7\u00e3o minuciosa em cada etapa. Desde a defini\u00e7\u00e3o dos casais at\u00e9 o monitoramento di\u00e1rio dos ovos e dos filhotes, todo o processo \u00e9 planejado para garantir viabilidade gen\u00e9tica e seguran\u00e7a no desenvolvimento dos indiv\u00edduos\u201d, explica o gerente de Manejo do Parque das Aves, Richarlyston Brandt.<\/p>\n<\/blockquote>\n\n\n\n<p>Ap\u00f3s as primeiras semanas de vida, os filhotes seguem para um recinto interno, onde continuam o desenvolvimento com acompanhamento t\u00e9cnico especializado. Atualmente, o Parque das Aves abriga 15 indiv\u00edduos adultos de cara-suja sob cuidados humanos. Os novos nascimentos integram um manejo reprodutivo planejado, que organiza os grupos de forma estrat\u00e9gica para garantir variabilidade gen\u00e9tica e sustentabilidade populacional a longo prazo.<\/p>\n\n\n\n<p><strong>Projeto Cara-suja e popula\u00e7\u00e3o de seguran\u00e7a<br><\/strong>O trabalho do Parque das Aves com o periquito cara-suja est\u00e1 conectado ao Projeto Cara-suja, liderado pela Aquasis. Dentro dessa parceria, o Parque atua na reprodu\u00e7\u00e3o da esp\u00e9cie sob cuidados humanos, contribuindo para a forma\u00e7\u00e3o de indiv\u00edduos que podem futuramente atuar como refor\u00e7o populacional em ambiente de ocorr\u00eancia natural e para a consolida\u00e7\u00e3o de uma popula\u00e7\u00e3o de seguran\u00e7a.<\/p>\n\n\n\n<blockquote class=\"wp-block-quote is-layout-flow wp-block-quote-is-layout-flow\">\n<p>\u201cA forma\u00e7\u00e3o de uma popula\u00e7\u00e3o de seguran\u00e7a \u00e9 uma estrat\u00e9gia essencial para esp\u00e9cies amea\u00e7adas. Ela garante uma base gen\u00e9tica e demogr\u00e1fica est\u00e1vel caso ocorram perdas significativas na popula\u00e7\u00e3o em ambiente de ocorr\u00eancia natural. Cada filhote que nasce amplia essa seguran\u00e7a e fortalece o planejamento de longo prazo para a esp\u00e9cie\u201d, ressalta a supervisora de Manejo do Parque das Aves, Analy Terme.<\/p>\n<\/blockquote>\n\n\n\n<p>Como resultado desse trabalho integrado, dois periquitos cara-suja nascidos no Parque das Aves foram oficialmente reintroduzidos na Serra da Aratanha, na regi\u00e3o metropolitana de Fortaleza, no Cear\u00e1, em outubro de 2024, sendo liberados diretamente no ambiente de ocorr\u00eancia natural da esp\u00e9cie ap\u00f3s etapa de adapta\u00e7\u00e3o supervisionada pela Aquasis. Uma equipe do Parque acompanhou pessoalmente essa etapa de libera\u00e7\u00e3o, refor\u00e7ando a import\u00e2ncia de a\u00e7\u00f5es coordenadas que conectam os nascimentos sob cuidados humanos com o fortalecimento populacional em ambiente de ocorr\u00eancia natural.<\/p>\n\n\n\n<p>Existe ainda a possibilidade de que outros indiv\u00edduos sejam enviados futuramente ao Projeto Cara-suja e tamb\u00e9m para outras institui\u00e7\u00f5es no Brasil, conforme planejamento t\u00e9cnico e crit\u00e9rios gen\u00e9ticos estabelecidos. Cada ciclo reprodutivo conclu\u00eddo com sucesso representa um avan\u00e7o t\u00e9cnico e institucional em dire\u00e7\u00e3o a um futuro mais seguro para o cara-suja.<\/p>\n\n\n\n<p><strong>Sobre o Parque das Aves<br><\/strong>O Parque das Aves, que possui um centro de conserva\u00e7\u00e3o focado em esp\u00e9cies da Mata Atl\u00e2ntica e atua no acolhimento de animais resgatados, \u00e9 o atrativo mais visitado do Paran\u00e1 depois das Cataratas e completou 31 anos de atua\u00e7\u00e3o em 2025. Como institui\u00e7\u00e3o privada, os visitantes promovem a continuidade do trabalho do atrativo por meio da visita ao Parque, do consumo nos restaurantes do Complexo Gastron\u00f4mico (Restaurante Sabores da Floresta, Bistr\u00f4 da Mata e Caf\u00e9 da Pra\u00e7a) e das compras na Loja de souvenirs.<\/p>\n\n\n\n<figure class=\"wp-block-gallery has-nested-images columns-default is-cropped wp-block-gallery-1 is-layout-flex wp-block-gallery-is-layout-flex\">\n<figure class=\"wp-block-image size-large\"><img loading=\"lazy\" decoding=\"async\" width=\"1024\" height=\"682\" data-id=\"28523\" src=\"https:\/\/acontecenafronteira.com.br\/wp-content\/uploads\/2026\/03\/WhatsApp-Image-2026-03-09-at-14.04.01-1-1024x682.jpeg?v=1773075965\" alt=\"\" class=\"wp-image-28523\" srcset=\"https:\/\/acontecenafronteira.com.br\/wp-content\/uploads\/2026\/03\/WhatsApp-Image-2026-03-09-at-14.04.01-1-1024x682.jpeg?v=1773075965 1024w, https:\/\/acontecenafronteira.com.br\/wp-content\/uploads\/2026\/03\/WhatsApp-Image-2026-03-09-at-14.04.01-1-300x200.jpeg?v=1773075965 300w, https:\/\/acontecenafronteira.com.br\/wp-content\/uploads\/2026\/03\/WhatsApp-Image-2026-03-09-at-14.04.01-1-768x512.jpeg?v=1773075965 768w, https:\/\/acontecenafronteira.com.br\/wp-content\/uploads\/2026\/03\/WhatsApp-Image-2026-03-09-at-14.04.01-1-1536x1023.jpeg?v=1773075965 1536w, https:\/\/acontecenafronteira.com.br\/wp-content\/uploads\/2026\/03\/WhatsApp-Image-2026-03-09-at-14.04.01-1.jpeg?v=1773075965 1600w\" sizes=\"auto, (max-width: 1024px) 100vw, 1024px\" \/><\/figure>\n\n\n\n<figure class=\"wp-block-image size-large\"><img loading=\"lazy\" decoding=\"async\" width=\"1024\" height=\"682\" data-id=\"28525\" src=\"https:\/\/acontecenafronteira.com.br\/wp-content\/uploads\/2026\/03\/WhatsApp-Image-2026-03-09-at-14.04.01-1024x682.jpeg?v=1773075968\" alt=\"\" class=\"wp-image-28525\" srcset=\"https:\/\/acontecenafronteira.com.br\/wp-content\/uploads\/2026\/03\/WhatsApp-Image-2026-03-09-at-14.04.01-1024x682.jpeg?v=1773075968 1024w, https:\/\/acontecenafronteira.com.br\/wp-content\/uploads\/2026\/03\/WhatsApp-Image-2026-03-09-at-14.04.01-300x200.jpeg?v=1773075968 300w, https:\/\/acontecenafronteira.com.br\/wp-content\/uploads\/2026\/03\/WhatsApp-Image-2026-03-09-at-14.04.01-768x512.jpeg?v=1773075968 768w, https:\/\/acontecenafronteira.com.br\/wp-content\/uploads\/2026\/03\/WhatsApp-Image-2026-03-09-at-14.04.01-1536x1023.jpeg?v=1773075968 1536w, https:\/\/acontecenafronteira.com.br\/wp-content\/uploads\/2026\/03\/WhatsApp-Image-2026-03-09-at-14.04.01.jpeg?v=1773075968 1600w\" sizes=\"auto, (max-width: 1024px) 100vw, 1024px\" \/><\/figure>\n\n\n\n<figure class=\"wp-block-image size-large\"><img loading=\"lazy\" decoding=\"async\" width=\"1024\" height=\"673\" data-id=\"28526\" src=\"https:\/\/acontecenafronteira.com.br\/wp-content\/uploads\/2026\/03\/WhatsApp-Image-2026-03-09-at-14.04.00-1024x673.jpeg?v=1773075969\" alt=\"\" class=\"wp-image-28526\" srcset=\"https:\/\/acontecenafronteira.com.br\/wp-content\/uploads\/2026\/03\/WhatsApp-Image-2026-03-09-at-14.04.00-1024x673.jpeg?v=1773075969 1024w, https:\/\/acontecenafronteira.com.br\/wp-content\/uploads\/2026\/03\/WhatsApp-Image-2026-03-09-at-14.04.00-300x197.jpeg?v=1773075969 300w, https:\/\/acontecenafronteira.com.br\/wp-content\/uploads\/2026\/03\/WhatsApp-Image-2026-03-09-at-14.04.00-768x504.jpeg?v=1773075969 768w, https:\/\/acontecenafronteira.com.br\/wp-content\/uploads\/2026\/03\/WhatsApp-Image-2026-03-09-at-14.04.00-1536x1009.jpeg?v=1773075969 1536w, https:\/\/acontecenafronteira.com.br\/wp-content\/uploads\/2026\/03\/WhatsApp-Image-2026-03-09-at-14.04.00.jpeg?v=1773075969 1600w\" sizes=\"auto, (max-width: 1024px) 100vw, 1024px\" \/><\/figure>\n\n\n\n<figure class=\"wp-block-image size-large\"><img loading=\"lazy\" decoding=\"async\" width=\"1024\" height=\"682\" data-id=\"28524\" src=\"https:\/\/acontecenafronteira.com.br\/wp-content\/uploads\/2026\/03\/WhatsApp-Image-2026-03-09-at-12.49.30-1024x682.jpeg?v=1773075968\" alt=\"\" class=\"wp-image-28524\" srcset=\"https:\/\/acontecenafronteira.com.br\/wp-content\/uploads\/2026\/03\/WhatsApp-Image-2026-03-09-at-12.49.30-1024x682.jpeg?v=1773075968 1024w, https:\/\/acontecenafronteira.com.br\/wp-content\/uploads\/2026\/03\/WhatsApp-Image-2026-03-09-at-12.49.30-300x200.jpeg?v=1773075968 300w, https:\/\/acontecenafronteira.com.br\/wp-content\/uploads\/2026\/03\/WhatsApp-Image-2026-03-09-at-12.49.30-768x512.jpeg?v=1773075968 768w, https:\/\/acontecenafronteira.com.br\/wp-content\/uploads\/2026\/03\/WhatsApp-Image-2026-03-09-at-12.49.30-1536x1023.jpeg?v=1773075968 1536w, https:\/\/acontecenafronteira.com.br\/wp-content\/uploads\/2026\/03\/WhatsApp-Image-2026-03-09-at-12.49.30.jpeg?v=1773075968 1600w\" sizes=\"auto, (max-width: 1024px) 100vw, 1024px\" \/><\/figure>\n<\/figure>\n","protected":false},"excerpt":{"rendered":"<p>Esp\u00e9cie amea\u00e7ada de extin\u00e7\u00e3o ganha refor\u00e7o populacional por meio de manejo reprodutivo planejado sob cuidados humanos O nascimento de 14 filhotes de periquito cara-suja ( Pyrrhura griseipectus ), esp\u00e9cie amea\u00e7ada de extin\u00e7\u00e3o, marca um avan\u00e7o significativo no trabalho desenvolvido pelo Parque das Aves, em Foz do Igua\u00e7u. Os indiv\u00edduos nasceram nas \u00faltimas semanas sob cuidados [&hellip;]<\/p>\n","protected":false},"author":2,"featured_media":28525,"comment_status":"open","ping_status":"open","sticky":false,"template":"","format":"standard","meta":{"om_disable_all_campaigns":false,"_monsterinsights_skip_tracking":false,"_monsterinsights_sitenote_active":false,"_monsterinsights_sitenote_note":"","_monsterinsights_sitenote_category":0,"footnotes":""},"categories":[26,4],"tags":[],"class_list":["post-28522","post","type-post","status-publish","format-standard","has-post-thumbnail","hentry","category-brasil","category-cidade"],"_links":{"self":[{"href":"https:\/\/acontecenafronteira.com.br\/index.php\/wp-json\/wp\/v2\/posts\/28522","targetHints":{"allow":["GET"]}}],"collection":[{"href":"https:\/\/acontecenafronteira.com.br\/index.php\/wp-json\/wp\/v2\/posts"}],"about":[{"href":"https:\/\/acontecenafronteira.com.br\/index.php\/wp-json\/wp\/v2\/types\/post"}],"author":[{"embeddable":true,"href":"https:\/\/acontecenafronteira.com.br\/index.php\/wp-json\/wp\/v2\/users\/2"}],"replies":[{"embeddable":true,"href":"https:\/\/acontecenafronteira.com.br\/index.php\/wp-json\/wp\/v2\/comments?post=28522"}],"version-history":[{"count":1,"href":"https:\/\/acontecenafronteira.com.br\/index.php\/wp-json\/wp\/v2\/posts\/28522\/revisions"}],"predecessor-version":[{"id":28527,"href":"https:\/\/acontecenafronteira.com.br\/index.php\/wp-json\/wp\/v2\/posts\/28522\/revisions\/28527"}],"wp:featuredmedia":[{"embeddable":true,"href":"https:\/\/acontecenafronteira.com.br\/index.php\/wp-json\/wp\/v2\/media\/28525"}],"wp:attachment":[{"href":"https:\/\/acontecenafronteira.com.br\/index.php\/wp-json\/wp\/v2\/media?parent=28522"}],"wp:term":[{"taxonomy":"category","embeddable":true,"href":"https:\/\/acontecenafronteira.com.br\/index.php\/wp-json\/wp\/v2\/categories?post=28522"},{"taxonomy":"post_tag","embeddable":true,"href":"https:\/\/acontecenafronteira.com.br\/index.php\/wp-json\/wp\/v2\/tags?post=28522"}],"curies":[{"name":"wp","href":"https:\/\/api.w.org\/{rel}","templated":true}]}}