{"id":28518,"date":"2026-03-09T14:02:58","date_gmt":"2026-03-09T17:02:58","guid":{"rendered":"https:\/\/acontecenafronteira.com.br\/?p=28518"},"modified":"2026-03-09T14:03:01","modified_gmt":"2026-03-09T17:03:01","slug":"foz-do-iguacu-registra-recorde-historico-na-ocupacao-hoteleira-em-fevereiro-com-media-de-75","status":"publish","type":"post","link":"https:\/\/acontecenafronteira.com.br\/index.php\/2026\/03\/09\/foz-do-iguacu-registra-recorde-historico-na-ocupacao-hoteleira-em-fevereiro-com-media-de-75\/","title":{"rendered":"Foz do Igua\u00e7u registra recorde hist\u00f3rico na ocupa\u00e7\u00e3o hoteleira em fevereiro, com m\u00e9dia de 75%"},"content":{"rendered":"\n<p><em>Ao todo, 99 dos 112 meios de hospedagem que comp\u00f5em o painel da pesquisa participaram do levantamento, representando uma taxa de ades\u00e3o de 88%.<\/em><\/p>\n\n\n\n<p>Foz do Igua\u00e7u alcan\u00e7ou um novo recorde hist\u00f3rico na ocupa\u00e7\u00e3o hoteleira para o m\u00eas de fevereiro. De acordo com levantamento divulgado nesta quarta-feira (5) pela Secretaria Municipal de Turismo, por meio da Divis\u00e3o de Estat\u00edstica e Estudos Tur\u00edsticos, o destino registrou m\u00e9dia de 75% de ocupa\u00e7\u00e3o, superando em 9% a maior marca anteriormente registrada para o per\u00edodo.<\/p>\n\n\n\n<p>Os dados fazem parte da Pesquisa de Ocupa\u00e7\u00e3o Hoteleira realizada regularmente pelo munic\u00edpio e apontam uma tend\u00eancia de crescimento consistente nos \u00faltimos anos. Em 2021, a m\u00e9dia de ocupa\u00e7\u00e3o em fevereiro foi de 24%. O \u00edndice saltou para 53% em 2022, chegou a 64% em 2023, manteve resultado semelhante em 2024, com 63%, subiu para 66% em 2025 e agora alcan\u00e7a o novo recorde em 2026, com 75%.<\/p>\n\n\n\n<p>O desempenho reflete o fortalecimento do destino no cen\u00e1rio tur\u00edstico nacional e tamb\u00e9m o impacto positivo de eventos e feriados prolongados no fluxo de visitantes. Durante o per\u00edodo de Carnaval, por exemplo, a ocupa\u00e7\u00e3o hoteleira atingiu 89%, o maior \u00edndice da s\u00e9rie hist\u00f3rica, segundo pesquisa tamb\u00e9m realizada pela Secretaria de Turismo de Foz do Igua\u00e7u (SMTU).<\/p>\n\n\n\n<p>Para o secret\u00e1rio de Turismo de Foz do Igua\u00e7u, o resultado demonstra a for\u00e7a do turismo no munic\u00edpio. \u201cOs n\u00fameros refor\u00e7am que as estrat\u00e9gias de promo\u00e7\u00e3o do destino, aliadas \u00e0 qualidade da nossa oferta tur\u00edstica, seguem gerando resultados positivos. Fevereiro foi mais um m\u00eas hist\u00f3rico para a hotelaria. Seguimos superando os nossos pr\u00f3prios recordes e demonstrando a capacidade do destino de atrair visitantes ao longo de todo o ano\u201d, destaca o secret\u00e1rio.<\/p>\n\n\n\n<p>De acordo com o levantamento da SMTU, em fevereiro de 2026 as pousadas registraram m\u00e9dia de ocupa\u00e7\u00e3o de 78%, enquanto os hot\u00e9is alcan\u00e7aram 75%.<\/p>\n\n\n\n<p>Para a chefe da Divis\u00e3o de Estat\u00edstica e Estudos Tur\u00edsticos (DVEET), Sheila Domingues, os dados apurados em fevereiro revelam um momento excepcional para o turismo. \u201cSuperar a m\u00e1xima hist\u00f3rica anterior em 9% n\u00e3o \u00e9 apenas um n\u00famero isolado, mas o reflexo de um destino que aprendeu a capitalizar feriados prolongados e a manter uma demanda constante\u201d, explica.<\/p>\n\n\n\n<p>Ela acrescenta: \u201cObservamos que, mesmo ap\u00f3s o pico do Carnaval, as pousadas sustentaram uma performance de 78%, o que tamb\u00e9m demonstra a diversidade e a for\u00e7a de todos os segmentos da nossa hotelaria. Esse resultado coloca Foz do Igua\u00e7u como uma escolha priorit\u00e1ria no cen\u00e1rio nacional e nos d\u00e1 uma base s\u00f3lida para o planejamento das pr\u00f3ximas a\u00e7\u00f5es da Secretaria\u201d, afirma Sheila Domingues.<\/p>\n\n\n\n<p>Ao todo, 99 dos 112 meios de hospedagem que comp\u00f5em o painel da pesquisa participaram do levantamento, representando uma taxa de ades\u00e3o de 88%.<\/p>\n\n\n\n<h3 class=\"wp-block-heading\">Al\u00e9m da hotelaria<\/h3>\n\n\n\n<p>Nos atrativos tur\u00edsticos, o cen\u00e1rio de visita\u00e7\u00e3o tamb\u00e9m foi positivo. O Parque Nacional do Igua\u00e7u divulgou recentemente que registrou o melhor fevereiro de sua hist\u00f3ria, com 169 mil visitantes de 123 pa\u00edses. No acumulado do ano, o parque j\u00e1 recebeu 421.812 visitantes, um crescimento de 14% em rela\u00e7\u00e3o ao mesmo per\u00edodo de 2025. Somente em fevereiro, o aumento foi de 24,77% na compara\u00e7\u00e3o anual.<\/p>\n\n\n\n<p>O Parque das Aves tamb\u00e9m alcan\u00e7ou seu recorde hist\u00f3rico para o m\u00eas, com 67 mil visitantes, representando crescimento de 34% em compara\u00e7\u00e3o com fevereiro de 2025, quando o atrativo recebeu 50.028 pessoas.<\/p>\n\n\n\n<p>Para o secret\u00e1rio de Turismo de Foz do Igua\u00e7u, Jin Petrycoski, esses resultados consolidam o per\u00edodo como o melhor fevereiro j\u00e1 contabilizado para o setor no munic\u00edpio. \u201cTivemos resultados expressivos na hotelaria e nos nossos principais atrativos, com visitantes de mais de 120 pa\u00edses, o que refor\u00e7a a relev\u00e2ncia internacional do destino. Esse resultado \u00e9 fruto de planejamento, promo\u00e7\u00e3o estrat\u00e9gica e integra\u00e7\u00e3o com o trade, e nos d\u00e1 seguran\u00e7a para projetar um 2026 ainda mais forte\u201d, finaliza o secret\u00e1rio.<\/p>\n\n\n\n<figure class=\"wp-block-image size-full is-resized\"><img loading=\"lazy\" decoding=\"async\" width=\"141\" height=\"300\" src=\"https:\/\/acontecenafronteira.com.br\/wp-content\/uploads\/2026\/03\/WhatsApp-Image-2026-03-09-at-13.24.34-141x300-1.jpeg?v=1773075769\" alt=\"\" class=\"wp-image-28520\" style=\"width:317px;height:auto\"\/><\/figure>\n","protected":false},"excerpt":{"rendered":"<p>Ao todo, 99 dos 112 meios de hospedagem que comp\u00f5em o painel da pesquisa participaram do levantamento, representando uma taxa de ades\u00e3o de 88%. Foz do Igua\u00e7u alcan\u00e7ou um novo recorde hist\u00f3rico na ocupa\u00e7\u00e3o hoteleira para o m\u00eas de fevereiro. De acordo com levantamento divulgado nesta quarta-feira (5) pela Secretaria Municipal de Turismo, por meio [&hellip;]<\/p>\n","protected":false},"author":2,"featured_media":28519,"comment_status":"open","ping_status":"open","sticky":false,"template":"","format":"standard","meta":{"om_disable_all_campaigns":false,"_monsterinsights_skip_tracking":false,"_monsterinsights_sitenote_active":false,"_monsterinsights_sitenote_note":"","_monsterinsights_sitenote_category":0,"footnotes":""},"categories":[1],"tags":[],"class_list":["post-28518","post","type-post","status-publish","format-standard","has-post-thumbnail","hentry","category-sem-categoria"],"_links":{"self":[{"href":"https:\/\/acontecenafronteira.com.br\/index.php\/wp-json\/wp\/v2\/posts\/28518","targetHints":{"allow":["GET"]}}],"collection":[{"href":"https:\/\/acontecenafronteira.com.br\/index.php\/wp-json\/wp\/v2\/posts"}],"about":[{"href":"https:\/\/acontecenafronteira.com.br\/index.php\/wp-json\/wp\/v2\/types\/post"}],"author":[{"embeddable":true,"href":"https:\/\/acontecenafronteira.com.br\/index.php\/wp-json\/wp\/v2\/users\/2"}],"replies":[{"embeddable":true,"href":"https:\/\/acontecenafronteira.com.br\/index.php\/wp-json\/wp\/v2\/comments?post=28518"}],"version-history":[{"count":1,"href":"https:\/\/acontecenafronteira.com.br\/index.php\/wp-json\/wp\/v2\/posts\/28518\/revisions"}],"predecessor-version":[{"id":28521,"href":"https:\/\/acontecenafronteira.com.br\/index.php\/wp-json\/wp\/v2\/posts\/28518\/revisions\/28521"}],"wp:featuredmedia":[{"embeddable":true,"href":"https:\/\/acontecenafronteira.com.br\/index.php\/wp-json\/wp\/v2\/media\/28519"}],"wp:attachment":[{"href":"https:\/\/acontecenafronteira.com.br\/index.php\/wp-json\/wp\/v2\/media?parent=28518"}],"wp:term":[{"taxonomy":"category","embeddable":true,"href":"https:\/\/acontecenafronteira.com.br\/index.php\/wp-json\/wp\/v2\/categories?post=28518"},{"taxonomy":"post_tag","embeddable":true,"href":"https:\/\/acontecenafronteira.com.br\/index.php\/wp-json\/wp\/v2\/tags?post=28518"}],"curies":[{"name":"wp","href":"https:\/\/api.w.org\/{rel}","templated":true}]}}