{"id":28515,"date":"2026-03-07T15:08:56","date_gmt":"2026-03-07T18:08:56","guid":{"rendered":"https:\/\/acontecenafronteira.com.br\/?p=28515"},"modified":"2026-03-07T15:08:57","modified_gmt":"2026-03-07T18:08:57","slug":"museu-da-imprensa-destaca-mulheres-que-ajudaram-a-construir-foz-do-iguacu","status":"publish","type":"post","link":"https:\/\/acontecenafronteira.com.br\/index.php\/2026\/03\/07\/museu-da-imprensa-destaca-mulheres-que-ajudaram-a-construir-foz-do-iguacu\/","title":{"rendered":"Museu da Imprensa destaca mulheres que ajudaram a construir Foz do Igua\u00e7u"},"content":{"rendered":"\n<p><strong><em>Professora dos filhos dos trabalhadores da Usina S\u00e3o Jo\u00e3o, produtos argentinos no barco a remo e valsa com Santos Dumont; 23 entrevistas com pioneiras para acesso online.<\/em><\/strong><\/p>\n\n\n\n<p>A trajet\u00f3ria de mulheres que contribu\u00edram para a constru\u00e7\u00e3o hist\u00f3rica, social e cultural de Foz do Igua\u00e7u est\u00e1 parcialmente documentada nos ve\u00edculos de comunica\u00e7\u00e3o da cidade. O Museu da Imprensa re\u00fane em seu acervo o registro digitalizado que leva a essas personagens de diferentes \u00e9pocas.<\/p>\n\n\n\n<p>S\u00e3o pioneiras em que a acep\u00e7\u00e3o da palavra pode ser usada tanto no sentido do tempo quanto por terem sido as primeiras realizadoras de determinados fazeres e atividades. Ou, ainda, por terem adentrado em espa\u00e7os antes tidos como \u201clugar de homem\u201d, em \u00e9pocas de conforma\u00e7\u00e3o da sociedade muito diferentes da atual.<\/p>\n\n\n\n<p>Para acesso no Museu da Imprensa, o livro Foz do Igua\u00e7u: Retratos, editado pelos jornalistas Chico de Alencar e Silvio Campana, uma compila\u00e7\u00e3o de entrevistas recolhidas de v\u00e1rios ve\u00edculos e editadas. A publica\u00e7\u00e3o, de 1997, apresenta 23 di\u00e1logos com mulheres que contam suas viv\u00eancias e, ao tecer os fios da mem\u00f3ria pessoal e familiar, revelam a comunidade que foi erguendo-se na fronteira.<\/p>\n\n\n\n<p>Cinema quando aparecia algum projetor. A divers\u00e3o era no Weirich Clube. O primeiro trabalho na doc\u00eancia de Ilka Agripina Vera foi para filhos dos trabalhadores da constru\u00e7\u00e3o da Usina S\u00e3o Jo\u00e3o, no Parque Nacional do Igua\u00e7u. Em 1947, definitivamente no magist\u00e9rio, na Escola Bartolomeu Mitre. \u201cO principal segredo do sucesso do professor \u00e9 cativar os alunos\u201d, ensinou.<\/p>\n\n\n\n<p>Era para a fam\u00edlia chegar a Foz do Igua\u00e7u antes de 1953, mas Nina Moreira Andrion evitou a transfer\u00eancia porque, dizia a lenda, aqui as pessoas tinham feridas que n\u00e3o curavam. Estabelecida na fronteira, alimentou oper\u00e1rios da Estrada das Cataratas e da BR-277. E foi ao com\u00e9rcio. \u201cComprava produtos aliment\u00edcios na Argentina e vendia em Foz. Atravessava de barco, eu mesma remando\u201d, relembrou uma particularidade fronteiri\u00e7a.<\/p>\n\n\n\n<p>Primeiro prefeito, Jorge Schimmelpfeng era entusiasta do teatro. O vai e vem dos barcos pelos rios da regi\u00e3o: integra\u00e7\u00e3o, com\u00e9rcio e suprimentos. Os tenentistas na cidade nas primeiras d\u00e9cadas do s\u00e9culo 20. S\u00e3o mem\u00f3rias contadas pela pioneira Marieta Schinke. E mais: \u201cDancei uma valsa com Santos Dumont\u201d, contou ela sobre o aviador que aportou na par\u00f3quia em 1916.<\/p>\n\n\n\n<p>O livro Retratos, com as entrevistas de mulheres e suas trajet\u00f3rias em Foz do Igua\u00e7u, dispon\u00edvel no Museu da Imprensa, re\u00fane: Agnese Betio Giovenardi, Amanda Fritzen Holler, Concei\u00e7\u00e3o Ferreira Ara\u00fajo, Crecencia Roth, Afra Roth, Djanira Rafaela, Elma Wandscheer, Elfrida Engel Nunes Rios, \u00c9rica Welter, Filomena Rafagnin, Helena Lacki, Ilka Agripina Vera, Irena Kosievitch, Let\u00edcia Pasa Leopoldino, Madalena Aquino Martins, Maria In\u00eas Mazzacato Maran, Maria Odete Rolon, Marieta Schinke, Nina Moreira Andrion, Ott\u00edlia Ignez Werner Friedrich, Ott\u00edlia Schimmelpfeng, Ros\u00e1lia Dias e Rosa Cirilo de Castro.<\/p>\n\n\n\n<p>Clique para acessar livro Foz do Igua\u00e7u: Retratos.<br><a href=\"https:\/\/museudaimprensafoz.com.br\/periodico\/foz-do-iguacu-retratos\">https:\/\/museudaimprensafoz.com.br\/periodico\/foz-do-iguacu-retratos<\/a><\/p>\n\n\n\n<p><strong>Sensibilidade do olhar<\/strong><\/p>\n\n\n\n<p>Uma das profissionais respons\u00e1veis pela constru\u00e7\u00e3o do Museu da Imprensa de Foz do Igua\u00e7u, a fotojornalista \u00c1urea Cunha considera que o projeto ajuda a mostrar o esfor\u00e7o de mulheres para ocupar diferentes espa\u00e7os da sociedade. Mas, tamb\u00e9m, diz, o projeto serve para \u201clembrar daquelas que foram silenciadas e impedidas de fazer hist\u00f3ria\u201d.<\/p>\n\n\n\n<p>Em suas pesquisas para o museu digital igua\u00e7uense, deparou-se com um fato que a marcou. \u201cEncontrei o caso de feminic\u00eddio da adolescente Rejane Dal B\u00f3, l\u00e1 em 1977, com apenas 16 anos, morta a tiros pelo ex-namorado. Ontem, como hoje, a sociedade n\u00e3o pode fechar os olhos para o assassinato de mulheres, at\u00e9 que esse crime seja erradicado\u201d, sublinha \u00c1urea.<\/p>\n\n\n\n<p>Diversidade e g\u00eanero s\u00e3o temas que permeiam o trabalho de \u00c1urea Cunha. Ela \u00e9 autora da exposi\u00e7\u00e3o Todas as Cores do Mundo, que retratou mulheres de Foz do Igua\u00e7u e da regi\u00e3o trinacional, convocando \u00e0 discuss\u00e3o sobre a invisibilidades e a composi\u00e7\u00e3o multi\u00e9tnica da fronteira. Foram fotografadas 43 mulheres de diferentes idades, classe social, profiss\u00e3o, religi\u00e3o e escolaridade, mostra que itinerou por v\u00e1rias cidades, incluindo Porto Alegre (RS) \u2014 F\u00f3rum Social Mundial e Casa de Cultura M\u00e1rio Quintana \u2014 e Curitiba (PR).<\/p>\n\n\n\n<p>Museu da Imprensa de Foz do Igua\u00e7u<br>Acesse: <a href=\"https:\/\/museudaimprensafoz.com.br\/\">https:\/\/museudaimprensafoz.com.br\/<\/a><br>Siga: @museudaimprensafoz<\/p>\n\n\n\n<p>Participe do grupo no WhatsApp: <a href=\"https:\/\/chat.whatsapp.com\/CSurBq3JBozGLRAN0aUfyI\">https:\/\/chat.whatsapp.com\/CSurBq3JBozGLRAN0aUfyI<\/a><\/p>\n\n\n\n<p>FOTO: Museu da Imprensa re\u00fane em seu acervo o registro digitalizado de mulheres que contribu\u00edram para a constru\u00e7\u00e3o da cidade \u2013 foto: reprodu\u00e7\u00e3o<\/p>\n\n\n\n<p>(AI Guat\u00e1)<\/p>\n","protected":false},"excerpt":{"rendered":"<p>Professora dos filhos dos trabalhadores da Usina S\u00e3o Jo\u00e3o, produtos argentinos no barco a remo e valsa com Santos Dumont; 23 entrevistas com pioneiras para acesso online. A trajet\u00f3ria de mulheres que contribu\u00edram para a constru\u00e7\u00e3o hist\u00f3rica, social e cultural de Foz do Igua\u00e7u est\u00e1 parcialmente documentada nos ve\u00edculos de comunica\u00e7\u00e3o da cidade. O Museu [&hellip;]<\/p>\n","protected":false},"author":2,"featured_media":28516,"comment_status":"open","ping_status":"open","sticky":false,"template":"","format":"standard","meta":{"om_disable_all_campaigns":false,"_monsterinsights_skip_tracking":false,"_monsterinsights_sitenote_active":false,"_monsterinsights_sitenote_note":"","_monsterinsights_sitenote_category":0,"footnotes":""},"categories":[26,4,3,13],"tags":[],"class_list":["post-28515","post","type-post","status-publish","format-standard","has-post-thumbnail","hentry","category-brasil","category-cidade","category-cultura","category-entretenimento"],"_links":{"self":[{"href":"https:\/\/acontecenafronteira.com.br\/index.php\/wp-json\/wp\/v2\/posts\/28515","targetHints":{"allow":["GET"]}}],"collection":[{"href":"https:\/\/acontecenafronteira.com.br\/index.php\/wp-json\/wp\/v2\/posts"}],"about":[{"href":"https:\/\/acontecenafronteira.com.br\/index.php\/wp-json\/wp\/v2\/types\/post"}],"author":[{"embeddable":true,"href":"https:\/\/acontecenafronteira.com.br\/index.php\/wp-json\/wp\/v2\/users\/2"}],"replies":[{"embeddable":true,"href":"https:\/\/acontecenafronteira.com.br\/index.php\/wp-json\/wp\/v2\/comments?post=28515"}],"version-history":[{"count":1,"href":"https:\/\/acontecenafronteira.com.br\/index.php\/wp-json\/wp\/v2\/posts\/28515\/revisions"}],"predecessor-version":[{"id":28517,"href":"https:\/\/acontecenafronteira.com.br\/index.php\/wp-json\/wp\/v2\/posts\/28515\/revisions\/28517"}],"wp:featuredmedia":[{"embeddable":true,"href":"https:\/\/acontecenafronteira.com.br\/index.php\/wp-json\/wp\/v2\/media\/28516"}],"wp:attachment":[{"href":"https:\/\/acontecenafronteira.com.br\/index.php\/wp-json\/wp\/v2\/media?parent=28515"}],"wp:term":[{"taxonomy":"category","embeddable":true,"href":"https:\/\/acontecenafronteira.com.br\/index.php\/wp-json\/wp\/v2\/categories?post=28515"},{"taxonomy":"post_tag","embeddable":true,"href":"https:\/\/acontecenafronteira.com.br\/index.php\/wp-json\/wp\/v2\/tags?post=28515"}],"curies":[{"name":"wp","href":"https:\/\/api.w.org\/{rel}","templated":true}]}}