{"id":2823,"date":"2021-11-25T10:55:02","date_gmt":"2021-11-25T13:55:02","guid":{"rendered":"https:\/\/acontecenafronteira.com.br\/?p=2823"},"modified":"2021-11-25T10:55:04","modified_gmt":"2021-11-25T13:55:04","slug":"prefeitura-de-foz-lanca-pesquisa-sobre-a-saude-do-servidor-publico","status":"publish","type":"post","link":"https:\/\/acontecenafronteira.com.br\/index.php\/2021\/11\/25\/prefeitura-de-foz-lanca-pesquisa-sobre-a-saude-do-servidor-publico\/","title":{"rendered":"Prefeitura de Foz lan\u00e7a pesquisa sobre a sa\u00fade do servidor p\u00fablico"},"content":{"rendered":"\n<p>Proposta \u00e9 fazer um diagn\u00f3stico entre todas as secretarias e implantar novas a\u00e7\u00f5es de promo\u00e7\u00e3o \u00e0 sa\u00fade e preven\u00e7\u00e3o de doen\u00e7as<\/p>\n\n\n\n<p>A Prefeitura de Foz do Igua\u00e7u quer saber como est\u00e1 a qualidade de vida do servidor p\u00fablico, quais seus h\u00e1bitos alimentares e se existe ou n\u00e3o uma rotina de atividades f\u00edsicas. Para isso, um question\u00e1rio foi elaborado pela Secretaria Municipal da Sa\u00fade, por meio da Coordena\u00e7\u00e3o dos Programas de Alimenta\u00e7\u00e3o e Nutri\u00e7\u00e3o, e est\u00e1 sendo enviado aos mais de 6 mil servidores p\u00fablicos.\u00a0<br><br>Tamb\u00e9m \u00e9 poss\u00edvel acessar o question\u00e1rio atrav\u00e9s do Link:\u00a0<a href=\"https:\/\/forms.gle\/vD7ByGzZfrj7vdtG8\">https:\/\/forms.gle\/vD7ByGzZfrj7vdtG8<\/a>.\u00a0 A pesquisa tem o apoio da Diretoria de Sa\u00fade Ocupacional, ligada \u00e0 Secretaria de Administra\u00e7\u00e3o, e estar\u00e1 dispon\u00edvel at\u00e9 o dia 15 de dezembro.\u00a0<br><br>O intuito, conforme explicou a nutricionista Aline Luiza Fuhr, \u00e9 fazer um diagn\u00f3stico entre todas as secretarias e autarquias do munic\u00edpio para implantar, em 2022, novas a\u00e7\u00f5es de promo\u00e7\u00e3o \u00e0 sa\u00fade com foco nas necessidades dos trabalhadores.\u00a0<br><br>\u201cAtrav\u00e9s desta pesquisa faremos um grande estudo sobre o estilo de vida dos servidores para implantarmos atividades espec\u00edficas de promo\u00e7\u00e3o \u00e0 sa\u00fade. Com o diagn\u00f3stico, tamb\u00e9m produziremos um artigo sobre a sa\u00fade do servidor\u201d, explicou.\u00a0<br><br>A pesquisa tamb\u00e9m integra as a\u00e7\u00f5es previstas no Plano Municipal de Enfrentamento \u00e0 Obesidade, que trabalha na preven\u00e7\u00e3o e cuidado da doen\u00e7a a partir do est\u00edmulo \u00e0 alimenta\u00e7\u00e3o saud\u00e1vel e \u00e0 atividade f\u00edsica.<br><br><strong>Question\u00e1rio<br><br><\/strong>O servidor ir\u00e1 preencher os campos principais, como o nome, a secretaria onde atua, idade e escolaridade. Tamb\u00e9m ser\u00e1 necess\u00e1rio informar o peso e a altura, para que seja poss\u00edvel avaliar o IMC (\u00edndice de massa corporal) e responder a perguntas sobre o consumo de \u00f3leo, sal, fast foods, bebidas alco\u00f3licas e a pr\u00e1tica de atividades f\u00edsicas. O tempo de resposta \u00e9 de no m\u00e1ximo cinco minutos.<\/p>\n\n\n\n<figure class=\"wp-block-image size-full\"><img loading=\"lazy\" decoding=\"async\" width=\"799\" height=\"533\" src=\"https:\/\/acontecenafronteira.com.br\/wp-content\/uploads\/2021\/11\/WhatsApp-Image-2021-11-24-at-16.22.23.jpeg\" alt=\"\" class=\"wp-image-2825\" srcset=\"https:\/\/acontecenafronteira.com.br\/wp-content\/uploads\/2021\/11\/WhatsApp-Image-2021-11-24-at-16.22.23.jpeg?v=1637848493 799w, https:\/\/acontecenafronteira.com.br\/wp-content\/uploads\/2021\/11\/WhatsApp-Image-2021-11-24-at-16.22.23-300x200.jpeg?v=1637848493 300w, https:\/\/acontecenafronteira.com.br\/wp-content\/uploads\/2021\/11\/WhatsApp-Image-2021-11-24-at-16.22.23-768x512.jpeg?v=1637848493 768w\" sizes=\"auto, (max-width: 799px) 100vw, 799px\" \/><\/figure>\n\n\n\n<p><\/p>\n","protected":false},"excerpt":{"rendered":"<p>Proposta \u00e9 fazer um diagn\u00f3stico entre todas as secretarias e implantar novas a\u00e7\u00f5es de promo\u00e7\u00e3o \u00e0 sa\u00fade e preven\u00e7\u00e3o de doen\u00e7as A Prefeitura de Foz do Igua\u00e7u quer saber como est\u00e1 a qualidade de vida do servidor p\u00fablico, quais seus h\u00e1bitos alimentares e se existe ou n\u00e3o uma rotina de atividades f\u00edsicas. Para isso, um [&hellip;]<\/p>\n","protected":false},"author":2,"featured_media":2826,"comment_status":"open","ping_status":"open","sticky":false,"template":"","format":"standard","meta":{"om_disable_all_campaigns":false,"_monsterinsights_skip_tracking":false,"_monsterinsights_sitenote_active":false,"_monsterinsights_sitenote_note":"","_monsterinsights_sitenote_category":0,"footnotes":""},"categories":[4,10],"tags":[],"class_list":["post-2823","post","type-post","status-publish","format-standard","has-post-thumbnail","hentry","category-cidade","category-saude"],"_links":{"self":[{"href":"https:\/\/acontecenafronteira.com.br\/index.php\/wp-json\/wp\/v2\/posts\/2823","targetHints":{"allow":["GET"]}}],"collection":[{"href":"https:\/\/acontecenafronteira.com.br\/index.php\/wp-json\/wp\/v2\/posts"}],"about":[{"href":"https:\/\/acontecenafronteira.com.br\/index.php\/wp-json\/wp\/v2\/types\/post"}],"author":[{"embeddable":true,"href":"https:\/\/acontecenafronteira.com.br\/index.php\/wp-json\/wp\/v2\/users\/2"}],"replies":[{"embeddable":true,"href":"https:\/\/acontecenafronteira.com.br\/index.php\/wp-json\/wp\/v2\/comments?post=2823"}],"version-history":[{"count":1,"href":"https:\/\/acontecenafronteira.com.br\/index.php\/wp-json\/wp\/v2\/posts\/2823\/revisions"}],"predecessor-version":[{"id":2827,"href":"https:\/\/acontecenafronteira.com.br\/index.php\/wp-json\/wp\/v2\/posts\/2823\/revisions\/2827"}],"wp:featuredmedia":[{"embeddable":true,"href":"https:\/\/acontecenafronteira.com.br\/index.php\/wp-json\/wp\/v2\/media\/2826"}],"wp:attachment":[{"href":"https:\/\/acontecenafronteira.com.br\/index.php\/wp-json\/wp\/v2\/media?parent=2823"}],"wp:term":[{"taxonomy":"category","embeddable":true,"href":"https:\/\/acontecenafronteira.com.br\/index.php\/wp-json\/wp\/v2\/categories?post=2823"},{"taxonomy":"post_tag","embeddable":true,"href":"https:\/\/acontecenafronteira.com.br\/index.php\/wp-json\/wp\/v2\/tags?post=2823"}],"curies":[{"name":"wp","href":"https:\/\/api.w.org\/{rel}","templated":true}]}}