{"id":28110,"date":"2026-01-24T14:33:32","date_gmt":"2026-01-24T17:33:32","guid":{"rendered":"https:\/\/acontecenafronteira.com.br\/?p=28110"},"modified":"2026-01-24T14:33:33","modified_gmt":"2026-01-24T17:33:33","slug":"grandes-shows-do-verao-maior-parana-fomentam-rede-hoteleira-em-matinhos-no-litoral","status":"publish","type":"post","link":"https:\/\/acontecenafronteira.com.br\/index.php\/2026\/01\/24\/grandes-shows-do-verao-maior-parana-fomentam-rede-hoteleira-em-matinhos-no-litoral\/","title":{"rendered":"Grandes shows do Ver\u00e3o Maior Paran\u00e1 fomentam rede hoteleira em Matinhos, no Litoral"},"content":{"rendered":"\n<p><strong><em>De acordo com a Associa\u00e7\u00e3o Comercial e Empresarial do munic\u00edpio, a virada de ano e os primeiros finais de semana de shows tiveram praticamente 100% de ocupa\u00e7\u00e3o nos hoteis e pousadas, muitos com fila de espera.<\/em><\/strong><\/p>\n\n\n\n<p>O intenso movimento nas ruas e areias de Matinhos na temporada 2026 do Ver\u00e3o Maior Paran\u00e1 tem refletido tamb\u00e9m na rede hoteleira. De acordo com a Associa\u00e7\u00e3o Comercial e Empresarial de Matinhos (Acima), a virada de ano e os primeiros finais de semana de shows tiveram praticamente 100% de ocupa\u00e7\u00e3o nos hoteis e pousadas do munic\u00edpio. E na terceira semana consecutiva de shows n\u00e3o tem sido diferente.<\/p>\n\n\n\n<p>Nomes de peso t\u00eam agenda marcada no Litoral, como Ra\u00e7a Negra, que tocou na sexta-feira (23) para 118 mil pessoas e volta ao palco neste s\u00e1bado (24) em Pontal do Paran\u00e1, e a estreia de F\u00e1bio Jr. no Ver\u00e3o Maior nesse mesmo dia. Antes mesmo, com Alok, que levou 338 mil para as areias de Caiob\u00e1 j\u00e1 no primeiro dia de programa\u00e7\u00e3o. A grande expectativa, por\u00e9m, \u00e9 para a atra\u00e7\u00e3o deste domingo (25). Antes mesmo de subir ao palco, Gusttavo Lima tem movimentado o setor de hoteis e pousadas da regi\u00e3o.<\/p>\n\n\n\n<blockquote class=\"wp-block-quote is-layout-flow wp-block-quote-is-layout-flow\">\n<p>\u201cTivemos o show do Ra\u00e7a Negra, com todos os h\u00f3spedes indo ao evento. Tem F\u00e1bio Jr. tamb\u00e9m, mas o mais aguardo \u00e9 Gusttavo Lima, o nosso embaixador. A expectativa \u00e9 muito grande\u201d, destaca Zelomar Spindola, propriet\u00e1ria da Pousada Arco \u00cdris. Pr\u00f3xima ao palco, os quartos para o final de semana est\u00e3o esgotados h\u00e1 meses. \u201cMuita gente acabou ficando sem vaga. N\u00f3s gostar\u00edamos de atender a todos, mas quem veio para c\u00e1 est\u00e1 com uma expectativa enorme de assistir a um show maravilhoso.\u201d<\/p>\n<\/blockquote>\n\n\n\n<p>Zelomar administra a pousada ao lado do marido Silvio Cesar h\u00e1 mais de 20 anos. O espa\u00e7o conta com 13 apartamentos, todos su\u00edtes. O diferencial do atendimento \u00e9 o caf\u00e9 da manh\u00e3, servido em bandejas diretamente no quarto, modelo adotado durante a pandemia e aprovado pelos h\u00f3spedes. \u201cTodos os apartamentos s\u00e3o completos, com frigobar, TV e ar-condicionado. O servi\u00e7o j\u00e1 inclui roupa de cama, toalhas de banho e caf\u00e9 da manh\u00e3, funcionando no padr\u00e3o de hotelaria\u201d, explica.<\/p>\n\n\n\n<p>E para os pr\u00f3ximos finais de semana, que ter\u00e3o entre as atra\u00e7\u00f5es Ana Castela, os quartos j\u00e1 est\u00e3o todos reservados. \u201cO Ver\u00e3o Maior Paran\u00e1 est\u00e1 fomentando bastante a cidade. A nossa pousada fica bem pr\u00f3xima de onde est\u00e1 montado o palco e isso ajuda muito no movimento. Estamos com lota\u00e7\u00e3o m\u00e1xima desde o in\u00edcio de dezembro e com a agenda fechada at\u00e9 o final de fevereiro\u201d, acrescenta. \u201cN\u00f3s temos uma agenda com clientes fixos e tamb\u00e9m uma fila de espera de pessoas que aguardam uma vaga para aproveitar o ver\u00e3o em Matinhos\u201d.<\/p>\n\n\n\n<p>Segundo o diretor da Acima, Jonas de Santi, o Ver\u00e3o Maior Paran\u00e1, aliado aos investimentos do Estado no Litoral, tem fomentado o crescimento do setor. \u201cN\u00f3s t\u00ednhamos uma car\u00eancia muito grande nessa \u00e1rea. Havia muitas reclama\u00e7\u00f5es por parte dos turistas, porque existiam poucas op\u00e7\u00f5es e, muitas vezes, elas n\u00e3o conseguiam atender a demanda, tanto em quantidade quanto em qualidade de atendimento. De um tempo para c\u00e1, especialmente da temporada passada para esta, surgiram grandes oportunidades de novos neg\u00f3cios\u201d, ressalta.<\/p>\n\n\n\n<p>Um exemplo disso \u00e9 o MK Flat, rec\u00e9m-inaugurado e que, em pouco tempo, j\u00e1 tem lota\u00e7\u00e3o m\u00e1xima em sua primeira temporada. \u201cInauguramos no dia 20 de novembro e, desde ent\u00e3o, estamos trabalhando para evoluir. A nossa proposta \u00e9 fomentar o turismo e a hotelaria no Litoral do Paran\u00e1. N\u00e3o havia na cidade um hotel com esse n\u00edvel de estrutura. A partir da escuta da demanda e das reclama\u00e7\u00f5es existentes, buscamos suprir essa car\u00eancia e fortalecer o setor hoteleiro local\u201d, comenta o gerente do espa\u00e7o, Wendricson de Castro.<\/p>\n\n\n\n<p>O hotel, que funciona ao estilo flats, conta com 39 quartos equipados com minicozinha (geladeira, microondas, fritadeira el\u00e9trica sem \u00f3leo, fog\u00e3o e utens\u00edlios), ar-condicionado, tv, persianas autom\u00e1ticas, entre outras facilidades. O local segue uma tend\u00eancia observada no Litoral, de empreendimentos de alto padr\u00e3o, com maior valor agregado.<\/p>\n\n\n\n<blockquote class=\"wp-block-quote is-layout-flow wp-block-quote-is-layout-flow\">\n<p>\u201cA temporada tem sido surpreendente. Os shows foram extremamente positivos para n\u00f3s e para todo o litoral paranaense. Tivemos lota\u00e7\u00e3o m\u00e1xima nas datas do show do Alok e tamb\u00e9m para o Gusttavo Lima. Para outros grandes shows, como o da Ana Castela, a expectativa tamb\u00e9m \u00e9 de lota\u00e7\u00e3o total\u201d, complementa.<\/p>\n<\/blockquote>\n\n\n\n<p><strong>NOVO LITORAL<\/strong>&nbsp;\u2013 Tanto Zelomar quanto Wendricson creditam esse movimento ao que tem sido \u201cconstru\u00eddo\u201d ao longo dos \u00faltimos anos na regi\u00e3o. Revitaliza\u00e7\u00e3o da orla, com engorda da faixa de areia; duplica\u00e7\u00e3o da PR-412 de Guaratuba a Praia de Leste, em Pontal do Paran\u00e1, e no trecho catarinense, em Garuva; novo Hospital de Matinhos; e a t\u00e3o esperada Ponte de Guaratuba, prevista para ser entregue em abril, s\u00e3o alguns dos investimentos que t\u00eam transformado a realidade do Litoral do Paran\u00e1.<\/p>\n\n\n\n<ul class=\"wp-block-list\"><\/ul>\n\n\n\n<blockquote class=\"wp-block-quote is-layout-flow wp-block-quote-is-layout-flow\">\n<p>\u201cA maioria dos h\u00f3spedes v\u00eam tanto para conhecer o Litoral ou passar as f\u00e9rias aqui, quanto para assistir aos shows do Ver\u00e3o Maior Paran\u00e1. Esse evento est\u00e1 fomentando muito a cidade e ajudando bastante o com\u00e9rcio e o turismo\u201d, afirma Zelomar. \u201cOs impactos s\u00e3o totalmente positivos. Os investimentos est\u00e3o fomentando o Litoral, mas n\u00f3s, como comerciantes, tamb\u00e9m precisamos fazer a nossa parte. \u00c9 importante entregar a qualidade que o Governo do Estado busca oferecer para o Paran\u00e1. Aproveitamos esse momento para abra\u00e7ar essa causa\u201d, acrescenta Wendricson.<\/p>\n<\/blockquote>\n\n\n\n<p>O com\u00e9rcio tamb\u00e9m tem sido beneficiado por esse novo momento. \u201cO faturamento j\u00e1 aumentou em mais de 30% em rela\u00e7\u00e3o \u00e0 temporada passada. O impacto econ\u00f4mico aqui est\u00e1 sendo muito grande por conta de tudo o que est\u00e1 acontecendo. N\u00f3s acreditamos que a inje\u00e7\u00e3o de recursos j\u00e1 esteja em aproximadamente R$ 250 milh\u00f5es no Litoral\u201d, aponta o diretor da Acima.<\/p>\n\n\n\n<figure class=\"wp-block-gallery has-nested-images columns-default is-cropped wp-block-gallery-1 is-layout-flex wp-block-gallery-is-layout-flex\">\n<figure class=\"wp-block-image size-large\"><img loading=\"lazy\" decoding=\"async\" width=\"1024\" height=\"683\" data-id=\"28111\" src=\"https:\/\/acontecenafronteira.com.br\/wp-content\/uploads\/2026\/01\/1000365933-1024x683.jpg?v=1769275978\" alt=\"\" class=\"wp-image-28111\" srcset=\"https:\/\/acontecenafronteira.com.br\/wp-content\/uploads\/2026\/01\/1000365933-1024x683.jpg?v=1769275978 1024w, https:\/\/acontecenafronteira.com.br\/wp-content\/uploads\/2026\/01\/1000365933-300x200.jpg?v=1769275978 300w, https:\/\/acontecenafronteira.com.br\/wp-content\/uploads\/2026\/01\/1000365933-768x512.jpg?v=1769275978 768w, https:\/\/acontecenafronteira.com.br\/wp-content\/uploads\/2026\/01\/1000365933-1536x1024.jpg?v=1769275978 1536w, https:\/\/acontecenafronteira.com.br\/wp-content\/uploads\/2026\/01\/1000365933-2048x1365.jpg?v=1769275978 2048w\" sizes=\"auto, (max-width: 1024px) 100vw, 1024px\" \/><figcaption class=\"wp-element-caption\">Matinhos, 24 de fevereiro de 2026 &#8211; Rede hoteleira.<\/figcaption><\/figure>\n\n\n\n<figure class=\"wp-block-image size-large\"><img loading=\"lazy\" decoding=\"async\" width=\"1024\" height=\"683\" data-id=\"28112\" src=\"https:\/\/acontecenafronteira.com.br\/wp-content\/uploads\/2026\/01\/1000365964-1024x683.jpg?v=1769275979\" alt=\"\" class=\"wp-image-28112\" srcset=\"https:\/\/acontecenafronteira.com.br\/wp-content\/uploads\/2026\/01\/1000365964-1024x683.jpg?v=1769275979 1024w, https:\/\/acontecenafronteira.com.br\/wp-content\/uploads\/2026\/01\/1000365964-300x200.jpg?v=1769275979 300w, https:\/\/acontecenafronteira.com.br\/wp-content\/uploads\/2026\/01\/1000365964-768x512.jpg?v=1769275979 768w, https:\/\/acontecenafronteira.com.br\/wp-content\/uploads\/2026\/01\/1000365964-1536x1024.jpg?v=1769275979 1536w, https:\/\/acontecenafronteira.com.br\/wp-content\/uploads\/2026\/01\/1000365964-2048x1365.jpg?v=1769275979 2048w\" sizes=\"auto, (max-width: 1024px) 100vw, 1024px\" \/><figcaption class=\"wp-element-caption\">Matinhos, 24 de fevereiro de 2026 &#8211; Rede hoteleira.<\/figcaption><\/figure>\n\n\n\n<figure class=\"wp-block-image size-large\"><img loading=\"lazy\" decoding=\"async\" width=\"1024\" height=\"683\" data-id=\"28114\" src=\"https:\/\/acontecenafronteira.com.br\/wp-content\/uploads\/2026\/01\/1000365941-1024x683.jpg?v=1769275979\" alt=\"\" class=\"wp-image-28114\" srcset=\"https:\/\/acontecenafronteira.com.br\/wp-content\/uploads\/2026\/01\/1000365941-1024x683.jpg?v=1769275979 1024w, https:\/\/acontecenafronteira.com.br\/wp-content\/uploads\/2026\/01\/1000365941-300x200.jpg?v=1769275979 300w, https:\/\/acontecenafronteira.com.br\/wp-content\/uploads\/2026\/01\/1000365941-768x512.jpg?v=1769275979 768w, https:\/\/acontecenafronteira.com.br\/wp-content\/uploads\/2026\/01\/1000365941-1536x1024.jpg?v=1769275979 1536w, https:\/\/acontecenafronteira.com.br\/wp-content\/uploads\/2026\/01\/1000365941-2048x1365.jpg?v=1769275979 2048w\" sizes=\"auto, (max-width: 1024px) 100vw, 1024px\" \/><figcaption class=\"wp-element-caption\">Matinhos, 24 de fevereiro de 2026 &#8211; Rede hoteleira.<\/figcaption><\/figure>\n\n\n\n<figure class=\"wp-block-image size-large\"><img loading=\"lazy\" decoding=\"async\" width=\"1024\" height=\"683\" data-id=\"28113\" src=\"https:\/\/acontecenafronteira.com.br\/wp-content\/uploads\/2026\/01\/1000365945-1024x683.jpg?v=1769275979\" alt=\"\" class=\"wp-image-28113\" srcset=\"https:\/\/acontecenafronteira.com.br\/wp-content\/uploads\/2026\/01\/1000365945-1024x683.jpg?v=1769275979 1024w, https:\/\/acontecenafronteira.com.br\/wp-content\/uploads\/2026\/01\/1000365945-300x200.jpg?v=1769275979 300w, https:\/\/acontecenafronteira.com.br\/wp-content\/uploads\/2026\/01\/1000365945-768x512.jpg?v=1769275979 768w, https:\/\/acontecenafronteira.com.br\/wp-content\/uploads\/2026\/01\/1000365945-1536x1024.jpg?v=1769275979 1536w, https:\/\/acontecenafronteira.com.br\/wp-content\/uploads\/2026\/01\/1000365945-2048x1365.jpg?v=1769275979 2048w\" sizes=\"auto, (max-width: 1024px) 100vw, 1024px\" \/><figcaption class=\"wp-element-caption\">Matinhos, 24 de fevereiro de 2026 &#8211; Rede hoteleira.<\/figcaption><\/figure>\n<\/figure>\n","protected":false},"excerpt":{"rendered":"<p>De acordo com a Associa\u00e7\u00e3o Comercial e Empresarial do munic\u00edpio, a virada de ano e os primeiros finais de semana de shows tiveram praticamente 100% de ocupa\u00e7\u00e3o nos hoteis e pousadas, muitos com fila de espera. O intenso movimento nas ruas e areias de Matinhos na temporada 2026 do Ver\u00e3o Maior Paran\u00e1 tem refletido tamb\u00e9m [&hellip;]<\/p>\n","protected":false},"author":2,"featured_media":28112,"comment_status":"open","ping_status":"open","sticky":false,"template":"","format":"standard","meta":{"om_disable_all_campaigns":false,"_monsterinsights_skip_tracking":false,"_monsterinsights_sitenote_active":false,"_monsterinsights_sitenote_note":"","_monsterinsights_sitenote_category":0,"footnotes":""},"categories":[26,13,18,9],"tags":[],"class_list":["post-28110","post","type-post","status-publish","format-standard","has-post-thumbnail","hentry","category-brasil","category-entretenimento","category-parana","category-turismo"],"_links":{"self":[{"href":"https:\/\/acontecenafronteira.com.br\/index.php\/wp-json\/wp\/v2\/posts\/28110","targetHints":{"allow":["GET"]}}],"collection":[{"href":"https:\/\/acontecenafronteira.com.br\/index.php\/wp-json\/wp\/v2\/posts"}],"about":[{"href":"https:\/\/acontecenafronteira.com.br\/index.php\/wp-json\/wp\/v2\/types\/post"}],"author":[{"embeddable":true,"href":"https:\/\/acontecenafronteira.com.br\/index.php\/wp-json\/wp\/v2\/users\/2"}],"replies":[{"embeddable":true,"href":"https:\/\/acontecenafronteira.com.br\/index.php\/wp-json\/wp\/v2\/comments?post=28110"}],"version-history":[{"count":1,"href":"https:\/\/acontecenafronteira.com.br\/index.php\/wp-json\/wp\/v2\/posts\/28110\/revisions"}],"predecessor-version":[{"id":28115,"href":"https:\/\/acontecenafronteira.com.br\/index.php\/wp-json\/wp\/v2\/posts\/28110\/revisions\/28115"}],"wp:featuredmedia":[{"embeddable":true,"href":"https:\/\/acontecenafronteira.com.br\/index.php\/wp-json\/wp\/v2\/media\/28112"}],"wp:attachment":[{"href":"https:\/\/acontecenafronteira.com.br\/index.php\/wp-json\/wp\/v2\/media?parent=28110"}],"wp:term":[{"taxonomy":"category","embeddable":true,"href":"https:\/\/acontecenafronteira.com.br\/index.php\/wp-json\/wp\/v2\/categories?post=28110"},{"taxonomy":"post_tag","embeddable":true,"href":"https:\/\/acontecenafronteira.com.br\/index.php\/wp-json\/wp\/v2\/tags?post=28110"}],"curies":[{"name":"wp","href":"https:\/\/api.w.org\/{rel}","templated":true}]}}