{"id":28104,"date":"2026-01-24T14:30:45","date_gmt":"2026-01-24T17:30:45","guid":{"rendered":"https:\/\/acontecenafronteira.com.br\/?p=28104"},"modified":"2026-01-24T14:30:46","modified_gmt":"2026-01-24T17:30:46","slug":"parana-embarca-40-estudantes-da-rede-estadual-para-intercambio-na-nova-zelandia","status":"publish","type":"post","link":"https:\/\/acontecenafronteira.com.br\/index.php\/2026\/01\/24\/parana-embarca-40-estudantes-da-rede-estadual-para-intercambio-na-nova-zelandia\/","title":{"rendered":"Paran\u00e1 embarca 40 estudantes da rede estadual para interc\u00e2mbio na Nova Zel\u00e2ndia"},"content":{"rendered":"\n<p><strong><em>A iniciativa, coordenada pela Secretaria de Estado da Educa\u00e7\u00e3o (Seed-PR), oferece a estudantes do Ensino M\u00e9dio a oportunidade de vivenciar uma experi\u00eancia educacional e cultural no exterior, com todas as despesas custeadas pelo Estado.<\/em><\/strong><\/p>\n\n\n\n<p>O Governo do Paran\u00e1 embarcou neste s\u00e1bado (24) 40 estudantes da rede estadual de ensino para interc\u00e2mbio internacional para a Nova Zel\u00e2ndia por meio do programa Ganhando o Mundo, onde permanecer\u00e3o por um semestre letivo.<\/p>\n\n\n\n<p>A iniciativa, coordenada pela Secretaria de Estado da Educa\u00e7\u00e3o (Seed-PR), oferece a estudantes do Ensino M\u00e9dio a oportunidade de vivenciar uma experi\u00eancia educacional e cultural no exterior, com todas as despesas custeadas pelo Estado.<\/p>\n\n\n\n<p>Segundo Roni Miranda, secret\u00e1rio da Educa\u00e7\u00e3o, a iniciativa vai al\u00e9m do interc\u00e2mbio, ao promover inclus\u00e3o, protagonismo juvenil e novas perspectivas de futuro para os participantes.\u201cO Ganhando o Mundo \u00e9 uma pol\u00edtica p\u00fablica que transforma vidas e amplia horizontes. Cada estudante que embarca carrega consigo o esfor\u00e7o pessoal, o apoio da fam\u00edlia e o investimento do Paran\u00e1 em uma educa\u00e7\u00e3o p\u00fablica de qualidade e inclusiva\u201d, disse.<\/p>\n\n\n\n<p><strong>EM FAM\u00cdLIA<\/strong>&nbsp;\u2013 Entre os intercambistas est\u00e1 o estudante Matheus Meira, 15 anos, de Tel\u00eamaco Borba. Para ele, a sele\u00e7\u00e3o representa a realiza\u00e7\u00e3o de um sonho e traz uma mistura de sentimentos. \u201cSinto muita felicidade pela conquista, nervosismo pela experi\u00eancia no Exterior, ansiedade pelo futuro e entusiasmo pelos aprendizados\u201d, afirma.<\/p>\n\n\n\n<p>Em 2022, quem vivenciou essa transforma\u00e7\u00e3o foi a irm\u00e3 dele, Thayse Meira, 19 anos. Cadeirante e atualmente estudante de Direito, ela participou do programa Ganhando o Mundo no mesmo pa\u00eds, acompanhada da m\u00e3e. A experi\u00eancia representou um marco em sua trajet\u00f3ria, ampliando horizontes acad\u00eamicos e culturais e refor\u00e7ando, na pr\u00e1tica, valores como autonomia, inclus\u00e3o e supera\u00e7\u00e3o. \u201cVoltei mais independente, confiante e preparada para novos desafios. Conheci uma nova cultura, fiz amizades com pessoas de diferentes pa\u00edses e ampliei minha vis\u00e3o de mundo\u201d, afirma.<\/p>\n\n\n\n<p>A experi\u00eancia internacional representa um marco na trajet\u00f3ria da fam\u00edlia e refor\u00e7a como a educa\u00e7\u00e3o pode abrir novos caminhos. Para a m\u00e3e, Tatiana Meira, o novo embarque \u00e9 uma certeza de que, como fam\u00edlia, est\u00e3o no caminho certo. \u201cReceber a not\u00edcia de que mais um filho conquistou uma vaga no Ganhando do Mundo \u00e9 uma mistura de orgulho, emo\u00e7\u00e3o e gratid\u00e3o. \u00c9 a certeza de que todo o esfor\u00e7o, o apoio e o incentivo que n\u00f3s demos valeu a pena e que ele est\u00e1 preparado para essa oportunidade incr\u00edvel\u201d.<\/p>\n\n\n\n<p><strong>GANHANDO O MUNDO<\/strong>&nbsp;\u2013 Criado em 2022, o Ganhando o Mundo consolidou-se como a maior iniciativa p\u00fablica de interc\u00e2mbio da Am\u00e9rica do Sul. O programa permite que estudantes de 15 a 18 anos da rede estadual cursem um semestre letivo em pa\u00edses de l\u00edngua inglesa, com todas as despesas custeadas pela Seed-PR.<\/p>\n\n\n\n<ul class=\"wp-block-list\">\n<li><strong><a href=\"https:\/\/www.parana.pr.gov.br\/aen\/Noticia\/Parana-leva-programa-Parceiro-da-Escola-para-evento-de-politicas-publicas-na-Europa\" target=\"_blank\" rel=\"noreferrer noopener\">Paran\u00e1 leva programa Parceiro da Escola para evento de pol\u00edticas p\u00fablicas na Europa<\/a><\/strong><\/li>\n<\/ul>\n\n\n\n<p>O pacote de apoio inclui alimenta\u00e7\u00e3o, hospedagem, transporte interno, emiss\u00e3o de passaporte e vistos, passagens a\u00e9reas, exames m\u00e9dicos, vacinas, seguro-viagem, matr\u00edcula e mensalidade na escola estrangeira, al\u00e9m de material did\u00e1tico, uniforme e documenta\u00e7\u00e3o acad\u00eamica.<\/p>\n\n\n\n<p>O acompanhamento segue ap\u00f3s o retorno ao Brasil. Os intercambistas desenvolvem projetos interdisciplinares em suas escolas de origem, permitindo que as experi\u00eancias adquiridas no exterior se multipliquem e alcancem toda a comunidade escolar.<\/p>\n\n\n\n<figure class=\"wp-block-gallery has-nested-images columns-default is-cropped wp-block-gallery-1 is-layout-flex wp-block-gallery-is-layout-flex\">\n<figure class=\"wp-block-image size-large\"><img loading=\"lazy\" decoding=\"async\" width=\"1024\" height=\"680\" data-id=\"28105\" src=\"https:\/\/acontecenafronteira.com.br\/wp-content\/uploads\/2026\/01\/1000366039-1024x680.jpg?v=1769275825\" alt=\"\" class=\"wp-image-28105\" srcset=\"https:\/\/acontecenafronteira.com.br\/wp-content\/uploads\/2026\/01\/1000366039-1024x680.jpg?v=1769275825 1024w, https:\/\/acontecenafronteira.com.br\/wp-content\/uploads\/2026\/01\/1000366039-300x199.jpg?v=1769275825 300w, https:\/\/acontecenafronteira.com.br\/wp-content\/uploads\/2026\/01\/1000366039-768x510.jpg?v=1769275825 768w, https:\/\/acontecenafronteira.com.br\/wp-content\/uploads\/2026\/01\/1000366039.jpg?v=1769275825 1485w\" sizes=\"auto, (max-width: 1024px) 100vw, 1024px\" \/><\/figure>\n\n\n\n<figure class=\"wp-block-image size-large\"><img loading=\"lazy\" decoding=\"async\" width=\"1024\" height=\"767\" data-id=\"28106\" src=\"https:\/\/acontecenafronteira.com.br\/wp-content\/uploads\/2026\/01\/1000366037-1024x767.jpg?v=1769275825\" alt=\"\" class=\"wp-image-28106\" srcset=\"https:\/\/acontecenafronteira.com.br\/wp-content\/uploads\/2026\/01\/1000366037-1024x767.jpg?v=1769275825 1024w, https:\/\/acontecenafronteira.com.br\/wp-content\/uploads\/2026\/01\/1000366037-300x225.jpg?v=1769275825 300w, https:\/\/acontecenafronteira.com.br\/wp-content\/uploads\/2026\/01\/1000366037-768x575.jpg?v=1769275825 768w, https:\/\/acontecenafronteira.com.br\/wp-content\/uploads\/2026\/01\/1000366037.jpg?v=1769275825 1375w\" sizes=\"auto, (max-width: 1024px) 100vw, 1024px\" \/><\/figure>\n\n\n\n<figure class=\"wp-block-image size-large\"><img loading=\"lazy\" decoding=\"async\" width=\"1024\" height=\"682\" data-id=\"28107\" src=\"https:\/\/acontecenafronteira.com.br\/wp-content\/uploads\/2026\/01\/1000366035-1024x682.jpg?v=1769275826\" alt=\"\" class=\"wp-image-28107\" srcset=\"https:\/\/acontecenafronteira.com.br\/wp-content\/uploads\/2026\/01\/1000366035-1024x682.jpg?v=1769275826 1024w, https:\/\/acontecenafronteira.com.br\/wp-content\/uploads\/2026\/01\/1000366035-300x200.jpg?v=1769275826 300w, https:\/\/acontecenafronteira.com.br\/wp-content\/uploads\/2026\/01\/1000366035-768x511.jpg?v=1769275826 768w, https:\/\/acontecenafronteira.com.br\/wp-content\/uploads\/2026\/01\/1000366035-1536x1023.jpg?v=1769275826 1536w, https:\/\/acontecenafronteira.com.br\/wp-content\/uploads\/2026\/01\/1000366035.jpg?v=1769275826 1589w\" sizes=\"auto, (max-width: 1024px) 100vw, 1024px\" \/><\/figure>\n\n\n\n<figure class=\"wp-block-image size-large\"><img loading=\"lazy\" decoding=\"async\" width=\"1024\" height=\"698\" data-id=\"28108\" src=\"https:\/\/acontecenafronteira.com.br\/wp-content\/uploads\/2026\/01\/1000366033-1024x698.jpg?v=1769275826\" alt=\"\" class=\"wp-image-28108\" srcset=\"https:\/\/acontecenafronteira.com.br\/wp-content\/uploads\/2026\/01\/1000366033-1024x698.jpg?v=1769275826 1024w, https:\/\/acontecenafronteira.com.br\/wp-content\/uploads\/2026\/01\/1000366033-300x204.jpg?v=1769275826 300w, https:\/\/acontecenafronteira.com.br\/wp-content\/uploads\/2026\/01\/1000366033-768x523.jpg?v=1769275826 768w, https:\/\/acontecenafronteira.com.br\/wp-content\/uploads\/2026\/01\/1000366033-1536x1047.jpg?v=1769275826 1536w, https:\/\/acontecenafronteira.com.br\/wp-content\/uploads\/2026\/01\/1000366033.jpg?v=1769275826 1564w\" sizes=\"auto, (max-width: 1024px) 100vw, 1024px\" \/><\/figure>\n<\/figure>\n","protected":false},"excerpt":{"rendered":"<p>A iniciativa, coordenada pela Secretaria de Estado da Educa\u00e7\u00e3o (Seed-PR), oferece a estudantes do Ensino M\u00e9dio a oportunidade de vivenciar uma experi\u00eancia educacional e cultural no exterior, com todas as despesas custeadas pelo Estado. O Governo do Paran\u00e1 embarcou neste s\u00e1bado (24) 40 estudantes da rede estadual de ensino para interc\u00e2mbio internacional para a Nova [&hellip;]<\/p>\n","protected":false},"author":2,"featured_media":28107,"comment_status":"open","ping_status":"open","sticky":false,"template":"","format":"standard","meta":{"om_disable_all_campaigns":false,"_monsterinsights_skip_tracking":false,"_monsterinsights_sitenote_active":false,"_monsterinsights_sitenote_note":"","_monsterinsights_sitenote_category":0,"footnotes":""},"categories":[26,4,8,28,18],"tags":[],"class_list":["post-28104","post","type-post","status-publish","format-standard","has-post-thumbnail","hentry","category-brasil","category-cidade","category-educaca0","category-mundo","category-parana"],"_links":{"self":[{"href":"https:\/\/acontecenafronteira.com.br\/index.php\/wp-json\/wp\/v2\/posts\/28104","targetHints":{"allow":["GET"]}}],"collection":[{"href":"https:\/\/acontecenafronteira.com.br\/index.php\/wp-json\/wp\/v2\/posts"}],"about":[{"href":"https:\/\/acontecenafronteira.com.br\/index.php\/wp-json\/wp\/v2\/types\/post"}],"author":[{"embeddable":true,"href":"https:\/\/acontecenafronteira.com.br\/index.php\/wp-json\/wp\/v2\/users\/2"}],"replies":[{"embeddable":true,"href":"https:\/\/acontecenafronteira.com.br\/index.php\/wp-json\/wp\/v2\/comments?post=28104"}],"version-history":[{"count":1,"href":"https:\/\/acontecenafronteira.com.br\/index.php\/wp-json\/wp\/v2\/posts\/28104\/revisions"}],"predecessor-version":[{"id":28109,"href":"https:\/\/acontecenafronteira.com.br\/index.php\/wp-json\/wp\/v2\/posts\/28104\/revisions\/28109"}],"wp:featuredmedia":[{"embeddable":true,"href":"https:\/\/acontecenafronteira.com.br\/index.php\/wp-json\/wp\/v2\/media\/28107"}],"wp:attachment":[{"href":"https:\/\/acontecenafronteira.com.br\/index.php\/wp-json\/wp\/v2\/media?parent=28104"}],"wp:term":[{"taxonomy":"category","embeddable":true,"href":"https:\/\/acontecenafronteira.com.br\/index.php\/wp-json\/wp\/v2\/categories?post=28104"},{"taxonomy":"post_tag","embeddable":true,"href":"https:\/\/acontecenafronteira.com.br\/index.php\/wp-json\/wp\/v2\/tags?post=28104"}],"curies":[{"name":"wp","href":"https:\/\/api.w.org\/{rel}","templated":true}]}}