{"id":28101,"date":"2026-01-24T14:25:27","date_gmt":"2026-01-24T17:25:27","guid":{"rendered":"https:\/\/acontecenafronteira.com.br\/?p=28101"},"modified":"2026-01-24T14:25:28","modified_gmt":"2026-01-24T17:25:28","slug":"itaipu-binacional-e-itaipu-parquetec-promovem-oficinas-de-grafite-para-jovens-no-pr-e-no-sul-do-ms","status":"publish","type":"post","link":"https:\/\/acontecenafronteira.com.br\/index.php\/2026\/01\/24\/itaipu-binacional-e-itaipu-parquetec-promovem-oficinas-de-grafite-para-jovens-no-pr-e-no-sul-do-ms\/","title":{"rendered":"Itaipu Binacional e Itaipu Parquetec promovem oficinas de grafite para jovens no PR e no sul do MS"},"content":{"rendered":"\n<p>As oficinas abordar\u00e3o t\u00e9cnicas b\u00e1sicas da grafitagem, como linhas, preenchimentos, luz e sombra, detalhes e realismo. Cr\u00e9dito das fotos: Arquivo Pessoal<br><\/p>\n\n\n\n<p><em>Jovens produzir\u00e3o arte com temas ligados \u00e0 educa\u00e7\u00e3o, cultura e sustentabilidade, sob orienta\u00e7\u00e3o de grafiteiros profissionais<\/em><\/p>\n\n\n\n<figure class=\"wp-block-image\"><img decoding=\"async\" src=\"https:\/\/www.itaipu.gov.br\/wp-content\/uploads\/2026\/01\/foto4_grafite-984x1024.jpeg\" alt=\"\" class=\"wp-image-61922\"\/><\/figure>\n\n\n\n<p><em>As oficinas de grafite promovidas pelos N\u00facleos de Coopera\u00e7\u00e3o Socioambiental contemplar\u00e3o jovens de 15 a 24 anos, em 434 munic\u00edpios do Paran\u00e1 e do sul do Mato Grosso do Sul<\/em><\/p>\n\n\n\n<p>A Itaipu Binacional e o Itaipu Parquetec ir\u00e3o promover uma s\u00e9rie de oficinas de grafite com jovens de 15 a 24 anos, em 434 munic\u00edpios do Paran\u00e1 e do sul do Mato Grosso do Sul. A proposta \u00e9 levar a express\u00e3o art\u00edstica aos 21 territ\u00f3rios dos N\u00facleos de Coopera\u00e7\u00e3o Socioambiental, refor\u00e7ando o compromisso da Itaipu em unir educa\u00e7\u00e3o, cultura e sustentabilidade, dentro das diretrizes do governo do Brasil.<\/p>\n\n\n\n<p>As primeiras oficinas ocorrem no Litoral do Paran\u00e1, come\u00e7ando na pr\u00f3xima sexta-feira (30), no CMEI Rosy Mattar da Maia, em Paranagu\u00e1, com a participa\u00e7\u00e3o de 20 jovens. Na sequ\u00eancia, o projeto passa por Matinhos (5\/2), Pontal do Paran\u00e1 (06\/02), Guaratuba (8\/2), Antonina (10\/2), Morretes (11\/2) e Guaraque\u00e7aba (13\/2).<\/p>\n\n\n\n<figure class=\"wp-block-image\"><img decoding=\"async\" src=\"https:\/\/www.itaipu.gov.br\/wp-content\/uploads\/2026\/01\/foto2_grafite-682x1024.jpeg\" alt=\"\" class=\"wp-image-61921\"\/><\/figure>\n\n\n\n<p><em>O artista visual e grafiteiro Isaac Souza de Jesus ministrar\u00e1 a oficina da rodada no Litoral Paranaense<\/em><\/p>\n\n\n\n<p>Os participantes das oficinas v\u00e3o conhecer e testar equipamentos e materiais e aprender tamb\u00e9m as t\u00e9cnicas b\u00e1sicas da grafitagem, como linhas, preenchimentos, luz e sombra, detalhes e realismo.<\/p>\n\n\n\n<p>O diretor-geral da Itaipu Binacional, Enio Verri, explicou que a oficina de grafite faz parte de um conjunto de a\u00e7\u00f5es de trabalhos dos n\u00facleos. Para esse segmento tamb\u00e9m ocorrer\u00e1 a oficina de v\u00eddeos com a tem\u00e1tica do combate \u00e0 desinforma\u00e7\u00e3o clim\u00e1tica. \u201cAs oficinas de grafite s\u00e3o mais uma oportunidade de envolvimento dos jovens nas a\u00e7\u00f5es dos N\u00facleos de Coopera\u00e7\u00e3o Socioambiental, os participantes aprender\u00e3o sobre sustentabilidade e se reconhecer\u00e3o como autores de uma obra de arte no munic\u00edpio\u201d, disse.&nbsp;&nbsp;&nbsp;&nbsp;&nbsp;&nbsp;&nbsp; &nbsp;&nbsp;&nbsp;<\/p>\n\n\n\n<p>As oficinas de grafite para jovens fazem parte das atividades dos N\u00facleos de Coopera\u00e7\u00e3o Socioambiental, promovendo e valorizando a arte e a cultura em seus territ\u00f3rios.<\/p>\n\n\n\n<p>Para mais informa\u00e7\u00f5es seus territ\u00f3rios. Sobre os N\u00facleos de Coopera\u00e7\u00e3o Socioambiental, acesse:<\/p>\n\n\n\n<p>Site \u2013&nbsp;<a href=\"https:\/\/nucleosocioambiental.org.br\/\">https:\/\/nucleosocioambiental.org.br\/<\/a><\/p>\n\n\n\n<p>Instagram \u2013 :&nbsp;<a href=\"http:\/\/www.instagram.com\/nucleo.socioambiental\/\">www.instagram.com\/nucleo.socioambiental\/<\/a><\/p>\n","protected":false},"excerpt":{"rendered":"<p>As oficinas abordar\u00e3o t\u00e9cnicas b\u00e1sicas da grafitagem, como linhas, preenchimentos, luz e sombra, detalhes e realismo. Cr\u00e9dito das fotos: Arquivo Pessoal Jovens produzir\u00e3o arte com temas ligados \u00e0 educa\u00e7\u00e3o, cultura e sustentabilidade, sob orienta\u00e7\u00e3o de grafiteiros profissionais As oficinas de grafite promovidas pelos N\u00facleos de Coopera\u00e7\u00e3o Socioambiental contemplar\u00e3o jovens de 15 a 24 anos, em [&hellip;]<\/p>\n","protected":false},"author":2,"featured_media":28102,"comment_status":"open","ping_status":"open","sticky":false,"template":"","format":"standard","meta":{"om_disable_all_campaigns":false,"_monsterinsights_skip_tracking":false,"_monsterinsights_sitenote_active":false,"_monsterinsights_sitenote_note":"","_monsterinsights_sitenote_category":0,"footnotes":""},"categories":[26,4,3,8,11],"tags":[],"class_list":["post-28101","post","type-post","status-publish","format-standard","has-post-thumbnail","hentry","category-brasil","category-cidade","category-cultura","category-educaca0","category-itaipu"],"_links":{"self":[{"href":"https:\/\/acontecenafronteira.com.br\/index.php\/wp-json\/wp\/v2\/posts\/28101","targetHints":{"allow":["GET"]}}],"collection":[{"href":"https:\/\/acontecenafronteira.com.br\/index.php\/wp-json\/wp\/v2\/posts"}],"about":[{"href":"https:\/\/acontecenafronteira.com.br\/index.php\/wp-json\/wp\/v2\/types\/post"}],"author":[{"embeddable":true,"href":"https:\/\/acontecenafronteira.com.br\/index.php\/wp-json\/wp\/v2\/users\/2"}],"replies":[{"embeddable":true,"href":"https:\/\/acontecenafronteira.com.br\/index.php\/wp-json\/wp\/v2\/comments?post=28101"}],"version-history":[{"count":1,"href":"https:\/\/acontecenafronteira.com.br\/index.php\/wp-json\/wp\/v2\/posts\/28101\/revisions"}],"predecessor-version":[{"id":28103,"href":"https:\/\/acontecenafronteira.com.br\/index.php\/wp-json\/wp\/v2\/posts\/28101\/revisions\/28103"}],"wp:featuredmedia":[{"embeddable":true,"href":"https:\/\/acontecenafronteira.com.br\/index.php\/wp-json\/wp\/v2\/media\/28102"}],"wp:attachment":[{"href":"https:\/\/acontecenafronteira.com.br\/index.php\/wp-json\/wp\/v2\/media?parent=28101"}],"wp:term":[{"taxonomy":"category","embeddable":true,"href":"https:\/\/acontecenafronteira.com.br\/index.php\/wp-json\/wp\/v2\/categories?post=28101"},{"taxonomy":"post_tag","embeddable":true,"href":"https:\/\/acontecenafronteira.com.br\/index.php\/wp-json\/wp\/v2\/tags?post=28101"}],"curies":[{"name":"wp","href":"https:\/\/api.w.org\/{rel}","templated":true}]}}