{"id":28098,"date":"2026-01-24T14:23:29","date_gmt":"2026-01-24T17:23:29","guid":{"rendered":"https:\/\/acontecenafronteira.com.br\/?p=28098"},"modified":"2026-01-24T14:23:30","modified_gmt":"2026-01-24T17:23:30","slug":"exigencia-do-ministerio-da-saude-leva-municipio-a-discutir-adequacao-da-carga-horaria-na-saude","status":"publish","type":"post","link":"https:\/\/acontecenafronteira.com.br\/index.php\/2026\/01\/24\/exigencia-do-ministerio-da-saude-leva-municipio-a-discutir-adequacao-da-carga-horaria-na-saude\/","title":{"rendered":"Exig\u00eancia do Minist\u00e9rio da Sa\u00fade leva Munic\u00edpio a discutir adequa\u00e7\u00e3o da carga hor\u00e1ria na Sa\u00fade"},"content":{"rendered":"\n<p><strong><em>Assunto foi discutido na tarde desta sexta-feira (23) em reuni\u00e3o online entre representantes da Secretaria Municipal de Sa\u00fade e Minist\u00e9rio da Sa\u00fade<br><\/em><\/strong><\/p>\n\n\n\n<p>O Munic\u00edpio realizou, na tarde desta sexta-feira (26), uma reuni\u00e3o on-line com o Minist\u00e9rio da Sa\u00fade para tratar de Nota T\u00e9cnica direcionada especificamente \u00e0 Foz do Igua\u00e7u para adequa\u00e7\u00e3o da carga hor\u00e1ria dos profissionais da \u00e1rea da sa\u00fade, conforme exig\u00eancia estabelecida em diretrizes federais vigentes.<\/p>\n\n\n\n<p>A pauta envolve a necessidade de ajuste da jornada atualmente prevista em lei municipal, sancionada em outubro de 2024, que estabelece 30 horas presenciais e 10 horas destinadas a cursos e capacita\u00e7\u00f5es, para o modelo exigido pelo Minist\u00e9rio da Sa\u00fade, que prev\u00ea 36 horas presenciais e 4 horas de capacita\u00e7\u00e3o. A adequa\u00e7\u00e3o representa um acr\u00e9scimo de 6 horas semanais presenciais para os profissionais.<\/p>\n\n\n\n<p>Durante a reuni\u00e3o, o Munic\u00edpio apresentou como est\u00e1 estruturada essa organiza\u00e7\u00e3o conforme lei municipal e solicitou prazo para a implanta\u00e7\u00e3o da nova carga hor\u00e1ria, considerando a organiza\u00e7\u00e3o dos servi\u00e7os, o impacto na rotina das equipes e a necessidade de garantir a continuidade e a qualidade do atendimento \u00e0 popula\u00e7\u00e3o.<\/p>\n\n\n\n<p>O Minist\u00e9rio da Sa\u00fade foi solid\u00e1rio ao pleito do munic\u00edpio e informou que notificar\u00e1 o Minist\u00e9rio P\u00fablico sobre a inten\u00e7\u00e3o do munic\u00edpio e dos prazos necess\u00e1rios para mudan\u00e7as de leis municipais, mas entende que o Minist\u00e9rio P\u00fablico pode solicitar maior brevidade para n\u00e3o suspender o cofinanciamento federal que hoje est\u00e1 em aproximadamente R$ 3 milh\u00f5es mensais.<\/p>\n\n\n\n<p>A Administra\u00e7\u00e3o Municipal destacou que o n\u00e3o atendimento \u00e0s exig\u00eancias federais pode acarretar risco significativo aos repasses de recursos da Uni\u00e3o, com impacto estimado de at\u00e9 R$ 3 milh\u00f5es por m\u00eas, o que refor\u00e7a a import\u00e2ncia do di\u00e1logo institucional e da busca por uma solu\u00e7\u00e3o respons\u00e1vel.<\/p>\n\n\n\n<p>Ainda na tarde desta sexta-feira, o tema tamb\u00e9m foi apresentado e esclarecido \u00e0 Comiss\u00e3o de Sa\u00fade da C\u00e2mara Municipal, bem como aos demais vereadores, em reuni\u00e3o informativa. O objetivo foi garantir transpar\u00eancia, alinhamento institucional e compartilhamento das informa\u00e7\u00f5es t\u00e9cnicas e or\u00e7ament\u00e1rias envolvidas no processo.<\/p>\n\n\n\n<p>O Munic\u00edpio refor\u00e7a que a exig\u00eancia decorre de diretriz federal prevista na legisla\u00e7\u00e3o nacional que rege o financiamento e a organiza\u00e7\u00e3o da Aten\u00e7\u00e3o \u00e0 Sa\u00fade, especialmente no que se refere \u00e0s condi\u00e7\u00f5es para manuten\u00e7\u00e3o dos repasses do Minist\u00e9rio da Sa\u00fade. (Conforme Nota T\u00e9cnica Conjunta N\u00ba 431\/2025-DESF\/DIGAD\/DESF\/SAPS\/MS que enfatiza a Pol\u00edtica Nacional de Aten\u00e7\u00e3o Prim\u00e1ria, aprovada por meio da Portaria n\u00ba 2.436\/2017.)<\/p>\n\n\n\n<p>A Administra\u00e7\u00e3o segue acompanhando o tema de forma t\u00e9cnica e respons\u00e1vel, priorizando o equil\u00edbrio financeiro do sistema de sa\u00fade, a valoriza\u00e7\u00e3o dos profissionais e a seguran\u00e7a no atendimento \u00e0 popula\u00e7\u00e3o.<\/p>\n","protected":false},"excerpt":{"rendered":"<p>Assunto foi discutido na tarde desta sexta-feira (23) em reuni\u00e3o online entre representantes da Secretaria Municipal de Sa\u00fade e Minist\u00e9rio da Sa\u00fade O Munic\u00edpio realizou, na tarde desta sexta-feira (26), uma reuni\u00e3o on-line com o Minist\u00e9rio da Sa\u00fade para tratar de Nota T\u00e9cnica direcionada especificamente \u00e0 Foz do Igua\u00e7u para adequa\u00e7\u00e3o da carga hor\u00e1ria dos [&hellip;]<\/p>\n","protected":false},"author":2,"featured_media":28099,"comment_status":"open","ping_status":"open","sticky":false,"template":"","format":"standard","meta":{"om_disable_all_campaigns":false,"_monsterinsights_skip_tracking":false,"_monsterinsights_sitenote_active":false,"_monsterinsights_sitenote_note":"","_monsterinsights_sitenote_category":0,"footnotes":""},"categories":[26,4,10],"tags":[],"class_list":["post-28098","post","type-post","status-publish","format-standard","has-post-thumbnail","hentry","category-brasil","category-cidade","category-saude"],"_links":{"self":[{"href":"https:\/\/acontecenafronteira.com.br\/index.php\/wp-json\/wp\/v2\/posts\/28098","targetHints":{"allow":["GET"]}}],"collection":[{"href":"https:\/\/acontecenafronteira.com.br\/index.php\/wp-json\/wp\/v2\/posts"}],"about":[{"href":"https:\/\/acontecenafronteira.com.br\/index.php\/wp-json\/wp\/v2\/types\/post"}],"author":[{"embeddable":true,"href":"https:\/\/acontecenafronteira.com.br\/index.php\/wp-json\/wp\/v2\/users\/2"}],"replies":[{"embeddable":true,"href":"https:\/\/acontecenafronteira.com.br\/index.php\/wp-json\/wp\/v2\/comments?post=28098"}],"version-history":[{"count":1,"href":"https:\/\/acontecenafronteira.com.br\/index.php\/wp-json\/wp\/v2\/posts\/28098\/revisions"}],"predecessor-version":[{"id":28100,"href":"https:\/\/acontecenafronteira.com.br\/index.php\/wp-json\/wp\/v2\/posts\/28098\/revisions\/28100"}],"wp:featuredmedia":[{"embeddable":true,"href":"https:\/\/acontecenafronteira.com.br\/index.php\/wp-json\/wp\/v2\/media\/28099"}],"wp:attachment":[{"href":"https:\/\/acontecenafronteira.com.br\/index.php\/wp-json\/wp\/v2\/media?parent=28098"}],"wp:term":[{"taxonomy":"category","embeddable":true,"href":"https:\/\/acontecenafronteira.com.br\/index.php\/wp-json\/wp\/v2\/categories?post=28098"},{"taxonomy":"post_tag","embeddable":true,"href":"https:\/\/acontecenafronteira.com.br\/index.php\/wp-json\/wp\/v2\/tags?post=28098"}],"curies":[{"name":"wp","href":"https:\/\/api.w.org\/{rel}","templated":true}]}}