{"id":28092,"date":"2026-01-24T14:17:52","date_gmt":"2026-01-24T17:17:52","guid":{"rendered":"https:\/\/acontecenafronteira.com.br\/?p=28092"},"modified":"2026-01-24T14:17:53","modified_gmt":"2026-01-24T17:17:53","slug":"denarc-de-foz-do-iguacu-apreende-cerca-de-25-toneladas-de-drogas-em-area-rural-de-itaipulandia","status":"publish","type":"post","link":"https:\/\/acontecenafronteira.com.br\/index.php\/2026\/01\/24\/denarc-de-foz-do-iguacu-apreende-cerca-de-25-toneladas-de-drogas-em-area-rural-de-itaipulandia\/","title":{"rendered":"DENARC de Foz do Igua\u00e7u apreende cerca de 2,5 toneladas de drogas em \u00e1rea rural de Itaipul\u00e2ndia"},"content":{"rendered":"\n<p>A Pol\u00edcia Civil do Paran\u00e1 (PCPR), por meio da Divis\u00e3o Estadual de Narc\u00f3ticos (DENARC), n\u00facleo de Foz do Igua\u00e7u, realizou uma expressiva apreens\u00e3o de entorpecentes no in\u00edcio da noite desta quarta-feira, em uma \u00e1rea rural do munic\u00edpio de Itaipul\u00e2ndia, no oeste do Estado.<\/p>\n\n\n\n<p>A a\u00e7\u00e3o foi desencadeada ap\u00f3s o DENARC receber informa\u00e7\u00f5es de intelig\u00eancia indicando que uma grande quantidade de drogas estaria escondida em meio \u00e0 mata, em uma propriedade rural da regi\u00e3o. Diante da den\u00fancia, equipes policiais iniciaram dilig\u00eancias no local, contando com o apoio especializado do N\u00facleo de Opera\u00e7\u00f5es com C\u00e3es.<\/p>\n\n\n\n<p>Durante as buscas, o c\u00e3o farejador indicou com precis\u00e3o o ponto onde o material il\u00edcito estava oculto entre a vegeta\u00e7\u00e3o. Ap\u00f3s a retirada da carga e a pesagem oficial realizada na sede da unidade policial, foi constatado que o entorpecente totalizava aproximadamente 2,5 toneladas de drogas.<\/p>\n\n\n\n<p>Todo o material apreendido foi encaminhado para os procedimentos legais cab\u00edveis. As investiga\u00e7\u00f5es prosseguem com o objetivo de identificar os respons\u00e1veis pelo entorpecente, bem como o propriet\u00e1rio da carga il\u00edcita e a log\u00edstica utilizada pelo grupo criminoso.<\/p>\n\n\n\n<p>\u201cO resultado desta apreens\u00e3o demonstra a import\u00e2ncia do trabalho investigativo e da atua\u00e7\u00e3o integrada do DENARC, que emprega intelig\u00eancia policial e recursos especializados para retirar grandes volumes de drogas de circula\u00e7\u00e3o\u201d, destacou o Delegado de Pol\u00edcia Rodrigo Colombelli.<\/p>\n\n\n\n<p>Fonte: PCPR-DENARC-FOZ<\/p>\n\n\n\n<figure class=\"wp-block-image size-large\"><img loading=\"lazy\" decoding=\"async\" width=\"768\" height=\"1024\" src=\"https:\/\/acontecenafronteira.com.br\/wp-content\/uploads\/2026\/01\/WhatsApp-Image-2026-01-24-at-03.39.01-768x1024.jpeg?v=1769275020\" alt=\"\" class=\"wp-image-28093\" srcset=\"https:\/\/acontecenafronteira.com.br\/wp-content\/uploads\/2026\/01\/WhatsApp-Image-2026-01-24-at-03.39.01-768x1024.jpeg?v=1769275020 768w, https:\/\/acontecenafronteira.com.br\/wp-content\/uploads\/2026\/01\/WhatsApp-Image-2026-01-24-at-03.39.01-225x300.jpeg?v=1769275020 225w, https:\/\/acontecenafronteira.com.br\/wp-content\/uploads\/2026\/01\/WhatsApp-Image-2026-01-24-at-03.39.01.jpeg?v=1769275020 960w\" sizes=\"auto, (max-width: 768px) 100vw, 768px\" \/><\/figure>\n\n\n\n<figure class=\"wp-block-video\"><video height=\"480\" style=\"aspect-ratio: 848 \/ 480;\" width=\"848\" controls src=\"https:\/\/acontecenafronteira.com.br\/wp-content\/uploads\/2026\/01\/WhatsApp-Video-2026-01-24-at-01.07.37.mp4\"><\/video><\/figure>\n\n\n\n<figure class=\"wp-block-video\"><video height=\"480\" style=\"aspect-ratio: 848 \/ 480;\" width=\"848\" controls src=\"https:\/\/acontecenafronteira.com.br\/wp-content\/uploads\/2026\/01\/WhatsApp-Video-2026-01-24-at-04.01.21.mp4\"><\/video><\/figure>\n","protected":false},"excerpt":{"rendered":"<p>A Pol\u00edcia Civil do Paran\u00e1 (PCPR), por meio da Divis\u00e3o Estadual de Narc\u00f3ticos (DENARC), n\u00facleo de Foz do Igua\u00e7u, realizou uma expressiva apreens\u00e3o de entorpecentes no in\u00edcio da noite desta quarta-feira, em uma \u00e1rea rural do munic\u00edpio de Itaipul\u00e2ndia, no oeste do Estado. A a\u00e7\u00e3o foi desencadeada ap\u00f3s o DENARC receber informa\u00e7\u00f5es de intelig\u00eancia indicando [&hellip;]<\/p>\n","protected":false},"author":2,"featured_media":28093,"comment_status":"open","ping_status":"open","sticky":false,"template":"","format":"standard","meta":{"om_disable_all_campaigns":false,"_monsterinsights_skip_tracking":false,"_monsterinsights_sitenote_active":false,"_monsterinsights_sitenote_note":"","_monsterinsights_sitenote_category":0,"footnotes":""},"categories":[26,4,21,5],"tags":[],"class_list":["post-28092","post","type-post","status-publish","format-standard","has-post-thumbnail","hentry","category-brasil","category-cidade","category-fronteira","category-policia"],"_links":{"self":[{"href":"https:\/\/acontecenafronteira.com.br\/index.php\/wp-json\/wp\/v2\/posts\/28092","targetHints":{"allow":["GET"]}}],"collection":[{"href":"https:\/\/acontecenafronteira.com.br\/index.php\/wp-json\/wp\/v2\/posts"}],"about":[{"href":"https:\/\/acontecenafronteira.com.br\/index.php\/wp-json\/wp\/v2\/types\/post"}],"author":[{"embeddable":true,"href":"https:\/\/acontecenafronteira.com.br\/index.php\/wp-json\/wp\/v2\/users\/2"}],"replies":[{"embeddable":true,"href":"https:\/\/acontecenafronteira.com.br\/index.php\/wp-json\/wp\/v2\/comments?post=28092"}],"version-history":[{"count":1,"href":"https:\/\/acontecenafronteira.com.br\/index.php\/wp-json\/wp\/v2\/posts\/28092\/revisions"}],"predecessor-version":[{"id":28096,"href":"https:\/\/acontecenafronteira.com.br\/index.php\/wp-json\/wp\/v2\/posts\/28092\/revisions\/28096"}],"wp:featuredmedia":[{"embeddable":true,"href":"https:\/\/acontecenafronteira.com.br\/index.php\/wp-json\/wp\/v2\/media\/28093"}],"wp:attachment":[{"href":"https:\/\/acontecenafronteira.com.br\/index.php\/wp-json\/wp\/v2\/media?parent=28092"}],"wp:term":[{"taxonomy":"category","embeddable":true,"href":"https:\/\/acontecenafronteira.com.br\/index.php\/wp-json\/wp\/v2\/categories?post=28092"},{"taxonomy":"post_tag","embeddable":true,"href":"https:\/\/acontecenafronteira.com.br\/index.php\/wp-json\/wp\/v2\/tags?post=28092"}],"curies":[{"name":"wp","href":"https:\/\/api.w.org\/{rel}","templated":true}]}}