{"id":28081,"date":"2026-01-23T14:18:53","date_gmt":"2026-01-23T17:18:53","guid":{"rendered":"https:\/\/acontecenafronteira.com.br\/?p=28081"},"modified":"2026-01-23T14:18:54","modified_gmt":"2026-01-23T17:18:54","slug":"operacao-integrada-inibe-pedagio-no-acesso-do-jardim-jupira-para-br-277-e-ponte-da-amizade","status":"publish","type":"post","link":"https:\/\/acontecenafronteira.com.br\/index.php\/2026\/01\/23\/operacao-integrada-inibe-pedagio-no-acesso-do-jardim-jupira-para-br-277-e-ponte-da-amizade\/","title":{"rendered":"Opera\u00e7\u00e3o integrada inibe \u201cped\u00e1gio\u201d no acesso do Jardim Jupira para BR-277 e Ponte da Amizade"},"content":{"rendered":"\n<p>Nesta quinta-feira (22), equipes do Foztrans e da Guarda Municipal realizaram uma opera\u00e7\u00e3o integrada na Rua Carlos Sotto Maior, em Foz do Igua\u00e7u. A via \u00e9 um ponto estrat\u00e9gico de liga\u00e7\u00e3o entre o Jardim Jupira, o Centro da cidade, a BR-277 e a Ponte Internacional da Amizade, concentrando grande volume de ve\u00edculos diariamente.<\/p>\n\n\n\n<p>A a\u00e7\u00e3o ocorreu em sistema de revezamento. As equipes realizaram patrulhamento, priorizando a\u00e7\u00f5es educativas, orienta\u00e7\u00e3o aos motoristas e fiscaliza\u00e7\u00e3o preventiva. O local ganhou repercuss\u00e3o nos \u00faltimos dias em virtude de pessoas que estavam realizando uma esp\u00e9cie de \u201cped\u00e1gio\u201d para facilitar o acesso de ve\u00edculos. O principal ponto de aten\u00e7\u00e3o da opera\u00e7\u00e3o foi a al\u00e7a de acesso da Rua Carlos Sotto Maior \u00e0 BR-277, local de intenso fluxo de tr\u00e2nsito.<\/p>\n\n\n\n<p>De acordo com o guarda municipal de primeira classe, Carlos Alberto Cristaldo, a presen\u00e7a das equipes tem impacto direto na organiza\u00e7\u00e3o do tr\u00e1fego. \u201cUm dos principais problemas identificados \u00e9 a forma\u00e7\u00e3o de filas irregulares pr\u00f3ximas ao viaduto, causadas por paradas indevidas, tentativas de estacionamento e abordagens irregulares, inclusive com cobran\u00e7as indevidas de valores dos motoristas \u2014 principalmente turistas \u2014, o que gera insatisfa\u00e7\u00e3o, congestionamentos e uma s\u00e9rie de transtornos para quem circula pela regi\u00e3o\u201d, afirmou.<\/p>\n\n\n\n<p>O agente de tr\u00e2nsito do Foztrans, Antonio Carlos Rossin, ressaltou o esfor\u00e7o das equipes diante do alto fluxo de ve\u00edculos. \u201cTemos uma cidade inteira para acompanhar. Muitas vezes priorizando estar aqui, especialmente nos hor\u00e1rios de pico. A combina\u00e7\u00e3o entre fiscaliza\u00e7\u00e3o e a\u00e7\u00f5es educativas \u00e9 fundamental para garantir mais seguran\u00e7a e melhorar a fluidez do tr\u00e2nsito\u201d, pontua Rossin.<\/p>\n\n\n\n<p>Comerciantes da regi\u00e3o, que preferiram n\u00e3o se identificar, lamentaram a dificuldade legal de o Munic\u00edpio executar obras no local, por se tratar de uma \u00e1rea sob responsabilidade federal, mas elogiaram a opera\u00e7\u00e3o integrada. Segundo eles, a presen\u00e7a das equipes faz diferen\u00e7a no dia a dia. \u201cQuando temos fiscaliza\u00e7\u00e3o, o tr\u00e2nsito melhora substancialmente\u201d, relatou um deles.<br>Outro comerciante destacou que, enquanto n\u00e3o \u00e9 poss\u00edvel executar obras no local \u2014 que poderiam agilizar o tr\u00e2nsito e afastar aproveitadores que realizam cobran\u00e7as indevidas, coagindo motoristas \u2014, seria importante uma frequ\u00eancia maior dos \u00f3rg\u00e3os de seguran\u00e7a naquela \u00e1rea da cidade.<\/p>\n\n\n\n<p><strong>A\u00e7\u00e3o integrada<\/strong><br>O GM Cristaldo refor\u00e7ou o compromisso das equipes. \u201cNossa inten\u00e7\u00e3o \u00e9 intensificar os trabalhos de fiscaliza\u00e7\u00e3o aqui na Rua Carlos Sotto Maior, at\u00e9 que outras medidas possam ser tomadas, por iniciativa do DNIT\u201d.<br>A opera\u00e7\u00e3o refor\u00e7a o compromisso da Administra\u00e7\u00e3o Municipal em atuar de forma integrada, preventiva e educativa, respeitando os limites legais de atua\u00e7\u00e3o e buscando minimizar os impactos do tr\u00e2nsito em um dos principais corredores vi\u00e1rios de Foz do Igua\u00e7u.<\/p>\n\n\n\n<p>A diretora-superintendente do Foztrans, Aline Maicrovicz, afirmou que o \u00f3rg\u00e3o reafirma seu compromisso com a seguran\u00e7a vi\u00e1ria e informou que a fiscaliza\u00e7\u00e3o ser\u00e1 intensificada na regi\u00e3o, em parceria com a Guarda Municipal, com o objetivo de garantir a fluidez do tr\u00e2nsito e a seguran\u00e7a dos motoristas.<\/p>\n\n\n\n<p>O secret\u00e1rio de Seguran\u00e7a de Foz do Igua\u00e7u, Paulo Tinoco, destacou que \u00e9 importante ressaltar o apoio da Secretaria Municipal de Finan\u00e7as e Or\u00e7amento, que, por meio da Diretoria de Fiscaliza\u00e7\u00e3o (DIFI), deixou seus fiscais \u00e0 disposi\u00e7\u00e3o para atuar na autua\u00e7\u00e3o e fiscaliza\u00e7\u00e3o de eventuais cobran\u00e7as indevidas. Segundo ele, nesta a\u00e7\u00e3o, a atua\u00e7\u00e3o preventiva da Secretaria de Seguran\u00e7a P\u00fablica foi suficiente para inibir as irregularidades, n\u00e3o sendo necess\u00e1ria a interven\u00e7\u00e3o da equipe de fiscaliza\u00e7\u00e3o.<\/p>\n\n\n\n<p>O secret\u00e1rio tamb\u00e9m ressaltou o apoio das for\u00e7as de seguran\u00e7a. \u201cA Pol\u00edcia Militar contribuiu com equipes da ROCAM, que deram suporte \u00e0s nossas a\u00e7\u00f5es, e a Pol\u00edcia Rodovi\u00e1ria Federal disponibilizou uma viatura na BR-277 para apoiar a opera\u00e7\u00e3o. Esse trabalho refor\u00e7a, mais uma vez, a integra\u00e7\u00e3o e a coopera\u00e7\u00e3o existentes entre os nossos \u00f3rg\u00e3os\u201d.<\/p>\n\n\n\n<p><strong>Resultado<\/strong><br>A Guarda Municipal realizou 24 autua\u00e7\u00f5es diversas. Foram seis autua\u00e7\u00f5es espec\u00edficas de convers\u00e3o, contra m\u00e3o ou fila dupla.<br>No mesmo per\u00edodo a Foztrans realizou 32 abordagens, mas nenhuma apreens\u00e3o foi realizada durante a opera\u00e7\u00e3o.<br>Durante a opera\u00e7\u00e3o, nenhuma tentativa de cobran\u00e7a de \u201cped\u00e1gio\u201d irregular foi constatada.<\/p>\n\n\n\n<figure class=\"wp-block-gallery has-nested-images columns-default is-cropped wp-block-gallery-1 is-layout-flex wp-block-gallery-is-layout-flex\">\n<figure class=\"wp-block-image size-large\"><img loading=\"lazy\" decoding=\"async\" width=\"300\" height=\"169\" data-id=\"28083\" src=\"https:\/\/acontecenafronteira.com.br\/wp-content\/uploads\/2026\/01\/OPERACAO-3-1-300x169-1.jpg\" alt=\"\" class=\"wp-image-28083\"\/><\/figure>\n\n\n\n<figure class=\"wp-block-image size-large\"><img loading=\"lazy\" decoding=\"async\" width=\"300\" height=\"169\" data-id=\"28084\" src=\"https:\/\/acontecenafronteira.com.br\/wp-content\/uploads\/2026\/01\/OPERACAO-2-300x169-1.jpg\" alt=\"\" class=\"wp-image-28084\"\/><\/figure>\n\n\n\n<figure class=\"wp-block-image size-large\"><img loading=\"lazy\" decoding=\"async\" width=\"300\" height=\"169\" data-id=\"28085\" src=\"https:\/\/acontecenafronteira.com.br\/wp-content\/uploads\/2026\/01\/OPERACAO-1-1-300x169-1.jpg\" alt=\"\" class=\"wp-image-28085\"\/><\/figure>\n<\/figure>\n","protected":false},"excerpt":{"rendered":"<p>Nesta quinta-feira (22), equipes do Foztrans e da Guarda Municipal realizaram uma opera\u00e7\u00e3o integrada na Rua Carlos Sotto Maior, em Foz do Igua\u00e7u. A via \u00e9 um ponto estrat\u00e9gico de liga\u00e7\u00e3o entre o Jardim Jupira, o Centro da cidade, a BR-277 e a Ponte Internacional da Amizade, concentrando grande volume de ve\u00edculos diariamente. A a\u00e7\u00e3o [&hellip;]<\/p>\n","protected":false},"author":2,"featured_media":28082,"comment_status":"open","ping_status":"open","sticky":false,"template":"","format":"standard","meta":{"om_disable_all_campaigns":false,"_monsterinsights_skip_tracking":false,"_monsterinsights_sitenote_active":false,"_monsterinsights_sitenote_note":"","_monsterinsights_sitenote_category":0,"footnotes":""},"categories":[26,4,21,5],"tags":[],"class_list":["post-28081","post","type-post","status-publish","format-standard","has-post-thumbnail","hentry","category-brasil","category-cidade","category-fronteira","category-policia"],"_links":{"self":[{"href":"https:\/\/acontecenafronteira.com.br\/index.php\/wp-json\/wp\/v2\/posts\/28081","targetHints":{"allow":["GET"]}}],"collection":[{"href":"https:\/\/acontecenafronteira.com.br\/index.php\/wp-json\/wp\/v2\/posts"}],"about":[{"href":"https:\/\/acontecenafronteira.com.br\/index.php\/wp-json\/wp\/v2\/types\/post"}],"author":[{"embeddable":true,"href":"https:\/\/acontecenafronteira.com.br\/index.php\/wp-json\/wp\/v2\/users\/2"}],"replies":[{"embeddable":true,"href":"https:\/\/acontecenafronteira.com.br\/index.php\/wp-json\/wp\/v2\/comments?post=28081"}],"version-history":[{"count":1,"href":"https:\/\/acontecenafronteira.com.br\/index.php\/wp-json\/wp\/v2\/posts\/28081\/revisions"}],"predecessor-version":[{"id":28086,"href":"https:\/\/acontecenafronteira.com.br\/index.php\/wp-json\/wp\/v2\/posts\/28081\/revisions\/28086"}],"wp:featuredmedia":[{"embeddable":true,"href":"https:\/\/acontecenafronteira.com.br\/index.php\/wp-json\/wp\/v2\/media\/28082"}],"wp:attachment":[{"href":"https:\/\/acontecenafronteira.com.br\/index.php\/wp-json\/wp\/v2\/media?parent=28081"}],"wp:term":[{"taxonomy":"category","embeddable":true,"href":"https:\/\/acontecenafronteira.com.br\/index.php\/wp-json\/wp\/v2\/categories?post=28081"},{"taxonomy":"post_tag","embeddable":true,"href":"https:\/\/acontecenafronteira.com.br\/index.php\/wp-json\/wp\/v2\/tags?post=28081"}],"curies":[{"name":"wp","href":"https:\/\/api.w.org\/{rel}","templated":true}]}}