{"id":28075,"date":"2026-01-23T13:47:39","date_gmt":"2026-01-23T16:47:39","guid":{"rendered":"https:\/\/acontecenafronteira.com.br\/?p=28075"},"modified":"2026-01-23T13:47:40","modified_gmt":"2026-01-23T16:47:40","slug":"receita-federal-de-foz-do-iguacu-retem-mais-de-1-milhao-e-meio-de-reais-em-mercadorias-contrabandeadas-na-ponte-internacional-da-amizade","status":"publish","type":"post","link":"https:\/\/acontecenafronteira.com.br\/index.php\/2026\/01\/23\/receita-federal-de-foz-do-iguacu-retem-mais-de-1-milhao-e-meio-de-reais-em-mercadorias-contrabandeadas-na-ponte-internacional-da-amizade\/","title":{"rendered":"Receita Federal de Foz do Igua\u00e7u ret\u00e9m mais de 1 milh\u00e3o e meio de reais em mercadorias contrabandeadas na Ponte Internacional da Amizade"},"content":{"rendered":"\n<p><strong><em>Dentre as mercadorias tamb\u00e9m foram encontradas 500 ampolas de TG<\/em><\/strong><\/p>\n\n\n\n<p>Em uma abordagem de rotina realizada na madrugada de sexta-feira (23\/01), por volta das 2h, servidores da Receita Federal, com apoio da For\u00e7a Nacional, abordaram um cidad\u00e3o paraguaio que conduzia uma van com placas do Paraguai na Ponte Internacional da Amizade.<\/p>\n\n\n\n<p>O motorista estava sozinho no ve\u00edculo e obedeceu \u00e0 ordem de parada. Durante a fiscaliza\u00e7\u00e3o, foi constatado que ele transportava aproximadamente US$300 mil em mercadorias contrabandeadas, valor equivalente a cerca de R$1.586.250,00.<\/p>\n\n\n\n<p>Segundo informa\u00e7\u00f5es repassadas aos servidores, as mercadorias seriam deixadas na Vila Portes, e o condutor receberia R$500,00 pelo transporte.<\/p>\n\n\n\n<p>Entre os itens retidos estavam cerca de 8 mil cigarros eletr\u00f4nicos, mil aparelhos celulares, 500 ampolas de TG e 120 rel\u00f3gios Apple Watch.<\/p>\n\n\n\n<p>O condutor foi encaminhado \u00e0 Pol\u00edcia Federal para a ado\u00e7\u00e3o das medidas cab\u00edveis.<\/p>\n\n\n\n<p>A Receita Federal refor\u00e7a que a entrada de mercadorias estrangeiras sem a devida regulariza\u00e7\u00e3o fiscal configura crime e pode resultar na apreens\u00e3o dos bens e em penalidades aos respons\u00e1veis. A institui\u00e7\u00e3o destaca seu compromisso no combate ao tr\u00e1fico, contrabando e descaminho em prol da seguran\u00e7a nacional, em alinhamento com sua miss\u00e3o institucional.<\/p>\n\n\n\n<p>Den\u00fancias podem ser feitas de forma an\u00f4nima pelos n\u00fameros (45) 9 9134-0100 e (45) 9 9152-2036.<\/p>\n\n\n\n<p>Assessoria de Comunica\u00e7\u00e3o da Alf\u00e2ndega da Receita Federal em Foz do Igua\u00e7u<\/p>\n\n\n\n<figure class=\"wp-block-gallery has-nested-images columns-default is-cropped wp-block-gallery-1 is-layout-flex wp-block-gallery-is-layout-flex\">\n<figure class=\"wp-block-image size-large\"><img loading=\"lazy\" decoding=\"async\" width=\"768\" height=\"1024\" data-id=\"28076\" src=\"https:\/\/acontecenafronteira.com.br\/wp-content\/uploads\/2026\/01\/WhatsApp-Image-2026-01-23-at-10.04.39-768x1024.jpeg?v=1769186840\" alt=\"\" class=\"wp-image-28076\" srcset=\"https:\/\/acontecenafronteira.com.br\/wp-content\/uploads\/2026\/01\/WhatsApp-Image-2026-01-23-at-10.04.39-768x1024.jpeg?v=1769186840 768w, https:\/\/acontecenafronteira.com.br\/wp-content\/uploads\/2026\/01\/WhatsApp-Image-2026-01-23-at-10.04.39-225x300.jpeg?v=1769186840 225w, https:\/\/acontecenafronteira.com.br\/wp-content\/uploads\/2026\/01\/WhatsApp-Image-2026-01-23-at-10.04.39-1152x1536.jpeg?v=1769186840 1152w, https:\/\/acontecenafronteira.com.br\/wp-content\/uploads\/2026\/01\/WhatsApp-Image-2026-01-23-at-10.04.39.jpeg?v=1769186840 1200w\" sizes=\"auto, (max-width: 768px) 100vw, 768px\" \/><\/figure>\n\n\n\n<figure class=\"wp-block-image size-large\"><img loading=\"lazy\" decoding=\"async\" width=\"768\" height=\"1024\" data-id=\"28078\" src=\"https:\/\/acontecenafronteira.com.br\/wp-content\/uploads\/2026\/01\/WhatsApp-Image-2026-01-23-at-10.04.38-768x1024.jpeg?v=1769186841\" alt=\"\" class=\"wp-image-28078\" srcset=\"https:\/\/acontecenafronteira.com.br\/wp-content\/uploads\/2026\/01\/WhatsApp-Image-2026-01-23-at-10.04.38-768x1024.jpeg?v=1769186841 768w, https:\/\/acontecenafronteira.com.br\/wp-content\/uploads\/2026\/01\/WhatsApp-Image-2026-01-23-at-10.04.38-225x300.jpeg?v=1769186841 225w, https:\/\/acontecenafronteira.com.br\/wp-content\/uploads\/2026\/01\/WhatsApp-Image-2026-01-23-at-10.04.38-1152x1536.jpeg?v=1769186841 1152w, https:\/\/acontecenafronteira.com.br\/wp-content\/uploads\/2026\/01\/WhatsApp-Image-2026-01-23-at-10.04.38.jpeg?v=1769186841 1200w\" sizes=\"auto, (max-width: 768px) 100vw, 768px\" \/><\/figure>\n\n\n\n<figure class=\"wp-block-image size-large\"><img loading=\"lazy\" decoding=\"async\" width=\"768\" height=\"1024\" data-id=\"28077\" src=\"https:\/\/acontecenafronteira.com.br\/wp-content\/uploads\/2026\/01\/WhatsApp-Image-2026-01-23-at-10.04.37-768x1024.jpeg?v=1769186841\" alt=\"\" class=\"wp-image-28077\" srcset=\"https:\/\/acontecenafronteira.com.br\/wp-content\/uploads\/2026\/01\/WhatsApp-Image-2026-01-23-at-10.04.37-768x1024.jpeg?v=1769186841 768w, https:\/\/acontecenafronteira.com.br\/wp-content\/uploads\/2026\/01\/WhatsApp-Image-2026-01-23-at-10.04.37-225x300.jpeg?v=1769186841 225w, https:\/\/acontecenafronteira.com.br\/wp-content\/uploads\/2026\/01\/WhatsApp-Image-2026-01-23-at-10.04.37-1152x1536.jpeg?v=1769186841 1152w, https:\/\/acontecenafronteira.com.br\/wp-content\/uploads\/2026\/01\/WhatsApp-Image-2026-01-23-at-10.04.37.jpeg?v=1769186841 1200w\" sizes=\"auto, (max-width: 768px) 100vw, 768px\" \/><\/figure>\n<\/figure>\n\n\n\n<figure class=\"wp-block-video\"><video height=\"848\" style=\"aspect-ratio: 480 \/ 848;\" width=\"480\" controls src=\"https:\/\/acontecenafronteira.com.br\/wp-content\/uploads\/2026\/01\/WhatsApp-Video-2026-01-23-at-10.04.37.mp4\"><\/video><\/figure>\n","protected":false},"excerpt":{"rendered":"<p>Dentre as mercadorias tamb\u00e9m foram encontradas 500 ampolas de TG Em uma abordagem de rotina realizada na madrugada de sexta-feira (23\/01), por volta das 2h, servidores da Receita Federal, com apoio da For\u00e7a Nacional, abordaram um cidad\u00e3o paraguaio que conduzia uma van com placas do Paraguai na Ponte Internacional da Amizade. O motorista estava sozinho [&hellip;]<\/p>\n","protected":false},"author":2,"featured_media":28077,"comment_status":"open","ping_status":"open","sticky":false,"template":"","format":"standard","meta":{"om_disable_all_campaigns":false,"_monsterinsights_skip_tracking":false,"_monsterinsights_sitenote_active":false,"_monsterinsights_sitenote_note":"","_monsterinsights_sitenote_category":0,"footnotes":""},"categories":[26,4,21],"tags":[],"class_list":["post-28075","post","type-post","status-publish","format-standard","has-post-thumbnail","hentry","category-brasil","category-cidade","category-fronteira"],"_links":{"self":[{"href":"https:\/\/acontecenafronteira.com.br\/index.php\/wp-json\/wp\/v2\/posts\/28075","targetHints":{"allow":["GET"]}}],"collection":[{"href":"https:\/\/acontecenafronteira.com.br\/index.php\/wp-json\/wp\/v2\/posts"}],"about":[{"href":"https:\/\/acontecenafronteira.com.br\/index.php\/wp-json\/wp\/v2\/types\/post"}],"author":[{"embeddable":true,"href":"https:\/\/acontecenafronteira.com.br\/index.php\/wp-json\/wp\/v2\/users\/2"}],"replies":[{"embeddable":true,"href":"https:\/\/acontecenafronteira.com.br\/index.php\/wp-json\/wp\/v2\/comments?post=28075"}],"version-history":[{"count":1,"href":"https:\/\/acontecenafronteira.com.br\/index.php\/wp-json\/wp\/v2\/posts\/28075\/revisions"}],"predecessor-version":[{"id":28080,"href":"https:\/\/acontecenafronteira.com.br\/index.php\/wp-json\/wp\/v2\/posts\/28075\/revisions\/28080"}],"wp:featuredmedia":[{"embeddable":true,"href":"https:\/\/acontecenafronteira.com.br\/index.php\/wp-json\/wp\/v2\/media\/28077"}],"wp:attachment":[{"href":"https:\/\/acontecenafronteira.com.br\/index.php\/wp-json\/wp\/v2\/media?parent=28075"}],"wp:term":[{"taxonomy":"category","embeddable":true,"href":"https:\/\/acontecenafronteira.com.br\/index.php\/wp-json\/wp\/v2\/categories?post=28075"},{"taxonomy":"post_tag","embeddable":true,"href":"https:\/\/acontecenafronteira.com.br\/index.php\/wp-json\/wp\/v2\/tags?post=28075"}],"curies":[{"name":"wp","href":"https:\/\/api.w.org\/{rel}","templated":true}]}}