{"id":28072,"date":"2026-01-23T13:40:35","date_gmt":"2026-01-23T16:40:35","guid":{"rendered":"https:\/\/acontecenafronteira.com.br\/?p=28072"},"modified":"2026-01-23T13:40:36","modified_gmt":"2026-01-23T16:40:36","slug":"projeto-mantido-pela-itaipu-conquista-reconhecimento-internacional","status":"publish","type":"post","link":"https:\/\/acontecenafronteira.com.br\/index.php\/2026\/01\/23\/projeto-mantido-pela-itaipu-conquista-reconhecimento-internacional\/","title":{"rendered":"Projeto mantido pela Itaipu conquista reconhecimento internacional"},"content":{"rendered":"\n<p><em>Trilha Jovem \u00e9 realizado por meio de conv\u00eanio com o Instituto Polo Iguassu<\/em><\/p>\n\n\n\n<p>O Projeto Trilha Jovem, realizado em Foz do Igua\u00e7u (PR) por meio de conv\u00eanio entre a Itaipu Binacional e o Instituto Polo Internacional Iguassu, conquistou o pr\u00eamio Reconhecimento \u00e0 Coopera\u00e7\u00e3o Tur\u00edstica Internacional 2025, concedido pela Asicotur \u2013 Asociaci\u00f3n Internacional para la Cooperaci\u00f3n y el Desarrollo Tur\u00edsticos, da Espanha. A premia\u00e7\u00e3o \u00e9 oferecida anualmente a projetos, entidades e profissionais que se destacam por promover impactos positivos no turismo e no desenvolvimento dos territ\u00f3rios.<\/p>\n\n\n\n<p>A homenagem foi anunciada em dezembro, durante cerim\u00f4nia realizada em La Coru\u00f1a, na Espanha, e a entrega oficial do certificado ao Instituto Polo Internacional Iguassu ocorreu nesta quinta-feira (22), no segundo dia da Feira Internacional do Turismo (Fitur), que acontece em Madri.<\/p>\n\n\n\n<p>O Trilha Jovem foi reconhecido na categoria Projeto, ap\u00f3s avalia\u00e7\u00e3o de um comit\u00ea internacional. A premia\u00e7\u00e3o destaca o trabalho desenvolvido pelo projeto na forma\u00e7\u00e3o t\u00e9cnica e inclus\u00e3o social de jovens da regi\u00e3o Trinacional do Igua\u00e7u, bem como seu impacto transfronteiri\u00e7o no Brasil, Paraguai e Argentina.<\/p>\n\n\n\n<p>Al\u00e9m do Trilha Jovem, foram reconhecidas iniciativas desenvolvidas em Portugal, Espanha, Israel, Estados Unidos, Bol\u00edvia, Peru, Equador, Uruguai, S\u00e3o Tom\u00e9 e Pr\u00edncipe, Costa Rica, Col\u00f4mbia e Filipinas \u2013 entre outros pa\u00edses.<\/p>\n\n\n\n<figure class=\"wp-block-image\"><img decoding=\"async\" src=\"https:\/\/www.itaipu.gov.br\/wp-content\/uploads\/2026\/01\/20230817DIV-1.jpg\" alt=\"\" class=\"wp-image-61900\"\/><figcaption class=\"wp-element-caption\">Foto: Divulga\u00e7\u00e3o\/Polo Iguassu.<\/figcaption><\/figure>\n\n\n\n<p><strong>Impacto social<\/strong><\/p>\n\n\n\n<p>Desenvolvido por meio de conv\u00eanio entre Itaipu e Instituto Polo Internacional Iguassu, o Projeto Trilha Jovem atende jovens de 16 a 24 anos, promovendo forma\u00e7\u00e3o t\u00e9cnica, desenvolvimento humano e prepara\u00e7\u00e3o para o mundo do trabalho. A atua\u00e7\u00e3o do projeto contribui diretamente para o fortalecimento das comunidades locais e para a integra\u00e7\u00e3o regional na Tr\u00edplice Fronteira, alinhando educa\u00e7\u00e3o, inclus\u00e3o social e coopera\u00e7\u00e3o internacional. A parceria existe desde 2012 e j\u00e1 beneficiou mais de 2.000 trilheiros.<\/p>\n\n\n\n<p>De acordo com a Asicotur, o reconhecimento refor\u00e7a a relev\u00e2ncia do Trilha Jovem como refer\u00eancia em coopera\u00e7\u00e3o transfronteiri\u00e7a e desenvolvimento juvenil, alinhado a princ\u00edpios internacionais de inclus\u00e3o e sustentabilidade.<\/p>\n\n\n\n<p>Para o assessor de Responsabilidade Social de Itaipu, Eduardo Augusto Scirea, o reconhecimento demonstra que a a\u00e7\u00e3o est\u00e1 atingindo seu objetivo principal que \u00e9 de ser relevante para o desenvolvimento de jovens que desejam acessar o mercado de trabalho. \u201cMais do que preparar profissionais, o Trilha Jovem tem promovido desenvolvimento pessoal desses jovens\u201d, destaca Scirea.<\/p>\n\n\n\n<p>Fotos: Divulga\u00e7\u00e3o\/Polo Iguassu<br><\/p>\n","protected":false},"excerpt":{"rendered":"<p>Trilha Jovem \u00e9 realizado por meio de conv\u00eanio com o Instituto Polo Iguassu O Projeto Trilha Jovem, realizado em Foz do Igua\u00e7u (PR) por meio de conv\u00eanio entre a Itaipu Binacional e o Instituto Polo Internacional Iguassu, conquistou o pr\u00eamio Reconhecimento \u00e0 Coopera\u00e7\u00e3o Tur\u00edstica Internacional 2025, concedido pela Asicotur \u2013 Asociaci\u00f3n Internacional para la Cooperaci\u00f3n [&hellip;]<\/p>\n","protected":false},"author":2,"featured_media":28073,"comment_status":"open","ping_status":"open","sticky":false,"template":"","format":"standard","meta":{"om_disable_all_campaigns":false,"_monsterinsights_skip_tracking":false,"_monsterinsights_sitenote_active":false,"_monsterinsights_sitenote_note":"","_monsterinsights_sitenote_category":0,"footnotes":""},"categories":[26,4,11],"tags":[],"class_list":["post-28072","post","type-post","status-publish","format-standard","has-post-thumbnail","hentry","category-brasil","category-cidade","category-itaipu"],"_links":{"self":[{"href":"https:\/\/acontecenafronteira.com.br\/index.php\/wp-json\/wp\/v2\/posts\/28072","targetHints":{"allow":["GET"]}}],"collection":[{"href":"https:\/\/acontecenafronteira.com.br\/index.php\/wp-json\/wp\/v2\/posts"}],"about":[{"href":"https:\/\/acontecenafronteira.com.br\/index.php\/wp-json\/wp\/v2\/types\/post"}],"author":[{"embeddable":true,"href":"https:\/\/acontecenafronteira.com.br\/index.php\/wp-json\/wp\/v2\/users\/2"}],"replies":[{"embeddable":true,"href":"https:\/\/acontecenafronteira.com.br\/index.php\/wp-json\/wp\/v2\/comments?post=28072"}],"version-history":[{"count":1,"href":"https:\/\/acontecenafronteira.com.br\/index.php\/wp-json\/wp\/v2\/posts\/28072\/revisions"}],"predecessor-version":[{"id":28074,"href":"https:\/\/acontecenafronteira.com.br\/index.php\/wp-json\/wp\/v2\/posts\/28072\/revisions\/28074"}],"wp:featuredmedia":[{"embeddable":true,"href":"https:\/\/acontecenafronteira.com.br\/index.php\/wp-json\/wp\/v2\/media\/28073"}],"wp:attachment":[{"href":"https:\/\/acontecenafronteira.com.br\/index.php\/wp-json\/wp\/v2\/media?parent=28072"}],"wp:term":[{"taxonomy":"category","embeddable":true,"href":"https:\/\/acontecenafronteira.com.br\/index.php\/wp-json\/wp\/v2\/categories?post=28072"},{"taxonomy":"post_tag","embeddable":true,"href":"https:\/\/acontecenafronteira.com.br\/index.php\/wp-json\/wp\/v2\/tags?post=28072"}],"curies":[{"name":"wp","href":"https:\/\/api.w.org\/{rel}","templated":true}]}}