{"id":28033,"date":"2026-01-21T17:37:53","date_gmt":"2026-01-21T20:37:53","guid":{"rendered":"https:\/\/acontecenafronteira.com.br\/?p=28033"},"modified":"2026-01-21T17:37:54","modified_gmt":"2026-01-21T20:37:54","slug":"mulher-se-joga-de-carro-em-movimento-com-filho-no-colo-apos-agressoes","status":"publish","type":"post","link":"https:\/\/acontecenafronteira.com.br\/index.php\/2026\/01\/21\/mulher-se-joga-de-carro-em-movimento-com-filho-no-colo-apos-agressoes\/","title":{"rendered":"Mulher se joga de carro em movimento com filho no colo ap\u00f3s agress\u00f5es"},"content":{"rendered":"\n<p><strong><em>V\u00edtima de 19 anos ficou ferida e relatou amea\u00e7as e agress\u00f5es do namorado durante discuss\u00e3o no ve\u00edculo. Crian\u00e7a n\u00e3o se feriu.<br><\/em><\/strong><\/p>\n\n\n\n<p>Uma jovem de 19 anos ficou ferida ap\u00f3s pular de um carro em movimento com o filho de um ano no colo, em\u00a0Cascavel. Segundo a Guarda Municipal, a mulher tentou escapar de agress\u00f5es cometidas pelo namorado, de 20 anos, durante uma discuss\u00e3o dentro do ve\u00edculo. A crian\u00e7a n\u00e3o se feriu.<\/p>\n\n\n\n<p>De acordo com o relato da v\u00edtima, a briga come\u00e7ou por causa do uso da cadeirinha. Durante a discuss\u00e3o, o homem teria passado a xing\u00e1-la, amea\u00e7\u00e1-la e, em seguida, desferir socos. Assustada, a mulher puxou o freio de m\u00e3o e se jogou do carro com o filho.<\/p>\n\n\n\n<p>O carro n\u00e3o parou totalmente e, com a queda, ela sofreu ferimentos nos joelhos e teve um dos p\u00e9s atingido pela roda do ve\u00edculo. O suspeito fugiu ap\u00f3s o ocorrido e n\u00e3o foi localizado durante as buscas feitas pelas equipes.<\/p>\n\n\n\n<p>A v\u00edtima recebeu orienta\u00e7\u00e3o para registrar boletim de ocorr\u00eancia na delegacia e solicitar medida protetiva. Ela tamb\u00e9m ser\u00e1 acompanhada pela Patrulha Maria da Penha.<\/p>\n\n\n\n<p>Segundo a delegada Raisa Scariot, a v\u00edtima procurou a Delegacia da Mulher em Cascavel e solicitou medida protetiva contra o namorado.<\/p>\n","protected":false},"excerpt":{"rendered":"<p>V\u00edtima de 19 anos ficou ferida e relatou amea\u00e7as e agress\u00f5es do namorado durante discuss\u00e3o no ve\u00edculo. Crian\u00e7a n\u00e3o se feriu. Uma jovem de 19 anos ficou ferida ap\u00f3s pular de um carro em movimento com o filho de um ano no colo, em\u00a0Cascavel. Segundo a Guarda Municipal, a mulher tentou escapar de agress\u00f5es cometidas [&hellip;]<\/p>\n","protected":false},"author":2,"featured_media":28034,"comment_status":"open","ping_status":"open","sticky":false,"template":"","format":"standard","meta":{"om_disable_all_campaigns":false,"_monsterinsights_skip_tracking":false,"_monsterinsights_sitenote_active":false,"_monsterinsights_sitenote_note":"","_monsterinsights_sitenote_category":0,"footnotes":""},"categories":[26,21,5],"tags":[],"class_list":["post-28033","post","type-post","status-publish","format-standard","has-post-thumbnail","hentry","category-brasil","category-fronteira","category-policia"],"_links":{"self":[{"href":"https:\/\/acontecenafronteira.com.br\/index.php\/wp-json\/wp\/v2\/posts\/28033","targetHints":{"allow":["GET"]}}],"collection":[{"href":"https:\/\/acontecenafronteira.com.br\/index.php\/wp-json\/wp\/v2\/posts"}],"about":[{"href":"https:\/\/acontecenafronteira.com.br\/index.php\/wp-json\/wp\/v2\/types\/post"}],"author":[{"embeddable":true,"href":"https:\/\/acontecenafronteira.com.br\/index.php\/wp-json\/wp\/v2\/users\/2"}],"replies":[{"embeddable":true,"href":"https:\/\/acontecenafronteira.com.br\/index.php\/wp-json\/wp\/v2\/comments?post=28033"}],"version-history":[{"count":1,"href":"https:\/\/acontecenafronteira.com.br\/index.php\/wp-json\/wp\/v2\/posts\/28033\/revisions"}],"predecessor-version":[{"id":28035,"href":"https:\/\/acontecenafronteira.com.br\/index.php\/wp-json\/wp\/v2\/posts\/28033\/revisions\/28035"}],"wp:featuredmedia":[{"embeddable":true,"href":"https:\/\/acontecenafronteira.com.br\/index.php\/wp-json\/wp\/v2\/media\/28034"}],"wp:attachment":[{"href":"https:\/\/acontecenafronteira.com.br\/index.php\/wp-json\/wp\/v2\/media?parent=28033"}],"wp:term":[{"taxonomy":"category","embeddable":true,"href":"https:\/\/acontecenafronteira.com.br\/index.php\/wp-json\/wp\/v2\/categories?post=28033"},{"taxonomy":"post_tag","embeddable":true,"href":"https:\/\/acontecenafronteira.com.br\/index.php\/wp-json\/wp\/v2\/tags?post=28033"}],"curies":[{"name":"wp","href":"https:\/\/api.w.org\/{rel}","templated":true}]}}