{"id":28028,"date":"2026-01-21T14:25:57","date_gmt":"2026-01-21T17:25:57","guid":{"rendered":"https:\/\/acontecenafronteira.com.br\/?p=28028"},"modified":"2026-01-21T14:25:58","modified_gmt":"2026-01-21T17:25:58","slug":"receita-federal-retem-mais-de-350-kg-de-substancia-analoga-a-maconha-e-21-kg-de-haxixe","status":"publish","type":"post","link":"https:\/\/acontecenafronteira.com.br\/index.php\/2026\/01\/21\/receita-federal-retem-mais-de-350-kg-de-substancia-analoga-a-maconha-e-21-kg-de-haxixe\/","title":{"rendered":"Receita Federal ret\u00e9m mais de 350 kg de subst\u00e2ncia an\u00e1loga \u00e0 maconha e 2,1 kg de haxixe"},"content":{"rendered":"\n<p><strong><em>Drogas eram transportadas em fundo falso em ve\u00edculos, com placas do Paraguai<\/em><\/strong><\/p>\n\n\n\n<p>Entre os dias 20 e 21 de janeiro, servidores da Receita Federal efetuaram a reten\u00e7\u00e3o de 368 kg de subst\u00e2ncia an\u00e1loga \u00e0 maconha, al\u00e9m de 2,1 kg de haxixe, na Aduana da Ponte Internacional da Amizade, na fronteira entre o Brasil e o Paraguai.<\/p>\n\n\n\n<p>A primeira reten\u00e7\u00e3o ocorreu na noite do dia 20 ter\u00e7a-feira, durante fiscaliza\u00e7\u00e3o de rotina, quando um ve\u00edculo, com placas do Paraguai, foi abordado. Durante a inspe\u00e7\u00e3o, foram encontrados 130 kg da subst\u00e2ncia an\u00e1loga \u00e0 maconha e 2,1 kg de haxixe ocultos em fundos falsos nos bancos do ve\u00edculo. O respons\u00e1vel pela droga, um homem de nacionalidade argentina, foi encaminhado \u00e0 Delegacia da Pol\u00edcia Federal para a realiza\u00e7\u00e3o dos procedimentos legais.<\/p>\n\n\n\n<p>A segunda ocorr\u00eancia aconteceu por volta das 6 horas desta quarta-feira, 21\/1,&nbsp; tamb\u00e9m durante fiscaliza\u00e7\u00e3o de rotina. Um ve\u00edculo utilit\u00e1rio, igualmente com placas do Paraguai, foi abordado para inspe\u00e7\u00e3o. Durante a a\u00e7\u00e3o, foram identificados 238 kg da droga escondidos em um fundo falso na carroceria do autom\u00f3vel.<\/p>\n\n\n\n<p>Enquanto o motorista respons\u00e1vel pela droga era detido, o passageiro que o acompanhava evadiu-se do local, seguindo em dire\u00e7\u00e3o ao lado paraguaio da fronteira. O ve\u00edculo, a droga e o motorista, tamb\u00e9m foram encaminhados para a Pol\u00edcia Federal.<\/p>\n\n\n\n<p>A Receita Federal destaca seu compromisso no combate ao tr\u00e1fico de drogas, contrabando e descaminho, em prol da seguran\u00e7a nacional, em alinhamento com sua miss\u00e3o institucional. Den\u00fancias podem ser feitas de forma an\u00f4nima pelos n\u00fameros (45) 9 9134-0100 e (45) 9 9152-2036.<\/p>\n\n\n\n<p>Assessoria de Comunica\u00e7\u00e3o da Alf\u00e2ndega da Receita Federal em Foz do Igua\u00e7u<\/p>\n\n\n\n<figure class=\"wp-block-gallery has-nested-images columns-default is-cropped wp-block-gallery-1 is-layout-flex wp-block-gallery-is-layout-flex\">\n<figure class=\"wp-block-image size-large\"><img loading=\"lazy\" decoding=\"async\" width=\"1024\" height=\"576\" data-id=\"28029\" src=\"https:\/\/acontecenafronteira.com.br\/wp-content\/uploads\/2026\/01\/WhatsApp-Image-2026-01-21-at-09.41.29-1-1024x576.jpeg?v=1769016330\" alt=\"\" class=\"wp-image-28029\" srcset=\"https:\/\/acontecenafronteira.com.br\/wp-content\/uploads\/2026\/01\/WhatsApp-Image-2026-01-21-at-09.41.29-1-1024x576.jpeg?v=1769016330 1024w, https:\/\/acontecenafronteira.com.br\/wp-content\/uploads\/2026\/01\/WhatsApp-Image-2026-01-21-at-09.41.29-1-300x169.jpeg?v=1769016330 300w, https:\/\/acontecenafronteira.com.br\/wp-content\/uploads\/2026\/01\/WhatsApp-Image-2026-01-21-at-09.41.29-1-768x432.jpeg?v=1769016330 768w, https:\/\/acontecenafronteira.com.br\/wp-content\/uploads\/2026\/01\/WhatsApp-Image-2026-01-21-at-09.41.29-1.jpeg?v=1769016330 1280w\" sizes=\"auto, (max-width: 1024px) 100vw, 1024px\" \/><\/figure>\n\n\n\n<figure class=\"wp-block-image size-large\"><img loading=\"lazy\" decoding=\"async\" width=\"1024\" height=\"768\" data-id=\"28030\" src=\"https:\/\/acontecenafronteira.com.br\/wp-content\/uploads\/2026\/01\/WhatsApp-Image-2026-01-21-at-09.41.29-1024x768.jpeg?v=1769016330\" alt=\"\" class=\"wp-image-28030\" srcset=\"https:\/\/acontecenafronteira.com.br\/wp-content\/uploads\/2026\/01\/WhatsApp-Image-2026-01-21-at-09.41.29-1024x768.jpeg?v=1769016330 1024w, https:\/\/acontecenafronteira.com.br\/wp-content\/uploads\/2026\/01\/WhatsApp-Image-2026-01-21-at-09.41.29-300x225.jpeg?v=1769016330 300w, https:\/\/acontecenafronteira.com.br\/wp-content\/uploads\/2026\/01\/WhatsApp-Image-2026-01-21-at-09.41.29-768x576.jpeg?v=1769016330 768w, https:\/\/acontecenafronteira.com.br\/wp-content\/uploads\/2026\/01\/WhatsApp-Image-2026-01-21-at-09.41.29.jpeg?v=1769016330 1280w\" sizes=\"auto, (max-width: 1024px) 100vw, 1024px\" \/><\/figure>\n<\/figure>\n\n\n\n<figure class=\"wp-block-video\"><video height=\"848\" style=\"aspect-ratio: 480 \/ 848;\" width=\"480\" controls src=\"https:\/\/acontecenafronteira.com.br\/wp-content\/uploads\/2026\/01\/WhatsApp-Video-2026-01-21-at-09.41.29.mp4\"><\/video><\/figure>\n","protected":false},"excerpt":{"rendered":"<p>Drogas eram transportadas em fundo falso em ve\u00edculos, com placas do Paraguai Entre os dias 20 e 21 de janeiro, servidores da Receita Federal efetuaram a reten\u00e7\u00e3o de 368 kg de subst\u00e2ncia an\u00e1loga \u00e0 maconha, al\u00e9m de 2,1 kg de haxixe, na Aduana da Ponte Internacional da Amizade, na fronteira entre o Brasil e o [&hellip;]<\/p>\n","protected":false},"author":2,"featured_media":28029,"comment_status":"open","ping_status":"open","sticky":false,"template":"","format":"standard","meta":{"om_disable_all_campaigns":false,"_monsterinsights_skip_tracking":false,"_monsterinsights_sitenote_active":false,"_monsterinsights_sitenote_note":"","_monsterinsights_sitenote_category":0,"footnotes":""},"categories":[26,4,5],"tags":[],"class_list":["post-28028","post","type-post","status-publish","format-standard","has-post-thumbnail","hentry","category-brasil","category-cidade","category-policia"],"_links":{"self":[{"href":"https:\/\/acontecenafronteira.com.br\/index.php\/wp-json\/wp\/v2\/posts\/28028","targetHints":{"allow":["GET"]}}],"collection":[{"href":"https:\/\/acontecenafronteira.com.br\/index.php\/wp-json\/wp\/v2\/posts"}],"about":[{"href":"https:\/\/acontecenafronteira.com.br\/index.php\/wp-json\/wp\/v2\/types\/post"}],"author":[{"embeddable":true,"href":"https:\/\/acontecenafronteira.com.br\/index.php\/wp-json\/wp\/v2\/users\/2"}],"replies":[{"embeddable":true,"href":"https:\/\/acontecenafronteira.com.br\/index.php\/wp-json\/wp\/v2\/comments?post=28028"}],"version-history":[{"count":1,"href":"https:\/\/acontecenafronteira.com.br\/index.php\/wp-json\/wp\/v2\/posts\/28028\/revisions"}],"predecessor-version":[{"id":28032,"href":"https:\/\/acontecenafronteira.com.br\/index.php\/wp-json\/wp\/v2\/posts\/28028\/revisions\/28032"}],"wp:featuredmedia":[{"embeddable":true,"href":"https:\/\/acontecenafronteira.com.br\/index.php\/wp-json\/wp\/v2\/media\/28029"}],"wp:attachment":[{"href":"https:\/\/acontecenafronteira.com.br\/index.php\/wp-json\/wp\/v2\/media?parent=28028"}],"wp:term":[{"taxonomy":"category","embeddable":true,"href":"https:\/\/acontecenafronteira.com.br\/index.php\/wp-json\/wp\/v2\/categories?post=28028"},{"taxonomy":"post_tag","embeddable":true,"href":"https:\/\/acontecenafronteira.com.br\/index.php\/wp-json\/wp\/v2\/tags?post=28028"}],"curies":[{"name":"wp","href":"https:\/\/api.w.org\/{rel}","templated":true}]}}