{"id":28025,"date":"2026-01-21T14:15:56","date_gmt":"2026-01-21T17:15:56","guid":{"rendered":"https:\/\/acontecenafronteira.com.br\/?p=28025"},"modified":"2026-01-21T14:15:58","modified_gmt":"2026-01-21T17:15:58","slug":"ministro-da-educacao-destaca-parceria-da-itaipu-em-visita-as-obras-da-unila","status":"publish","type":"post","link":"https:\/\/acontecenafronteira.com.br\/index.php\/2026\/01\/21\/ministro-da-educacao-destaca-parceria-da-itaipu-em-visita-as-obras-da-unila\/","title":{"rendered":"Ministro da Educa\u00e7\u00e3o destaca parceria da Itaipu em visita \u00e0s obras da Unila"},"content":{"rendered":"\n<p>Fotos: William Brisida\/Itaipu Binacional.<br><\/p>\n\n\n\n<p><em>Declara\u00e7\u00e3o de Camilo Santana ocorreu nesta ter\u00e7a-feira (20) durante visita t\u00e9cnica ao projeto financiado pela Itaipu<\/em><\/p>\n\n\n\n<p>O ministro da Educa\u00e7\u00e3o, Camilo Santana, visitou nesta ter\u00e7a-feira (20) o canteiro de obras do Campus Arandu da Universidade Federal da Integra\u00e7\u00e3o Latino-Americana (Unila), financiado pela Itaipu Binacional, em Foz do Igua\u00e7u (PR). A agenda incluiu vistoria aos tr\u00eas edif\u00edcios em constru\u00e7\u00e3o \u2014 restaurante universit\u00e1rio e biblioteca, bloco de salas de aula e torre administrativa \u2014 que est\u00e3o com execu\u00e7\u00e3o acelerada gra\u00e7as ao acordo de coopera\u00e7\u00e3o entre Itaipu e o Escrit\u00f3rio das Na\u00e7\u00f5es Unidas de Servi\u00e7os para Projetos (Unops).<\/p>\n\n\n\n<p>Durante a visita, o ministro destacou a relev\u00e2ncia da parceria. \u201cQuero agradecer \u00e0 Itaipu e ao diretor-geral brasileiro, Enio Verri, pelos investimentos essenciais que t\u00eam contribu\u00eddo para fortalecer a educa\u00e7\u00e3o p\u00fablica\u201d, afirmou. Santana ressaltou que a retomada do projeto representa \u201ca entrega de uma estrutura importante para o Brasil, para o Paran\u00e1 e para Foz do Igua\u00e7u\u201d. Ele afirmou ainda que o empreendimento \u00e9 um investimento estrat\u00e9gico para ampliar a oferta de ensino superior de qualidade na regi\u00e3o.<\/p>\n\n\n\n<p>\u201cA \u00faltima obra de Oscar Niemeyer ser\u00e1 um marco para a Am\u00e9rica Latina e um novo ponto de atra\u00e7\u00e3o tur\u00edstica para Foz do Igua\u00e7u\u201d, destacou o diretor-geral brasileiro da Itaipu, Enio Verri. Ele apontou que, al\u00e9m do impacto cient\u00edfico e educacional, o investimento gera empregos imediatos e, quando conclu\u00eddo, ir\u00e1 se somar aos grandes atrativos da regi\u00e3o, como as Cataratas do Igua\u00e7u e a pr\u00f3pria Itaipu.<\/p>\n\n\n\n<figure class=\"wp-block-image\"><img decoding=\"async\" src=\"https:\/\/www.itaipu.gov.br\/wp-content\/uploads\/2026\/01\/20260120WB7036-1024x683.jpg\" alt=\"\" class=\"wp-image-61818\"\/><figcaption class=\"wp-element-caption\"><em><sup>Ministro da Educa\u00e7\u00e3o, Camilo Santana e diretor-geral brasileiro da Itaipu, Enio Verri. Fotos: William Brisida\/Itaipu Binacional.<\/sup><\/em><\/figcaption><\/figure>\n\n\n\n<p><strong>Responsabilidade social e inclus\u00e3o no canteiro de obras<\/strong><\/p>\n\n\n\n<p>Durante a visita, o ministro foi recepcionado por alguns grupos de trabalhadores, de diversas regi\u00f5es do pa\u00eds. O encarregado-geral Marcial F\u00e9lix Santos, natural do Sergipe, compartilhou o orgulho de cruzar o pa\u00eds para integrar a equipe de um projeto que deixar\u00e1 um legado educacional duradouro. \u201cEst\u00e1 sendo muito bom para a gente, que vem do Nordeste, fazer uma obra para um projeto que vai impactar na nossa educa\u00e7\u00e3o\u201d, declarou o profissional.&nbsp;&nbsp;&nbsp;&nbsp;<\/p>\n\n\n\n<figure class=\"wp-block-image\"><img decoding=\"async\" src=\"https:\/\/www.itaipu.gov.br\/wp-content\/uploads\/2026\/01\/20260120WB7011-1024x683.jpg\" alt=\"\" class=\"wp-image-61803\"\/><figcaption class=\"wp-element-caption\"><em><sup>Maquete da obra do arquiteto Oscar Niemeyer.<\/sup><\/em><\/figcaption><\/figure>\n\n\n\n<p>Para o l\u00edder de equipe Felipe da Silva Santos Vasconcelos, a constru\u00e7\u00e3o do campus representa uma etapa significativa em sua trajet\u00f3ria e a possibilidade de desbravar novas fronteiras geogr\u00e1ficas por meio do trabalho. Ele ressaltou que a retomada das obras significa n\u00e3o apenas um emprego, mas uma chance de crescimento em um novo ambiente. \u201c\u00c9 uma nova oportunidade tamb\u00e9m conhecer um novo lugar\u201d, complementou Vasconcelos.<\/p>\n\n\n\n<p>Rafael Esposel, gerente de projetos do Unops, destacou que o programa de inclus\u00e3o social no canteiro de obras exige a participa\u00e7\u00e3o de mulheres e grupos priorit\u00e1rios para promover diversidade na m\u00e3o de obra. \u201cEstamos recebendo agora egressos do sistema penal, 40 trabalhadores, para apoiar nessa diversidade da m\u00e3o de obra tamb\u00e9m\u201d, explicou Esposel.<\/p>\n\n\n\n<p>A obra tamb\u00e9m contempla crit\u00e9rios de sustentabilidade, incluindo reuso de \u00e1gua da chuva, ilumina\u00e7\u00e3o LED e sistema de ar-condicionado com consumo 40% mais eficiente que o projeto antigo.<\/p>\n\n\n\n<p>As obras, projetadas por Oscar Niemeyer, foram retomadas em 2025 ap\u00f3s uma d\u00e9cada de paralisa\u00e7\u00e3o. A Itaipu \u00e9 a financiadora do empreendimento e acompanha o progresso das etapas ao lado da Unila e do Minist\u00e9rio da Educa\u00e7\u00e3o (MEC). A previs\u00e3o \u00e9 que todo o conjunto seja conclu\u00eddo em 2027, com a primeira entrega \u2014 o pr\u00e9dio do restaurante e biblioteca \u2014 estimada para junho de 2026.<\/p>\n\n\n\n<figure class=\"wp-block-image\"><img decoding=\"async\" src=\"https:\/\/www.itaipu.gov.br\/wp-content\/uploads\/2026\/01\/20260120WB7605-1024x683.jpg\" alt=\"\" class=\"wp-image-61804\"\/><\/figure>\n\n\n\n<p>Participaram da visita o diretor de Coordena\u00e7\u00e3o da Itaipu, Carlos Carboni; a assistente do diretor-geral brasileiro, Silvana Vitorassi; a reitora da Unila, Diana Araujo Pereira; o secret\u00e1rio de Educa\u00e7\u00e3o Superior do MEC, Marcus Vin\u00edcius David; representantes do Cons\u00f3rcio MPD &amp; Ankara Unila (construtora) e do Cons\u00f3rcio Nerkpe (fiscalizadora) entre outros convidados.<\/p>\n\n\n\n<p><strong>Visita ao Jardim Universit\u00e1rio<\/strong><\/p>\n\n\n\n<p>Ap\u00f3s visitar o canteiro de obras, o ministro, acompanhado pela reitora da Unila, esteve no campus do Jardim Universit\u00e1rio. O im\u00f3vel, anteriormente alugado pela Unila por mais de uma d\u00e9cada, foi desapropriado por utilidade p\u00fablica e adquirido com recursos da Itaipu.<\/p>\n\n\n\n<p>No local, Camilo Santana conversou com professores, servidores e estudantes e conheceu uma das salas de aula, onde ind\u00edgenas do Brasil, do Paraguai e da Argentina participavam de um curso de licenciatura intercultural, e recebeu das m\u00e3os de um dos representantes do grupo uma carta com reivindica\u00e7\u00f5es e propostas ligadas \u00e0s condi\u00e7\u00f5es e incentivo \u00e0 perman\u00eancia estudantil e \u00e0 valoriza\u00e7\u00e3o da diversidade cultural na universidade.<\/p>\n\n\n\n<figure class=\"wp-block-image\"><img decoding=\"async\" src=\"https:\/\/www.itaipu.gov.br\/wp-content\/uploads\/2026\/01\/20260120SC06069-1024x683.jpg\" alt=\"\" class=\"wp-image-61805\"\/><figcaption class=\"wp-element-caption\"><em><sup>Ministro da Educa\u00e7\u00e3o, Camilo Santana, visita campus do Jardim Universit\u00e1rio. Foto: Sara Cheida\/Itaipu Binacional.<\/sup><\/em><\/figcaption><\/figure>\n\n\n\n<p>A visita tamb\u00e9m incluiu uma passagem pelos laborat\u00f3rios de pr\u00e1ticas dos cursos da \u00e1rea da sa\u00fade, que recebem estudantes do Brasil e de outros pa\u00edses latino-americanos. Ao final, o ministro destacou que o fortalecimento da Unila representa um compromisso com a educa\u00e7\u00e3o p\u00fablica, com a integra\u00e7\u00e3o regional e com o papel do Brasil como articulador de pol\u00edticas educacionais que valorizam a pluralidade e a coopera\u00e7\u00e3o entre os povos.<\/p>\n","protected":false},"excerpt":{"rendered":"<p>Fotos: William Brisida\/Itaipu Binacional. Declara\u00e7\u00e3o de Camilo Santana ocorreu nesta ter\u00e7a-feira (20) durante visita t\u00e9cnica ao projeto financiado pela Itaipu O ministro da Educa\u00e7\u00e3o, Camilo Santana, visitou nesta ter\u00e7a-feira (20) o canteiro de obras do Campus Arandu da Universidade Federal da Integra\u00e7\u00e3o Latino-Americana (Unila), financiado pela Itaipu Binacional, em Foz do Igua\u00e7u (PR). A agenda [&hellip;]<\/p>\n","protected":false},"author":2,"featured_media":28026,"comment_status":"open","ping_status":"open","sticky":false,"template":"","format":"standard","meta":{"om_disable_all_campaigns":false,"_monsterinsights_skip_tracking":false,"_monsterinsights_sitenote_active":false,"_monsterinsights_sitenote_note":"","_monsterinsights_sitenote_category":0,"footnotes":""},"categories":[26,4,11],"tags":[],"class_list":["post-28025","post","type-post","status-publish","format-standard","has-post-thumbnail","hentry","category-brasil","category-cidade","category-itaipu"],"_links":{"self":[{"href":"https:\/\/acontecenafronteira.com.br\/index.php\/wp-json\/wp\/v2\/posts\/28025","targetHints":{"allow":["GET"]}}],"collection":[{"href":"https:\/\/acontecenafronteira.com.br\/index.php\/wp-json\/wp\/v2\/posts"}],"about":[{"href":"https:\/\/acontecenafronteira.com.br\/index.php\/wp-json\/wp\/v2\/types\/post"}],"author":[{"embeddable":true,"href":"https:\/\/acontecenafronteira.com.br\/index.php\/wp-json\/wp\/v2\/users\/2"}],"replies":[{"embeddable":true,"href":"https:\/\/acontecenafronteira.com.br\/index.php\/wp-json\/wp\/v2\/comments?post=28025"}],"version-history":[{"count":1,"href":"https:\/\/acontecenafronteira.com.br\/index.php\/wp-json\/wp\/v2\/posts\/28025\/revisions"}],"predecessor-version":[{"id":28027,"href":"https:\/\/acontecenafronteira.com.br\/index.php\/wp-json\/wp\/v2\/posts\/28025\/revisions\/28027"}],"wp:featuredmedia":[{"embeddable":true,"href":"https:\/\/acontecenafronteira.com.br\/index.php\/wp-json\/wp\/v2\/media\/28026"}],"wp:attachment":[{"href":"https:\/\/acontecenafronteira.com.br\/index.php\/wp-json\/wp\/v2\/media?parent=28025"}],"wp:term":[{"taxonomy":"category","embeddable":true,"href":"https:\/\/acontecenafronteira.com.br\/index.php\/wp-json\/wp\/v2\/categories?post=28025"},{"taxonomy":"post_tag","embeddable":true,"href":"https:\/\/acontecenafronteira.com.br\/index.php\/wp-json\/wp\/v2\/tags?post=28025"}],"curies":[{"name":"wp","href":"https:\/\/api.w.org\/{rel}","templated":true}]}}