{"id":28022,"date":"2026-01-21T14:08:14","date_gmt":"2026-01-21T17:08:14","guid":{"rendered":"https:\/\/acontecenafronteira.com.br\/?p=28022"},"modified":"2026-01-21T14:08:15","modified_gmt":"2026-01-21T17:08:15","slug":"feminicidios-caem-20-no-parana-em-2025-aponta-sistema-nacional-de-seguranca-publica","status":"publish","type":"post","link":"https:\/\/acontecenafronteira.com.br\/index.php\/2026\/01\/21\/feminicidios-caem-20-no-parana-em-2025-aponta-sistema-nacional-de-seguranca-publica\/","title":{"rendered":"Feminic\u00eddios caem 20% no Paran\u00e1 em 2025, aponta Sistema Nacional de Seguran\u00e7a P\u00fablica"},"content":{"rendered":"\n<p>O n\u00famero de feminic\u00eddios caiu 20,2% no Paran\u00e1 em 2025, de acordo com o relat\u00f3rio do Sistema Nacional de Informa\u00e7\u00f5es de Seguran\u00e7a P\u00fablica (Sinesp), atualizado pelo Minist\u00e9rio da Justi\u00e7a e Seguran\u00e7a P\u00fablica&nbsp;nesta quarta-feira (21). Foram 87 casos no ano passado, contra 109 em 2024. O Paran\u00e1 registrou taxa de 0,73\/100 mil habitantes em 2025, uma das menores do Brasil ao lado de S\u00e3o Paulo, Amazonas, Santa Catarina, Rio Grande do Sul, Minas Gerais, Rio de Janeiro, Cear\u00e1 e Rio Grande do Norte.<\/p>\n\n\n\n<p>Esse \u00e9 um dos indicadores que ajudaram na&nbsp;<a href=\"https:\/\/www.parana.pr.gov.br\/aen\/Noticia\/Parana-tem-2a-maior-reducao-de-homicidios-do-Brasil-em-2025-e-alcanca-menor-taxa-da\" target=\"_blank\" rel=\"noreferrer noopener\">queda de 24% de mortes violentas no Paran\u00e1 ano passado<\/a>.&nbsp;O Estado teve o segundo melhor resultado do Brasil nesse indicador, ao lado de Rio Grande do Sul e atr\u00e1s apenas do Mato Grosso do Sul (-28%). Foram 1.343 casos em 2025, contra 1.770 em 2024. Com isso, o Estado tamb\u00e9m chegou na menor taxa de mortes violentas da hist\u00f3ria por 100 mil habitantes, com apenas 11,29\/100 mil.<\/p>\n\n\n\n<p>Alguns dos motivos passam pela expans\u00e3o do programa&nbsp;Mulher Segura, que refor\u00e7a a presen\u00e7a do Estado nas comunidades e o compromisso com a prote\u00e7\u00e3o das mulheres. Ele atua por meio de conscientiza\u00e7\u00e3o, prote\u00e7\u00e3o e mitiga\u00e7\u00e3o de riscos por meio de palestras e visitas de patrulhas policiais \u00e0s mulheres nas comunidades.&nbsp;A Patrulha Maria da Penha, da PMPR, \u00e9 a respons\u00e1vel pelas visitas \u00e0s comunidades para o contato direto com as mulheres.&nbsp;<\/p>\n\n\n\n<p>O Governo do Paran\u00e1 tamb\u00e9m j\u00e1 disponibilizou para a Justi\u00e7a Estadual um projeto pioneiro de Monitora\u00e7\u00e3o Eletr\u00f4nica Simult\u00e2nea (MES) para evitar novos casos. Por meio do monitoramento em tempo real da localiza\u00e7\u00e3o da v\u00edtima e de seu agressor, as for\u00e7as de seguran\u00e7a realizam as a\u00e7\u00f5es necess\u00e1rias para preservar a vida da mulher e a pris\u00e3o do autor da viol\u00eancia&nbsp;em caso de descumprimento da medida protetiva.<\/p>\n\n\n\n<p>O novo sistema \u00e9 capaz de monitorar simultaneamente e em tempo real a mulher que est\u00e1 com medida protetiva de urg\u00eancia expedida pelo Poder Judici\u00e1rio e o respectivo agressor. Entre os recursos do programa est\u00e1 a emiss\u00e3o de alertas r\u00e1pidos para facilitar eventuais interven\u00e7\u00f5es das for\u00e7as de seguran\u00e7a, quando necess\u00e1rias, aumentando a seguran\u00e7a das mulheres que convivem com essa situa\u00e7\u00e3o.<\/p>\n\n\n\n<p>A Secretaria Estadual da Seguran\u00e7a P\u00fablica (Sesp) tamb\u00e9m est\u00e1 desenvolvendo uma ferramenta tecnol\u00f3gica in\u00e9dita no Pa\u00eds para mapear as probabilidades de mulheres que j\u00e1 foram v\u00edtimas de viol\u00eancia dom\u00e9stica voltarem a serem agredidas. O Algoritmo de Revitimiza\u00e7\u00e3o de Viol\u00eancia Dom\u00e9stica, um levantamento de intelig\u00eancia artificial que cruza dados de Boletins de Ocorr\u00eancia Unificados de 2010 a 2023, subsidiar\u00e1 no futuro a\u00e7\u00f5es preventivas mais efetivas das pol\u00edcias paranaenses para evitar novas agress\u00f5es e salvar vidas.<\/p>\n\n\n\n<p>Ser\u00e3o analisados mais de 15 milh\u00f5es de informa\u00e7\u00f5es em boletins de ocorr\u00eancias e no Formul\u00e1rio Nacional de Avalia\u00e7\u00e3o de Risco (Fonar), do Conselho Nacional de Justi\u00e7a (CNJ), para chegar ao resultado que ser\u00e1 apresentado em um dashboard com o mapeamento de fatores que apontam maiores probabilidades de novas agress\u00f5es a mulheres.&nbsp;<\/p>\n\n\n\n<p>O Estado ainda tem diversas frentes no combate \u00e0 viol\u00eancia contra a mulher. A Secretaria da Mulher, Igualdade Racial e Pessoa Idosa (Semipi) atua tanto no enfrentamento \u00e0 viol\u00eancia contra a mulher por meio de a\u00e7\u00f5es de preven\u00e7\u00e3o, articula\u00e7\u00e3o institucional, quanto no acolhimento \u00e0s v\u00edtimas, em parceria com munic\u00edpios e \u00f3rg\u00e3os da rede de prote\u00e7\u00e3o.<\/p>\n\n\n\n<p>Na preven\u00e7\u00e3o, a Semipi desenvolve campanhas, a\u00e7\u00f5es educativas e apoio ao planejamento municipal de pol\u00edticas p\u00fablicas, incentivando a atua\u00e7\u00e3o integrada dos servi\u00e7os locais. A secretaria tamb\u00e9m atua na promo\u00e7\u00e3o do Selo ABNT Pr\u00e1ticas Antiviol\u00eancia contra as Mulheres, iniciativa voltada a orientar organiza\u00e7\u00f5es p\u00fablicas e privadas na ado\u00e7\u00e3o de protocolos de preven\u00e7\u00e3o, acolhimento e encaminhamento de situa\u00e7\u00f5es de viol\u00eancia no ambiente institucional e de trabalho.&nbsp;<\/p>\n\n\n\n<p>No acolhimento, a Semipi coordena o Programa Recome\u00e7o, que re\u00fane o Aux\u00edlio Social da Mulher Paranaense, as Casas de Acolhimento Regionalizado e a\u00e7\u00f5es de apoio \u00e0 autonomia econ\u00f4mica, por meio da Casa da Mulher Paranaense e do incentivo \u00e0 empregabilidade, como estrat\u00e9gia para o rompimento do ciclo da viol\u00eancia. Esse aux\u00edlio&nbsp;\u00e9 um benef\u00edcio destinado para mulheres inseridas na rede de atendimento de meio sal\u00e1rio-m\u00ednimo, com acr\u00e9scimos para gestantes, lactantes, m\u00e3es de crian\u00e7as de 0 a 6 anos e mulheres com dependentes com defici\u00eancia.&nbsp;<\/p>\n","protected":false},"excerpt":{"rendered":"<p>O n\u00famero de feminic\u00eddios caiu 20,2% no Paran\u00e1 em 2025, de acordo com o relat\u00f3rio do Sistema Nacional de Informa\u00e7\u00f5es de Seguran\u00e7a P\u00fablica (Sinesp), atualizado pelo Minist\u00e9rio da Justi\u00e7a e Seguran\u00e7a P\u00fablica&nbsp;nesta quarta-feira (21). Foram 87 casos no ano passado, contra 109 em 2024. O Paran\u00e1 registrou taxa de 0,73\/100 mil habitantes em 2025, uma [&hellip;]<\/p>\n","protected":false},"author":2,"featured_media":28023,"comment_status":"open","ping_status":"open","sticky":false,"template":"","format":"standard","meta":{"om_disable_all_campaigns":false,"_monsterinsights_skip_tracking":false,"_monsterinsights_sitenote_active":false,"_monsterinsights_sitenote_note":"","_monsterinsights_sitenote_category":0,"footnotes":""},"categories":[26,18,5,20],"tags":[],"class_list":["post-28022","post","type-post","status-publish","format-standard","has-post-thumbnail","hentry","category-brasil","category-parana","category-policia","category-seguranca"],"_links":{"self":[{"href":"https:\/\/acontecenafronteira.com.br\/index.php\/wp-json\/wp\/v2\/posts\/28022","targetHints":{"allow":["GET"]}}],"collection":[{"href":"https:\/\/acontecenafronteira.com.br\/index.php\/wp-json\/wp\/v2\/posts"}],"about":[{"href":"https:\/\/acontecenafronteira.com.br\/index.php\/wp-json\/wp\/v2\/types\/post"}],"author":[{"embeddable":true,"href":"https:\/\/acontecenafronteira.com.br\/index.php\/wp-json\/wp\/v2\/users\/2"}],"replies":[{"embeddable":true,"href":"https:\/\/acontecenafronteira.com.br\/index.php\/wp-json\/wp\/v2\/comments?post=28022"}],"version-history":[{"count":1,"href":"https:\/\/acontecenafronteira.com.br\/index.php\/wp-json\/wp\/v2\/posts\/28022\/revisions"}],"predecessor-version":[{"id":28024,"href":"https:\/\/acontecenafronteira.com.br\/index.php\/wp-json\/wp\/v2\/posts\/28022\/revisions\/28024"}],"wp:featuredmedia":[{"embeddable":true,"href":"https:\/\/acontecenafronteira.com.br\/index.php\/wp-json\/wp\/v2\/media\/28023"}],"wp:attachment":[{"href":"https:\/\/acontecenafronteira.com.br\/index.php\/wp-json\/wp\/v2\/media?parent=28022"}],"wp:term":[{"taxonomy":"category","embeddable":true,"href":"https:\/\/acontecenafronteira.com.br\/index.php\/wp-json\/wp\/v2\/categories?post=28022"},{"taxonomy":"post_tag","embeddable":true,"href":"https:\/\/acontecenafronteira.com.br\/index.php\/wp-json\/wp\/v2\/tags?post=28022"}],"curies":[{"name":"wp","href":"https:\/\/api.w.org\/{rel}","templated":true}]}}