{"id":28014,"date":"2026-01-21T14:06:40","date_gmt":"2026-01-21T17:06:40","guid":{"rendered":"https:\/\/acontecenafronteira.com.br\/?p=28014"},"modified":"2026-01-21T14:06:41","modified_gmt":"2026-01-21T17:06:41","slug":"cartilha-do-iat-orienta-como-solicitar-autorizacoes-para-uso-de-unidades-de-conservacao","status":"publish","type":"post","link":"https:\/\/acontecenafronteira.com.br\/index.php\/2026\/01\/21\/cartilha-do-iat-orienta-como-solicitar-autorizacoes-para-uso-de-unidades-de-conservacao\/","title":{"rendered":"Cartilha do IAT orienta como solicitar autoriza\u00e7\u00f5es para uso de Unidades de Conserva\u00e7\u00e3o"},"content":{"rendered":"\n<p>O Instituto \u00c1gua e Terra (IAT), vinculado \u00e0 Secretaria de Estado do Desenvolvimento Sustent\u00e1vel (Sedest), elaborou uma cartilha online para orientar a popula\u00e7\u00e3o sobre como solicitar autoriza\u00e7\u00f5es de uso das \u00e1reas de Unidades de Conserva\u00e7\u00e3o (UC) para servi\u00e7os e atividades. Est\u00e3o dispostas indica\u00e7\u00f5es das normas que regularizam o processo para algumas das categorias mais demandadas junto ao Instituto: uso de drone, uso de imagem, eventos, pesquisa cient\u00edfica e aula pr\u00e1tica.<\/p>\n\n\n\n<p>O material, dispon\u00edvel no&nbsp;<strong><a href=\"https:\/\/www.iat.pr.gov.br\/Pagina\/Autorizacoes-em-Unidades-de-Conservacao-Estaduais\" target=\"_blank\" rel=\"noreferrer noopener\">site do Instituto<\/a>,<\/strong>&nbsp;re\u00fane de forma did\u00e1tica a lista de documentos que devem ser enviados ao \u00f3rg\u00e3o ambiental para a concess\u00e3o das permiss\u00f5es.<\/p>\n\n\n\n<p>A bi\u00f3loga da Diretoria de Patrim\u00f4nio Natural do IAT, Camile Foltran, explica que a iniciativa tem o prop\u00f3sito de aproximar os cidad\u00e3os das Unidades de Conserva\u00e7\u00e3o de forma organizada e legal. \u201cAtualmente recebemos muitos pedidos com documentos inadequados, incompletos ou com prazos de validade estourados, o que \u00e9 um entrave grande no processo. Agora, com este material, temos um guia, passo a passo, para garantir transpar\u00eancia e agilidade aos procedimentos\u201d, explica,<\/p>\n\n\n\n<p><strong>PROCEDIMENTOS<\/strong>&nbsp;\u2013 O uso de drone \u00e9 permitido em car\u00e1ter excepcional apenas para fins acad\u00eamicos, de monitoramento e fiscaliza\u00e7\u00e3o, jornal\u00edsticos, eventos e usos de imagem previamente autorizados pelo Instituto. Para a pedir a permiss\u00e3o, \u00e9 necess\u00e1rio o envio de uma s\u00e9rie de informa\u00e7\u00f5es, incluindo um formul\u00e1rio de solicita\u00e7\u00e3o que deve ser anexado, junto \u00e0&nbsp;<strong><a href=\"https:\/\/www.iat.pr.gov.br\/sites\/agua-terra\/arquivos_restritos\/files\/documento\/2025-07\/portaria_3392025_usodedrones_200496116.pdf\" target=\"_blank\" rel=\"noreferrer noopener\">Portaria IAT n\u00ba 339\/2025<\/a><\/strong>,&nbsp;documento de identifica\u00e7\u00e3o e registros do equipamento e do piloto, conforme exigido pela Ag\u00eancia Nacional de Avia\u00e7\u00e3o Civil (Anac).&nbsp;<\/p>\n\n\n\n<p>O uso de imagem \u00e9 permitido pelo IAT para fins cient\u00edficos, educativos, de sa\u00fade e culturais, que n\u00e3o prejudique o meio ambiente. Para solicitar, \u00e9 necess\u00e1rio acessar a&nbsp;<strong><a href=\"https:\/\/www.iat.pr.gov.br\/sites\/agua-terra\/arquivos_restritos\/files\/documento\/2021-03\/portaria_89_2021.pdf\" target=\"_blank\" rel=\"noreferrer noopener\">Portaria IAT n\u00ba 89\/2021<\/a><\/strong>, onde est\u00e3o dispostos os formul\u00e1rios necess\u00e1rios. Para eventos, o procedimento \u00e9 parecido, com a&nbsp;<a href=\"https:\/\/celepar7.pr.gov.br\/sia\/atosnormativos\/form_cons_ato1.asp?Codigo=7333\" target=\"_blank\" rel=\"noreferrer noopener\"><strong>Portaria IAT n\u00ba 504\/2025<\/strong><\/a>, onde constam instru\u00e7\u00f5es para envio de documentos como plano de mobiliza\u00e7\u00e3o, estudo de impacto ambiental e autoriza\u00e7\u00e3o do munic\u00edpio.<\/p>\n\n\n\n<p>Para pesquisas cient\u00edficas e aulas pr\u00e1ticas, a norma a ser seguida consta na&nbsp;<a href=\"https:\/\/www.iat.pr.gov.br\/sites\/agua-terra\/arquivos_restritos\/files\/documento\/2024-07\/PORTARIA_255_2024_ANEXOS.pdf\" target=\"_blank\" rel=\"noreferrer noopener\">Portaria IAT n\u00ba 255\/2024<\/a>. Nos anexos do documento, est\u00e3o dispostos a solicita\u00e7\u00e3o, termos de compromisso e termos de assun\u00e7\u00e3o de riscos necess\u00e1rios para ambas as modalidades, que devem ser enviados via e-protocolo ao Instituto. Tamb\u00e9m inclui a solicita\u00e7\u00e3o para a renova\u00e7\u00e3o das autoriza\u00e7\u00f5es, caso haja necessidade.&nbsp;<\/p>\n\n\n\n<p>\u201cTodos os modelos de arquivos para as requisi\u00e7\u00f5es est\u00e3o no site do IAT, na aba Autoriza\u00e7\u00f5es para Unidades de Conserva\u00e7\u00e3o. Nosso objetivo n\u00e3o \u00e9 burocratizar, mas sim garantir o uso consciente das \u00e1reas protegidas do Estado\u201d, complementa Camile Foltran.&nbsp;<\/p>\n\n\n\n<p><strong>Para d\u00favidas e informa\u00e7\u00f5es adicionais, \u00e9 poss\u00edvel entrar em contato com o IAT pelo email&nbsp;pesquisauc@iat.pr.gov.br&nbsp;ou pelo telefone (41) 2117-1404.<\/strong><\/p>\n\n\n\n<figure class=\"wp-block-gallery has-nested-images columns-default is-cropped wp-block-gallery-1 is-layout-flex wp-block-gallery-is-layout-flex\">\n<figure class=\"wp-block-image size-large\"><img loading=\"lazy\" decoding=\"async\" width=\"1024\" height=\"683\" data-id=\"28018\" src=\"https:\/\/acontecenafronteira.com.br\/wp-content\/uploads\/2026\/01\/cartilha_ucs_03_dennis_ferreira-1024x683.jpg?v=1769015186\" alt=\"\" class=\"wp-image-28018\" srcset=\"https:\/\/acontecenafronteira.com.br\/wp-content\/uploads\/2026\/01\/cartilha_ucs_03_dennis_ferreira-1024x683.jpg?v=1769015186 1024w, https:\/\/acontecenafronteira.com.br\/wp-content\/uploads\/2026\/01\/cartilha_ucs_03_dennis_ferreira-300x200.jpg?v=1769015186 300w, https:\/\/acontecenafronteira.com.br\/wp-content\/uploads\/2026\/01\/cartilha_ucs_03_dennis_ferreira-768x512.jpg?v=1769015186 768w, https:\/\/acontecenafronteira.com.br\/wp-content\/uploads\/2026\/01\/cartilha_ucs_03_dennis_ferreira-1536x1024.jpg?v=1769015186 1536w, https:\/\/acontecenafronteira.com.br\/wp-content\/uploads\/2026\/01\/cartilha_ucs_03_dennis_ferreira-2048x1365.jpg?v=1769015186 2048w\" sizes=\"auto, (max-width: 1024px) 100vw, 1024px\" \/><\/figure>\n\n\n\n<figure class=\"wp-block-image size-large\"><img loading=\"lazy\" decoding=\"async\" width=\"1024\" height=\"683\" data-id=\"28019\" src=\"https:\/\/acontecenafronteira.com.br\/wp-content\/uploads\/2026\/01\/cartilha_ucs_04_dennis_ferreira-1024x683.jpg?v=1769015187\" alt=\"\" class=\"wp-image-28019\" srcset=\"https:\/\/acontecenafronteira.com.br\/wp-content\/uploads\/2026\/01\/cartilha_ucs_04_dennis_ferreira-1024x683.jpg?v=1769015187 1024w, https:\/\/acontecenafronteira.com.br\/wp-content\/uploads\/2026\/01\/cartilha_ucs_04_dennis_ferreira-300x200.jpg?v=1769015187 300w, https:\/\/acontecenafronteira.com.br\/wp-content\/uploads\/2026\/01\/cartilha_ucs_04_dennis_ferreira-768x512.jpg?v=1769015187 768w, https:\/\/acontecenafronteira.com.br\/wp-content\/uploads\/2026\/01\/cartilha_ucs_04_dennis_ferreira-1536x1024.jpg?v=1769015187 1536w, https:\/\/acontecenafronteira.com.br\/wp-content\/uploads\/2026\/01\/cartilha_ucs_04_dennis_ferreira-2048x1365.jpg?v=1769015187 2048w\" sizes=\"auto, (max-width: 1024px) 100vw, 1024px\" \/><\/figure>\n\n\n\n<figure class=\"wp-block-image size-large\"><img loading=\"lazy\" decoding=\"async\" width=\"1024\" height=\"683\" data-id=\"28020\" src=\"https:\/\/acontecenafronteira.com.br\/wp-content\/uploads\/2026\/01\/cartilha_ucs_05_dennis_ferreira-1024x683.jpg?v=1769015188\" alt=\"\" class=\"wp-image-28020\" srcset=\"https:\/\/acontecenafronteira.com.br\/wp-content\/uploads\/2026\/01\/cartilha_ucs_05_dennis_ferreira-1024x683.jpg?v=1769015188 1024w, https:\/\/acontecenafronteira.com.br\/wp-content\/uploads\/2026\/01\/cartilha_ucs_05_dennis_ferreira-300x200.jpg?v=1769015188 300w, https:\/\/acontecenafronteira.com.br\/wp-content\/uploads\/2026\/01\/cartilha_ucs_05_dennis_ferreira-768x512.jpg?v=1769015188 768w, https:\/\/acontecenafronteira.com.br\/wp-content\/uploads\/2026\/01\/cartilha_ucs_05_dennis_ferreira-1536x1024.jpg?v=1769015188 1536w, https:\/\/acontecenafronteira.com.br\/wp-content\/uploads\/2026\/01\/cartilha_ucs_05_dennis_ferreira-2048x1365.jpg?v=1769015188 2048w\" sizes=\"auto, (max-width: 1024px) 100vw, 1024px\" \/><\/figure>\n\n\n\n<figure class=\"wp-block-image size-large\"><img loading=\"lazy\" decoding=\"async\" width=\"1024\" height=\"683\" data-id=\"28017\" src=\"https:\/\/acontecenafronteira.com.br\/wp-content\/uploads\/2026\/01\/cartilha_ucs_06_dennis_ferreira-1024x683.jpg?v=1769015185\" alt=\"\" class=\"wp-image-28017\" srcset=\"https:\/\/acontecenafronteira.com.br\/wp-content\/uploads\/2026\/01\/cartilha_ucs_06_dennis_ferreira-1024x683.jpg?v=1769015185 1024w, https:\/\/acontecenafronteira.com.br\/wp-content\/uploads\/2026\/01\/cartilha_ucs_06_dennis_ferreira-300x200.jpg?v=1769015185 300w, https:\/\/acontecenafronteira.com.br\/wp-content\/uploads\/2026\/01\/cartilha_ucs_06_dennis_ferreira-768x512.jpg?v=1769015185 768w, https:\/\/acontecenafronteira.com.br\/wp-content\/uploads\/2026\/01\/cartilha_ucs_06_dennis_ferreira-1536x1024.jpg?v=1769015185 1536w, https:\/\/acontecenafronteira.com.br\/wp-content\/uploads\/2026\/01\/cartilha_ucs_06_dennis_ferreira-2048x1365.jpg?v=1769015185 2048w\" sizes=\"auto, (max-width: 1024px) 100vw, 1024px\" \/><\/figure>\n\n\n\n<figure class=\"wp-block-image size-large\"><img loading=\"lazy\" decoding=\"async\" width=\"1024\" height=\"683\" data-id=\"28015\" src=\"https:\/\/acontecenafronteira.com.br\/wp-content\/uploads\/2026\/01\/cartilha_ucs_01_iat-1024x683.jpg?v=1769015155\" alt=\"\" class=\"wp-image-28015\" srcset=\"https:\/\/acontecenafronteira.com.br\/wp-content\/uploads\/2026\/01\/cartilha_ucs_01_iat-1024x683.jpg?v=1769015155 1024w, https:\/\/acontecenafronteira.com.br\/wp-content\/uploads\/2026\/01\/cartilha_ucs_01_iat-300x200.jpg?v=1769015155 300w, https:\/\/acontecenafronteira.com.br\/wp-content\/uploads\/2026\/01\/cartilha_ucs_01_iat-768x512.jpg?v=1769015155 768w, https:\/\/acontecenafronteira.com.br\/wp-content\/uploads\/2026\/01\/cartilha_ucs_01_iat.jpg?v=1769015155 1514w\" sizes=\"auto, (max-width: 1024px) 100vw, 1024px\" \/><\/figure>\n\n\n\n<figure class=\"wp-block-image size-large\"><img loading=\"lazy\" decoding=\"async\" width=\"1024\" height=\"683\" data-id=\"28016\" src=\"https:\/\/acontecenafronteira.com.br\/wp-content\/uploads\/2026\/01\/cartilha_ucs_07_dennis_ferreira-1024x683.jpg?v=1769015163\" alt=\"\" class=\"wp-image-28016\" srcset=\"https:\/\/acontecenafronteira.com.br\/wp-content\/uploads\/2026\/01\/cartilha_ucs_07_dennis_ferreira-1024x683.jpg?v=1769015163 1024w, https:\/\/acontecenafronteira.com.br\/wp-content\/uploads\/2026\/01\/cartilha_ucs_07_dennis_ferreira-300x200.jpg?v=1769015163 300w, https:\/\/acontecenafronteira.com.br\/wp-content\/uploads\/2026\/01\/cartilha_ucs_07_dennis_ferreira-768x512.jpg?v=1769015163 768w, https:\/\/acontecenafronteira.com.br\/wp-content\/uploads\/2026\/01\/cartilha_ucs_07_dennis_ferreira-1536x1024.jpg?v=1769015163 1536w, https:\/\/acontecenafronteira.com.br\/wp-content\/uploads\/2026\/01\/cartilha_ucs_07_dennis_ferreira-2048x1365.jpg?v=1769015163 2048w\" sizes=\"auto, (max-width: 1024px) 100vw, 1024px\" \/><\/figure>\n<\/figure>\n","protected":false},"excerpt":{"rendered":"<p>O Instituto \u00c1gua e Terra (IAT), vinculado \u00e0 Secretaria de Estado do Desenvolvimento Sustent\u00e1vel (Sedest), elaborou uma cartilha online para orientar a popula\u00e7\u00e3o sobre como solicitar autoriza\u00e7\u00f5es de uso das \u00e1reas de Unidades de Conserva\u00e7\u00e3o (UC) para servi\u00e7os e atividades. Est\u00e3o dispostas indica\u00e7\u00f5es das normas que regularizam o processo para algumas das categorias mais demandadas [&hellip;]<\/p>\n","protected":false},"author":2,"featured_media":28017,"comment_status":"open","ping_status":"open","sticky":false,"template":"","format":"standard","meta":{"om_disable_all_campaigns":false,"_monsterinsights_skip_tracking":false,"_monsterinsights_sitenote_active":false,"_monsterinsights_sitenote_note":"","_monsterinsights_sitenote_category":0,"footnotes":""},"categories":[26,13,18,9],"tags":[],"class_list":["post-28014","post","type-post","status-publish","format-standard","has-post-thumbnail","hentry","category-brasil","category-entretenimento","category-parana","category-turismo"],"_links":{"self":[{"href":"https:\/\/acontecenafronteira.com.br\/index.php\/wp-json\/wp\/v2\/posts\/28014","targetHints":{"allow":["GET"]}}],"collection":[{"href":"https:\/\/acontecenafronteira.com.br\/index.php\/wp-json\/wp\/v2\/posts"}],"about":[{"href":"https:\/\/acontecenafronteira.com.br\/index.php\/wp-json\/wp\/v2\/types\/post"}],"author":[{"embeddable":true,"href":"https:\/\/acontecenafronteira.com.br\/index.php\/wp-json\/wp\/v2\/users\/2"}],"replies":[{"embeddable":true,"href":"https:\/\/acontecenafronteira.com.br\/index.php\/wp-json\/wp\/v2\/comments?post=28014"}],"version-history":[{"count":1,"href":"https:\/\/acontecenafronteira.com.br\/index.php\/wp-json\/wp\/v2\/posts\/28014\/revisions"}],"predecessor-version":[{"id":28021,"href":"https:\/\/acontecenafronteira.com.br\/index.php\/wp-json\/wp\/v2\/posts\/28014\/revisions\/28021"}],"wp:featuredmedia":[{"embeddable":true,"href":"https:\/\/acontecenafronteira.com.br\/index.php\/wp-json\/wp\/v2\/media\/28017"}],"wp:attachment":[{"href":"https:\/\/acontecenafronteira.com.br\/index.php\/wp-json\/wp\/v2\/media?parent=28014"}],"wp:term":[{"taxonomy":"category","embeddable":true,"href":"https:\/\/acontecenafronteira.com.br\/index.php\/wp-json\/wp\/v2\/categories?post=28014"},{"taxonomy":"post_tag","embeddable":true,"href":"https:\/\/acontecenafronteira.com.br\/index.php\/wp-json\/wp\/v2\/tags?post=28014"}],"curies":[{"name":"wp","href":"https:\/\/api.w.org\/{rel}","templated":true}]}}