{"id":28011,"date":"2026-01-21T14:01:41","date_gmt":"2026-01-21T17:01:41","guid":{"rendered":"https:\/\/acontecenafronteira.com.br\/?p=28011"},"modified":"2026-01-21T14:01:41","modified_gmt":"2026-01-21T17:01:41","slug":"conheca-o-portal-da-transparencia-da-camara-municipal-de-foz-do-iguacu","status":"publish","type":"post","link":"https:\/\/acontecenafronteira.com.br\/index.php\/2026\/01\/21\/conheca-o-portal-da-transparencia-da-camara-municipal-de-foz-do-iguacu\/","title":{"rendered":"Conhe\u00e7a o Portal da Transpar\u00eancia da C\u00e2mara Municipal de Foz do Igua\u00e7u"},"content":{"rendered":"\n<p><strong><em>A democracia se fortalece quando o cidad\u00e3o tem acesso \u00e0 informa\u00e7\u00e3o. Em Foz do Igua\u00e7u, a C\u00e2mara Municipal coloca a transpar\u00eancia ao alcance de todos por meio do seu Portal da Transpar\u00eancia.<\/em><\/strong><\/p>\n\n\n\n<p>\ud83d\udd0dNo portal, \u00e9 poss\u00edvel acompanhar de forma clara e acess\u00edvel \u00e0 atua\u00e7\u00e3o dos vereadores, al\u00e9m de consultar dados sobre remunera\u00e7\u00f5es, contratos, licita\u00e7\u00f5es, despesas e a aplica\u00e7\u00e3o dos recursos p\u00fablicos. Trata-se de um espa\u00e7o criado para garantir o controle social, estimular a participa\u00e7\u00e3o cidad\u00e3 e refor\u00e7ar a confian\u00e7a nas institui\u00e7\u00f5es.<\/p>\n\n\n\n<p>\ud83e\udd1dAcompanhar essas informa\u00e7\u00f5es \u00e9 um direito de todos e um passo importante para a constru\u00e7\u00e3o de uma cidade mais justa, respons\u00e1vel e participativa.\ud83d\uddf3\ufe0f<\/p>\n\n\n\n<p>\ud83d\udd17Acesse a qualquer hora e de qualquer lugar:<br>https:\/\/foz.oxy.elotech.com.br\/portaltransparencia\/2\/<\/p>\n","protected":false},"excerpt":{"rendered":"<p>A democracia se fortalece quando o cidad\u00e3o tem acesso \u00e0 informa\u00e7\u00e3o. Em Foz do Igua\u00e7u, a C\u00e2mara Municipal coloca a transpar\u00eancia ao alcance de todos por meio do seu Portal da Transpar\u00eancia. \ud83d\udd0dNo portal, \u00e9 poss\u00edvel acompanhar de forma clara e acess\u00edvel \u00e0 atua\u00e7\u00e3o dos vereadores, al\u00e9m de consultar dados sobre remunera\u00e7\u00f5es, contratos, licita\u00e7\u00f5es, despesas [&hellip;]<\/p>\n","protected":false},"author":2,"featured_media":28012,"comment_status":"open","ping_status":"open","sticky":false,"template":"","format":"standard","meta":{"om_disable_all_campaigns":false,"_monsterinsights_skip_tracking":false,"_monsterinsights_sitenote_active":false,"_monsterinsights_sitenote_note":"","_monsterinsights_sitenote_category":0,"footnotes":""},"categories":[26,4,19],"tags":[],"class_list":["post-28011","post","type-post","status-publish","format-standard","has-post-thumbnail","hentry","category-brasil","category-cidade","category-politica"],"_links":{"self":[{"href":"https:\/\/acontecenafronteira.com.br\/index.php\/wp-json\/wp\/v2\/posts\/28011","targetHints":{"allow":["GET"]}}],"collection":[{"href":"https:\/\/acontecenafronteira.com.br\/index.php\/wp-json\/wp\/v2\/posts"}],"about":[{"href":"https:\/\/acontecenafronteira.com.br\/index.php\/wp-json\/wp\/v2\/types\/post"}],"author":[{"embeddable":true,"href":"https:\/\/acontecenafronteira.com.br\/index.php\/wp-json\/wp\/v2\/users\/2"}],"replies":[{"embeddable":true,"href":"https:\/\/acontecenafronteira.com.br\/index.php\/wp-json\/wp\/v2\/comments?post=28011"}],"version-history":[{"count":1,"href":"https:\/\/acontecenafronteira.com.br\/index.php\/wp-json\/wp\/v2\/posts\/28011\/revisions"}],"predecessor-version":[{"id":28013,"href":"https:\/\/acontecenafronteira.com.br\/index.php\/wp-json\/wp\/v2\/posts\/28011\/revisions\/28013"}],"wp:featuredmedia":[{"embeddable":true,"href":"https:\/\/acontecenafronteira.com.br\/index.php\/wp-json\/wp\/v2\/media\/28012"}],"wp:attachment":[{"href":"https:\/\/acontecenafronteira.com.br\/index.php\/wp-json\/wp\/v2\/media?parent=28011"}],"wp:term":[{"taxonomy":"category","embeddable":true,"href":"https:\/\/acontecenafronteira.com.br\/index.php\/wp-json\/wp\/v2\/categories?post=28011"},{"taxonomy":"post_tag","embeddable":true,"href":"https:\/\/acontecenafronteira.com.br\/index.php\/wp-json\/wp\/v2\/tags?post=28011"}],"curies":[{"name":"wp","href":"https:\/\/api.w.org\/{rel}","templated":true}]}}