{"id":28005,"date":"2026-01-21T14:00:00","date_gmt":"2026-01-21T17:00:00","guid":{"rendered":"https:\/\/acontecenafronteira.com.br\/?p=28005"},"modified":"2026-01-21T14:00:01","modified_gmt":"2026-01-21T17:00:01","slug":"causa-animal-prefeitura-de-foz-inicia-distribuicao-de-racao-para-protetores-cadastrados","status":"publish","type":"post","link":"https:\/\/acontecenafronteira.com.br\/index.php\/2026\/01\/21\/causa-animal-prefeitura-de-foz-inicia-distribuicao-de-racao-para-protetores-cadastrados\/","title":{"rendered":"Causa animal: Prefeitura de Foz inicia distribui\u00e7\u00e3o de ra\u00e7\u00e3o para protetores cadastrados"},"content":{"rendered":"\n<p>O munic\u00edpio adquiriu 10 toneladas de ra\u00e7\u00e3o para c\u00e3es e 5 toneladas de ra\u00e7\u00e3o para gatos. S\u00e3o cinco ongs e mais de 100 protetores credenciados<br><\/p>\n\n\n\n<p>A Prefeitura de Foz do Igua\u00e7u, por meio da Secretaria de Meio Ambiente de Foz do Igua\u00e7u, iniciou a distribui\u00e7\u00e3o de ra\u00e7\u00e3o para c\u00e3es e gatos destinados aos protetores de animais cadastrados no Conselho de Prote\u00e7\u00e3o Animal. A a\u00e7\u00e3o \u00e9 coordenada pela Diretoria de Bem-Estar Animal e tem como objetivo apoiar diretamente quem atua no acolhimento e cuidado di\u00e1rio de animais no munic\u00edpio.<\/p>\n\n\n\n<p>Cada protetor recebe uma cota de ra\u00e7\u00e3o proporcional \u00e0 quantidade de animais sob sua responsabilidade. A distribui\u00e7\u00e3o garante, em m\u00e9dia, alimento suficiente para um per\u00edodo de at\u00e9 tr\u00eas meses, promovendo mais seguran\u00e7a alimentar aos c\u00e3es e gatos atendidos.<br>Nesta primeira remessa, foram adquiridas 10 toneladas de ra\u00e7\u00e3o para c\u00e3es e 5 toneladas de ra\u00e7\u00e3o para gatos, totalizando um investimento de R$ 800,00. O cronograma prev\u00ea quatro entregas ao longo do ano, realizadas de forma trimestral, assegurando continuidade no atendimento aos protetores cadastrados.<\/p>\n\n\n\n<p>De acordo com Wilson Batista, diretor de Bem-Estar Animal da Secretaria de Meio Ambiente, a iniciativa representa um avan\u00e7o importante nas pol\u00edticas p\u00fablicas voltadas \u00e0 causa animal. \u201cEssa distribui\u00e7\u00e3o \u00e9 fundamental para apoiar quem est\u00e1 na linha de frente cuidando dos animais. As cotas foram organizadas de forma justa, conforme a quantidade de animais de cada protetor, e as entregas trimestrais garantem continuidade e planejamento\u201d.<\/p>\n\n\n\n<p><strong>Apoio essencial aos protetores<\/strong><\/p>\n\n\n\n<p>Os protetores beneficiados ressaltaram a import\u00e2ncia da a\u00e7\u00e3o para a manuten\u00e7\u00e3o do trabalho volunt\u00e1rio. Para Irma Teles de Matos, o apoio representa um al\u00edvio significativo na rotina de cuidados.\u201c\u00c9 muito importante para n\u00f3s que fazemos o trabalho de acolhimento desses animais. A ra\u00e7\u00e3o ajuda diretamente a manter os cuidados b\u00e1sicos e garante mais dignidade para os c\u00e3es e gatos que resgatamos\u201d.<br>J\u00e1 o protetor Jorge Soares Ferreira destacou o impacto positivo da iniciativa no dia a dia.\u201cEsse apoio da Prefeitura faz toda a diferen\u00e7a. Muitas vezes cuidamos de v\u00e1rios animais ao mesmo tempo, e receber a ra\u00e7\u00e3o de forma organizada nos d\u00e1 mais seguran\u00e7a para continuar o trabalho\u201d.<\/p>\n\n\n\n<p>A Prefeitura de Foz do Igua\u00e7u refor\u00e7a que a distribui\u00e7\u00e3o de ra\u00e7\u00e3o integra um conjunto de a\u00e7\u00f5es voltadas ao bem-estar animal, valorizando o trabalho dos protetores independentes e contribuindo para melhores condi\u00e7\u00f5es de vida aos animais em situa\u00e7\u00e3o de vulnerabilidade no munic\u00edpio.<\/p>\n\n\n\n<figure class=\"wp-block-gallery has-nested-images columns-default is-cropped wp-block-gallery-1 is-layout-flex wp-block-gallery-is-layout-flex\">\n<figure class=\"wp-block-image size-large\"><img loading=\"lazy\" decoding=\"async\" width=\"300\" height=\"200\" data-id=\"28006\" src=\"https:\/\/acontecenafronteira.com.br\/wp-content\/uploads\/2026\/01\/55052473780_8711eecf1c_o-300x200-1.jpg\" alt=\"\" class=\"wp-image-28006\"\/><\/figure>\n\n\n\n<figure class=\"wp-block-image size-large\"><img loading=\"lazy\" decoding=\"async\" width=\"300\" height=\"200\" data-id=\"28007\" src=\"https:\/\/acontecenafronteira.com.br\/wp-content\/uploads\/2026\/01\/55052316688_07bc1905bb_o-300x200-1.jpg\" alt=\"\" class=\"wp-image-28007\"\/><\/figure>\n\n\n\n<figure class=\"wp-block-image size-large\"><img loading=\"lazy\" decoding=\"async\" width=\"300\" height=\"200\" data-id=\"28008\" src=\"https:\/\/acontecenafronteira.com.br\/wp-content\/uploads\/2026\/01\/RACAO-300x200-1.jpg\" alt=\"\" class=\"wp-image-28008\"\/><\/figure>\n<\/figure>\n","protected":false},"excerpt":{"rendered":"<p>O munic\u00edpio adquiriu 10 toneladas de ra\u00e7\u00e3o para c\u00e3es e 5 toneladas de ra\u00e7\u00e3o para gatos. S\u00e3o cinco ongs e mais de 100 protetores credenciados A Prefeitura de Foz do Igua\u00e7u, por meio da Secretaria de Meio Ambiente de Foz do Igua\u00e7u, iniciou a distribui\u00e7\u00e3o de ra\u00e7\u00e3o para c\u00e3es e gatos destinados aos protetores de [&hellip;]<\/p>\n","protected":false},"author":2,"featured_media":28009,"comment_status":"open","ping_status":"open","sticky":false,"template":"","format":"standard","meta":{"om_disable_all_campaigns":false,"_monsterinsights_skip_tracking":false,"_monsterinsights_sitenote_active":false,"_monsterinsights_sitenote_note":"","_monsterinsights_sitenote_category":0,"footnotes":""},"categories":[26,4,10],"tags":[],"class_list":["post-28005","post","type-post","status-publish","format-standard","has-post-thumbnail","hentry","category-brasil","category-cidade","category-saude"],"_links":{"self":[{"href":"https:\/\/acontecenafronteira.com.br\/index.php\/wp-json\/wp\/v2\/posts\/28005","targetHints":{"allow":["GET"]}}],"collection":[{"href":"https:\/\/acontecenafronteira.com.br\/index.php\/wp-json\/wp\/v2\/posts"}],"about":[{"href":"https:\/\/acontecenafronteira.com.br\/index.php\/wp-json\/wp\/v2\/types\/post"}],"author":[{"embeddable":true,"href":"https:\/\/acontecenafronteira.com.br\/index.php\/wp-json\/wp\/v2\/users\/2"}],"replies":[{"embeddable":true,"href":"https:\/\/acontecenafronteira.com.br\/index.php\/wp-json\/wp\/v2\/comments?post=28005"}],"version-history":[{"count":1,"href":"https:\/\/acontecenafronteira.com.br\/index.php\/wp-json\/wp\/v2\/posts\/28005\/revisions"}],"predecessor-version":[{"id":28010,"href":"https:\/\/acontecenafronteira.com.br\/index.php\/wp-json\/wp\/v2\/posts\/28005\/revisions\/28010"}],"wp:featuredmedia":[{"embeddable":true,"href":"https:\/\/acontecenafronteira.com.br\/index.php\/wp-json\/wp\/v2\/media\/28009"}],"wp:attachment":[{"href":"https:\/\/acontecenafronteira.com.br\/index.php\/wp-json\/wp\/v2\/media?parent=28005"}],"wp:term":[{"taxonomy":"category","embeddable":true,"href":"https:\/\/acontecenafronteira.com.br\/index.php\/wp-json\/wp\/v2\/categories?post=28005"},{"taxonomy":"post_tag","embeddable":true,"href":"https:\/\/acontecenafronteira.com.br\/index.php\/wp-json\/wp\/v2\/tags?post=28005"}],"curies":[{"name":"wp","href":"https:\/\/api.w.org\/{rel}","templated":true}]}}