{"id":28002,"date":"2026-01-21T13:57:38","date_gmt":"2026-01-21T16:57:38","guid":{"rendered":"https:\/\/acontecenafronteira.com.br\/?p=28002"},"modified":"2026-01-21T13:57:39","modified_gmt":"2026-01-21T16:57:39","slug":"implante-contraceptivo-de-ate-r4-mil-chega-gratuitamente-ao-sus-de-foz","status":"publish","type":"post","link":"https:\/\/acontecenafronteira.com.br\/index.php\/2026\/01\/21\/implante-contraceptivo-de-ate-r4-mil-chega-gratuitamente-ao-sus-de-foz\/","title":{"rendered":"Implante contraceptivo de at\u00e9 R$4 mil chega gratuitamente ao SUS de Foz"},"content":{"rendered":"\n<p>Munic\u00edpio recebeu mil unidades do Minist\u00e9rio da Sa\u00fade e inicia a inser\u00e7\u00e3o do Implanon na Aten\u00e7\u00e3o Prim\u00e1ria<br><\/p>\n\n\n\n<p>Foz do Igua\u00e7u iniciou nesta ter\u00e7a-feira (20) a inser\u00e7\u00e3o do implante subd\u00e9rmico contraceptivo liberador de etonogestrel, conhecido como Implanon, na rede p\u00fablica de sa\u00fade. Nesta primeira etapa, o munic\u00edpio recebeu mil unidades do m\u00e9todo, que passa a integrar o planejamento familiar ofertado nas unidades b\u00e1sicas de sa\u00fade (UBS). A primeira inser\u00e7\u00e3o foi realizada no Centro de Especialidades M\u00e9dicas (CEM) marcando o in\u00edcio do treinamento da equipe m\u00e9dica para continuidade do cuidado na UBS.<\/p>\n\n\n\n<p>Considerado um dos m\u00e9todos contraceptivos mais modernos e eficazes da atualidade, o&nbsp;implante subd\u00e9rmico&nbsp;oferece prote\u00e7\u00e3o cont\u00ednua e segura por at\u00e9 tr\u00eas anos, sem necessidade de interven\u00e7\u00f5es durante esse per\u00edodo. Segundo a m\u00e9dica coordenadora da linha de cuidado materno, da mulher e planejamento familiar, Ge\u00edza Lemos Hein Sant\u2019Anna, a incorpora\u00e7\u00e3o do Implanon \u00e0 rede p\u00fablica marca um novo momento para o SUS em Foz do Igua\u00e7u. \u201c\u00c9 um dia muito importante para o munic\u00edpio, que passa a contar gratuitamente com um dos melhores m\u00e9todos contraceptivos dispon\u00edveis, com alta efic\u00e1cia e seguran\u00e7a\u201d, destacou.<\/p>\n\n\n\n<p>A t\u00e9cnica de enfermagem Andressa Faria Rahyn Fitz, de 31 anos, foi a primeira paciente a passar pela coloca\u00e7\u00e3o do&nbsp;implante subd\u00e9rmico&nbsp;pelo SUS em Foz do Igua\u00e7u. \u201cMe senti feliz, lisonjeada por ter sido a primeira. O procedimento n\u00e3o foi doloroso, foi bem r\u00e1pido e super indico\u201d, disse.<\/p>\n\n\n\n<p><strong>Sobre o m\u00e9todo<\/strong><\/p>\n\n\n\n<p>O&nbsp; implante subd\u00e9rmico&nbsp; \u00e9 classificado como um m\u00e9todo contraceptivo revers\u00edvel de longa dura\u00e7\u00e3o (LARC). Ap\u00f3s a remo\u00e7\u00e3o, a fertilidade retorna rapidamente e, se houver interesse da paciente, um novo implante pode ser inserido imediatamente pelo pr\u00f3prio SUS. \u201c\u00c9 um m\u00e9todo muito seguro e excelente para prevenir a gravidez, mas n\u00e3o protege contra Infec\u00e7\u00f5es Sexualmente Transmiss\u00edveis. Por isso, o uso do preservativo continua sendo fundamental\u201d, acrescentou a m\u00e9dica Ge\u00edza.<\/p>\n\n\n\n<p>A oferta do implante ser\u00e1 ampliada gradualmente no munic\u00edpio e passar\u00e1 a ser disponibilizada diretamente nas unidades b\u00e1sicas de sa\u00fade. Para garantir a amplia\u00e7\u00e3o do acesso com seguran\u00e7a e qualidade em toda a Aten\u00e7\u00e3o Prim\u00e1ria, a Secretaria Municipal de Sa\u00fade (SMSA) realiza, a partir de fevereiro, nova capacita\u00e7\u00e3o dos m\u00e9dicos da rede municipal para a inser\u00e7\u00e3o do implante. Em mar\u00e7o, o processo de qualifica\u00e7\u00e3o ser\u00e1 estendido aos enfermeiros.<\/p>\n\n\n\n<p><strong>Como ter acesso ao implante pelo SUS em Foz do Igua\u00e7u<\/strong><\/p>\n\n\n\n<p>O&nbsp; implante subd\u00e9rmico \u00e9 indicado para mulheres de 15 a 49 anos, desde que atendam aos crit\u00e9rios cl\u00ednicos definidos pelo Sistema \u00danico de Sa\u00fade. Para ter acesso ao m\u00e9todo, \u00e9 necess\u00e1rio procurar a Unidade B\u00e1sica de Sa\u00fade (UBS) de refer\u00eancia e passar por uma consulta com m\u00e9dico ou enfermeiro.<\/p>\n\n\n\n<p>Durante a avalia\u00e7\u00e3o, o profissional de sa\u00fade analisa as condi\u00e7\u00f5es cl\u00ednicas da paciente, realiza a estratifica\u00e7\u00e3o de risco e orienta sobre o uso do m\u00e9todo. Apesar de estar dispon\u00edvel na rede p\u00fablica, o m\u00e9todo contraceptivo possui indica\u00e7\u00f5es espec\u00edficas e n\u00e3o \u00e9 adequado para todas as pacientes, o que torna a avalia\u00e7\u00e3o profissional indispens\u00e1vel para garantir seguran\u00e7a e efic\u00e1cia.<\/p>\n\n\n\n<p><strong>M\u00e9todos contraceptivos<\/strong><\/p>\n\n\n\n<p>Al\u00e9m do Implanon, o Sistema \u00danico de Sa\u00fade oferece uma ampla variedade de m\u00e9todos contraceptivos, que incluem op\u00e7\u00f5es hormonais, n\u00e3o hormonais e cir\u00fargicas. Est\u00e3o dispon\u00edveis preservativos masculino e feminino, m\u00e9todos orais e injet\u00e1veis, o DIU de cobre, al\u00e9m de procedimentos definitivos, como a laqueadura tub\u00e1ria bilateral e a vasectomia.<\/p>\n\n\n\n<p>Entre todos os m\u00e9todos ofertados pelo SUS, apenas o DIU de cobre e o Implanon s\u00e3o classificados como contraceptivos revers\u00edveis de longa dura\u00e7\u00e3o, considerados os mais eficazes no planejamento reprodutivo por n\u00e3o dependerem do uso cont\u00ednuo. Os preservativos seguem sendo os \u00fanicos m\u00e9todos que tamb\u00e9m oferecem prote\u00e7\u00e3o contra Infec\u00e7\u00f5es Sexualmente Transmiss\u00edveis (ISTs).<\/p>\n","protected":false},"excerpt":{"rendered":"<p>Munic\u00edpio recebeu mil unidades do Minist\u00e9rio da Sa\u00fade e inicia a inser\u00e7\u00e3o do Implanon na Aten\u00e7\u00e3o Prim\u00e1ria Foz do Igua\u00e7u iniciou nesta ter\u00e7a-feira (20) a inser\u00e7\u00e3o do implante subd\u00e9rmico contraceptivo liberador de etonogestrel, conhecido como Implanon, na rede p\u00fablica de sa\u00fade. Nesta primeira etapa, o munic\u00edpio recebeu mil unidades do m\u00e9todo, que passa a integrar [&hellip;]<\/p>\n","protected":false},"author":2,"featured_media":28003,"comment_status":"open","ping_status":"open","sticky":false,"template":"","format":"standard","meta":{"om_disable_all_campaigns":false,"_monsterinsights_skip_tracking":false,"_monsterinsights_sitenote_active":false,"_monsterinsights_sitenote_note":"","_monsterinsights_sitenote_category":0,"footnotes":""},"categories":[26,4,10],"tags":[],"class_list":["post-28002","post","type-post","status-publish","format-standard","has-post-thumbnail","hentry","category-brasil","category-cidade","category-saude"],"_links":{"self":[{"href":"https:\/\/acontecenafronteira.com.br\/index.php\/wp-json\/wp\/v2\/posts\/28002","targetHints":{"allow":["GET"]}}],"collection":[{"href":"https:\/\/acontecenafronteira.com.br\/index.php\/wp-json\/wp\/v2\/posts"}],"about":[{"href":"https:\/\/acontecenafronteira.com.br\/index.php\/wp-json\/wp\/v2\/types\/post"}],"author":[{"embeddable":true,"href":"https:\/\/acontecenafronteira.com.br\/index.php\/wp-json\/wp\/v2\/users\/2"}],"replies":[{"embeddable":true,"href":"https:\/\/acontecenafronteira.com.br\/index.php\/wp-json\/wp\/v2\/comments?post=28002"}],"version-history":[{"count":1,"href":"https:\/\/acontecenafronteira.com.br\/index.php\/wp-json\/wp\/v2\/posts\/28002\/revisions"}],"predecessor-version":[{"id":28004,"href":"https:\/\/acontecenafronteira.com.br\/index.php\/wp-json\/wp\/v2\/posts\/28002\/revisions\/28004"}],"wp:featuredmedia":[{"embeddable":true,"href":"https:\/\/acontecenafronteira.com.br\/index.php\/wp-json\/wp\/v2\/media\/28003"}],"wp:attachment":[{"href":"https:\/\/acontecenafronteira.com.br\/index.php\/wp-json\/wp\/v2\/media?parent=28002"}],"wp:term":[{"taxonomy":"category","embeddable":true,"href":"https:\/\/acontecenafronteira.com.br\/index.php\/wp-json\/wp\/v2\/categories?post=28002"},{"taxonomy":"post_tag","embeddable":true,"href":"https:\/\/acontecenafronteira.com.br\/index.php\/wp-json\/wp\/v2\/tags?post=28002"}],"curies":[{"name":"wp","href":"https:\/\/api.w.org\/{rel}","templated":true}]}}