{"id":27999,"date":"2026-01-21T13:54:57","date_gmt":"2026-01-21T16:54:57","guid":{"rendered":"https:\/\/acontecenafronteira.com.br\/?p=27999"},"modified":"2026-01-21T13:54:58","modified_gmt":"2026-01-21T16:54:58","slug":"transferencia-escolar-passa-a-ser-on-line-em-foz-do-iguacu","status":"publish","type":"post","link":"https:\/\/acontecenafronteira.com.br\/index.php\/2026\/01\/21\/transferencia-escolar-passa-a-ser-on-line-em-foz-do-iguacu\/","title":{"rendered":"Transfer\u00eancia escolar passa a ser on-line em Foz do Igua\u00e7u"},"content":{"rendered":"\n<p>Solicita\u00e7\u00e3o para alunos do 2\u00ba ao 5\u00ba ano da Rede Municipal pode ser feita pelo Foz na Palma da M\u00e3o, com mais agilidade e transpar\u00eancia<br><\/p>\n\n\n\n<p>A Prefeitura de Foz do Igua\u00e7u, por meio da Secretaria Municipal da Educa\u00e7\u00e3o, passou a oferecer a transfer\u00eancia escolar de forma totalmente on-line para alunos da Rede Municipal de Ensino. O servi\u00e7o permite a solicita\u00e7\u00e3o de inclus\u00e3o na lista de espera para estudantes do 2\u00ba ao 5\u00ba ano do Ensino Fundamental, garantindo mais agilidade, transpar\u00eancia e comodidade \u00e0s fam\u00edlias.<\/p>\n\n\n\n<p>A solicita\u00e7\u00e3o pode ser realizada em poucos minutos, de forma gratuita, pelo aplicativo Foz na Palma da M\u00e3o, dentro do Hub Digital Foz na Palma da M\u00e3o, dispon\u00edvel no site oficial da Prefeitura de Foz do Igua\u00e7u. Com a digitaliza\u00e7\u00e3o do processo, o munic\u00edpio elimina filas presenciais e organiza de maneira mais eficiente a demanda por vagas nas escolas.<\/p>\n\n\n\n<p>Segundo a secret\u00e1ria municipal da Educa\u00e7\u00e3o, Silvana Garcia, a mudan\u00e7a representa um avan\u00e7o significativo no atendimento \u00e0 popula\u00e7\u00e3o.\u201cA transfer\u00eancia escolar on-line facilita muito a vida dos pais e respons\u00e1veis. O processo se torna mais organizado, transparente e acess\u00edvel, garantindo que todas as solicita\u00e7\u00f5es sejam analisadas de forma justa, conforme a disponibilidade de vagas e os crit\u00e9rios legais da rede\u201d, destacou.<\/p>\n\n\n\n<p>O per\u00edodo para realizar a solicita\u00e7\u00e3o on-line ser\u00e1 nos dias 21 e 22 de janeiro. Pais ou respons\u00e1veis legais devem acessar a plataforma, preencher as informa\u00e7\u00f5es necess\u00e1rias e acompanhar o andamento do pedido de forma digital.<br>Para quem optar pelo atendimento presencial, as transfer\u00eancias nas escolas municipais ter\u00e3o in\u00edcio a partir do dia 26 de janeiro de 2026. Tamb\u00e9m haver\u00e1 atendimento no PoupaTempo Paran\u00e1, localizado no Shopping JL Cataratas, na Avenida Costa e Silva, n\u00ba 185, em Foz do Igua\u00e7u.<\/p>\n\n\n\n<p>De acordo com o secret\u00e1rio municipal de Tecnologia, Inova\u00e7\u00e3o e Moderniza\u00e7\u00e3o Digital, Luiz Teixeira, a iniciativa refor\u00e7a o compromisso da Prefeitura com a transforma\u00e7\u00e3o digital dos servi\u00e7os p\u00fablicos.\u201cO Foz na Palma da M\u00e3o foi criado para facilitar o acesso do cidad\u00e3o aos servi\u00e7os da Prefeitura. A transfer\u00eancia escolar on-line \u00e9 mais um exemplo de como a tecnologia pode eliminar filas, dar mais transpar\u00eancia aos processos e economizar tempo para as fam\u00edlias\u201d.<\/p>\n\n\n\n<p>A Secretaria Municipal da Educa\u00e7\u00e3o refor\u00e7a que a inscri\u00e7\u00e3o na lista de espera n\u00e3o garante vaga imediata, pois o atendimento depende da disponibilidade de vagas, dos crit\u00e9rios legais e da capacidade de cada unidade escolar. Caso n\u00e3o haja vaga na escola desejada, o estudante dever\u00e1 permanecer frequentando a unidade em que j\u00e1 est\u00e1 matriculado.<\/p>\n\n\n\n<p>A solicita\u00e7\u00e3o \u00e9 v\u00e1lida exclusivamente para alunos que j\u00e1 estejam matriculados na Rede Municipal de Ensino de Foz do Igua\u00e7u.<br>A iniciativa integra o processo de moderniza\u00e7\u00e3o dos servi\u00e7os p\u00fablicos do munic\u00edpio, com o objetivo de facilitar o acesso das fam\u00edlias, organizar o processo de transfer\u00eancias escolares e eliminar filas, por meio das ferramentas digitais do Foz na Palma da M\u00e3o.<br>Mais informa\u00e7\u00f5es podem ser obtidas diretamente nas escolas ou junto \u00e0 Secretaria Municipal da Educa\u00e7\u00e3o.<\/p>\n","protected":false},"excerpt":{"rendered":"<p>Solicita\u00e7\u00e3o para alunos do 2\u00ba ao 5\u00ba ano da Rede Municipal pode ser feita pelo Foz na Palma da M\u00e3o, com mais agilidade e transpar\u00eancia A Prefeitura de Foz do Igua\u00e7u, por meio da Secretaria Municipal da Educa\u00e7\u00e3o, passou a oferecer a transfer\u00eancia escolar de forma totalmente on-line para alunos da Rede Municipal de Ensino. [&hellip;]<\/p>\n","protected":false},"author":2,"featured_media":28000,"comment_status":"open","ping_status":"open","sticky":false,"template":"","format":"standard","meta":{"om_disable_all_campaigns":false,"_monsterinsights_skip_tracking":false,"_monsterinsights_sitenote_active":false,"_monsterinsights_sitenote_note":"","_monsterinsights_sitenote_category":0,"footnotes":""},"categories":[26,4,8],"tags":[],"class_list":["post-27999","post","type-post","status-publish","format-standard","has-post-thumbnail","hentry","category-brasil","category-cidade","category-educaca0"],"_links":{"self":[{"href":"https:\/\/acontecenafronteira.com.br\/index.php\/wp-json\/wp\/v2\/posts\/27999","targetHints":{"allow":["GET"]}}],"collection":[{"href":"https:\/\/acontecenafronteira.com.br\/index.php\/wp-json\/wp\/v2\/posts"}],"about":[{"href":"https:\/\/acontecenafronteira.com.br\/index.php\/wp-json\/wp\/v2\/types\/post"}],"author":[{"embeddable":true,"href":"https:\/\/acontecenafronteira.com.br\/index.php\/wp-json\/wp\/v2\/users\/2"}],"replies":[{"embeddable":true,"href":"https:\/\/acontecenafronteira.com.br\/index.php\/wp-json\/wp\/v2\/comments?post=27999"}],"version-history":[{"count":1,"href":"https:\/\/acontecenafronteira.com.br\/index.php\/wp-json\/wp\/v2\/posts\/27999\/revisions"}],"predecessor-version":[{"id":28001,"href":"https:\/\/acontecenafronteira.com.br\/index.php\/wp-json\/wp\/v2\/posts\/27999\/revisions\/28001"}],"wp:featuredmedia":[{"embeddable":true,"href":"https:\/\/acontecenafronteira.com.br\/index.php\/wp-json\/wp\/v2\/media\/28000"}],"wp:attachment":[{"href":"https:\/\/acontecenafronteira.com.br\/index.php\/wp-json\/wp\/v2\/media?parent=27999"}],"wp:term":[{"taxonomy":"category","embeddable":true,"href":"https:\/\/acontecenafronteira.com.br\/index.php\/wp-json\/wp\/v2\/categories?post=27999"},{"taxonomy":"post_tag","embeddable":true,"href":"https:\/\/acontecenafronteira.com.br\/index.php\/wp-json\/wp\/v2\/tags?post=27999"}],"curies":[{"name":"wp","href":"https:\/\/api.w.org\/{rel}","templated":true}]}}